{"id":683078,"date":"2025-09-04T20:27:08","date_gmt":"2025-09-05T02:27:08","guid":{"rendered":"https:\/\/www.diarioimagen.net\/?p=683078"},"modified":"2025-09-04T20:27:08","modified_gmt":"2025-09-05T02:27:08","slug":"de-60-a-6730-dolares-precios-de-los-boletos-para-el-mundial-2026","status":"publish","type":"post","link":"https:\/\/www.diarioimagen.net\/?p=683078","title":{"rendered":"De 60 a 6,730 d\u00f3lares, precios de los boletos para el Mundial 2026"},"content":{"rendered":"<ul>\n<li><strong>Preventa a 279 d\u00edas de la inauguraci\u00f3n<\/strong><\/li>\n<li><strong>Deben cumplirse varios requisitos para ser elegibles en la compra de entradas<\/strong><\/li>\n<\/ul>\n<div id=\"attachment_683079\" style=\"width: 470px\" class=\"wp-caption alignnone\"><img loading=\"lazy\" decoding=\"async\" aria-describedby=\"caption-attachment-683079\" class=\"wp-image-683079 size-large\" src=\"https:\/\/www.diarioimagen.net\/wp-content\/uploads\/2025\/09\/MUNDIAL-460x259.jpeg\" alt=\"\" width=\"460\" height=\"259\" srcset=\"https:\/\/www.diarioimagen.net\/wp-content\/uploads\/2025\/09\/MUNDIAL-460x259.jpeg 460w, https:\/\/www.diarioimagen.net\/wp-content\/uploads\/2025\/09\/MUNDIAL-240x135.jpeg 240w, https:\/\/www.diarioimagen.net\/wp-content\/uploads\/2025\/09\/MUNDIAL-768x432.jpeg 768w, https:\/\/www.diarioimagen.net\/wp-content\/uploads\/2025\/09\/MUNDIAL-480x270.jpeg 480w, https:\/\/www.diarioimagen.net\/wp-content\/uploads\/2025\/09\/MUNDIAL-235x132.jpeg 235w, https:\/\/www.diarioimagen.net\/wp-content\/uploads\/2025\/09\/MUNDIAL-202x114.jpeg 202w, https:\/\/www.diarioimagen.net\/wp-content\/uploads\/2025\/09\/MUNDIAL-350x196.jpeg 350w, https:\/\/www.diarioimagen.net\/wp-content\/uploads\/2025\/09\/MUNDIAL-220x123.jpeg 220w, https:\/\/www.diarioimagen.net\/wp-content\/uploads\/2025\/09\/MUNDIAL-237x132.jpeg 237w, https:\/\/www.diarioimagen.net\/wp-content\/uploads\/2025\/09\/MUNDIAL.jpeg 1200w\" sizes=\"auto, (max-width: 460px) 100vw, 460px\" \/><p id=\"caption-attachment-683079\" class=\"wp-caption-text\">Desde este 10 de septiembre se pondr\u00e1n a la venta los boletos para la Copa Mundial del 2026 que se disputar\u00e1 en M\u00e9xico, Estados Unidos y Canad\u00e1, a partir del pr\u00f3ximo 11 de junio.<\/p><\/div>\n<p>La Federaci\u00f3n Internacional de Futbol Asociaci\u00f3n (FIFA) anunci\u00f3 que desde este 10 de septiembre se pondr\u00e1n a la venta los boletos para la Copa Mundial del 2026 que se disputar\u00e1 en M\u00e9xico, Estados Unidos y Canad\u00e1, a partir del pr\u00f3ximo 11 de junio.<\/p>\n<p>Los precios ir\u00e1n de los 60 d\u00f3lares (1,122.36 pesos), esto en los partidos de fases de grupos, mientras que para la final los precios podr\u00e1n llegar hasta los 6,730 d\u00f3lares (125,891.39 pesos).<\/p>\n<p>&nbsp;<\/p>\n<p><strong>\u00bfC\u00f3mo ser\u00e1 la venta de boletos?<\/strong><\/p>\n<p><strong>\u00a0<\/strong><\/p>\n<p>En primera instancia, el primer sorteo que llevar\u00e1 a cabo la FIFA ser\u00e1 exclusivo para tarjetahabientes Visa, que deber\u00e1n crear un FIFA ID en FIFA.com\/boletos y ah\u00ed mismo registrar su inter\u00e9s. Una vez que hagan esto, recibir\u00e1n notificaciones sobre las fechas de venta de boletos y los detalles del proceso de compra.<\/p>\n<p>El periodo de tiempo para registrarse en el sorteo preferente de Visa ser\u00e1 desde las 9:00 horas del mi\u00e9rcoles 10 de septiembre hasta las 9:00 horas del viernes 19 de septiembre.<\/p>\n<p>Otro requisito indispensable para registrarse es ser mayor de 18 a\u00f1os. De acuerdo con FIFA, el tiempo en el que los aficionados hagan su registro para el sorteo no influye en las probabilidades de ser seleccionados.<\/p>\n<p>\u201cTras un proceso de selecci\u00f3n aleatorio, los ganadores recibir\u00e1n una notificaci\u00f3n por correo electr\u00f3nico a partir del 29 de septiembre. Se les asignar\u00e1 una fecha y hora para adquirir boletos (sujetos a disponibilidad). El periodo de asignaci\u00f3n de horarios dar\u00e1 inicio el 1 de octubre. El hecho de quedar seleccionado en el sorteo no garantiza la disponibilidad de boletos en el horario asignado. Una vez iniciada la venta, se ofrecer\u00e1n boletos para partidos individuales para los 104 encuentros, as\u00ed como boletos espec\u00edficos por sede y por equipo\u201d, anunci\u00f3 la FIFA.<\/p>\n<p>Este sorteo preferente para tarjetahabientes Visa ser\u00e1 la primera de, al menos, tres fases de venta de boletos. La siguiente fase comenzar\u00e1 en octubre.<\/p>\n<p>Del 27 al 31 de octubre, se llevar\u00e1 a cabo un sorteo anticipado de boletos, que tambi\u00e9n incluir\u00e1 un periodo de registro y un proceso de selecci\u00f3n aleatoria. Los ganadores de este sorteo recibir\u00e1n los resultados entre mediados de noviembre y principios de diciembre.<\/p>\n<p>La tercera fase de venta de entradas ser\u00e1 un sorteo por selecci\u00f3n aleatoria que iniciar\u00e1 despu\u00e9s del sorteo del Mundial, que ser\u00e1 el 5 de diciembre. En este momento se podr\u00e1n elegir partidos que ya se sabr\u00e1 cu\u00e1ndo y d\u00f3nde se llevar\u00e1n a cabo.<\/p>\n<p>Finalmente, en la etapa m\u00e1s cercana al torneo, se habilitar\u00e1 la venta de boletos restantes por orden de llegada.<\/p>\n<p>As\u00ed mismo, con el objetivo de evitar la reventa de boletos de forma ilegal e informal, la FIFA comunic\u00f3 que \u201cm\u00e1s adelante este a\u00f1o, la FIFA habilitar\u00e1 una plataforma de reventa oficial en FIFA.com\/boletos para que los titulares de boletos tengan una opci\u00f3n segura y confiable\u201d.<\/p>\n<p>Es importante destacar que estas primeras ventas son a ciegas, pues se realizan antes del sorteo de los juegos que se disputar\u00e1n por lo que no se sabr\u00e1 los equipos a los que vayan a ver jugar.<\/p>\n<p>&nbsp;<\/p>\n<p><strong>El 11 de junio de 2026 ser\u00e1 feriado en CDMX<\/strong><\/p>\n<p>&nbsp;<\/p>\n<p>Mientras tanto, en la Ciudad de M\u00e9xico, la jefa de Gobierno de la CDMX, Clara Brugada Molina , anunci\u00f3 que con el objetivo de que todos los capitalinos puedan gozar de la inauguraci\u00f3n del Mundial, el 11 de junio de 2026 ser\u00e1 declarado como d\u00eda feriado.<\/p>\n<p>La decisi\u00f3n de Brugada Molina busca garantizar que ning\u00fan ciudadano se vea impedido a presenciar el hist\u00f3rico momento en el cual nuestro pa\u00eds albergar\u00e1 su tercera justa mundialista, por sus respectivas obligaciones laborales.<\/p>\n<p>\u201cEl d\u00eda de la inauguraci\u00f3n del Mundial se va a declarar feriado, ese d\u00eda va a ser muy importante; vamos a tener garant\u00eda de que la poblaci\u00f3n pueda tener ese d\u00eda para disfrutar el Mundial\u201d, declar\u00f3 Brugada Molina.<\/p>\n<p>La sede de la emblem\u00e1tica inauguraci\u00f3n ser\u00e1 el Estadio Azteca, escenario que se convertir\u00e1 en el primero a nivel mundial en recibir tres ceremonias de este tipo.<\/p>\n<p>Adem\u00e1s, la Selecci\u00f3n Mexicana ser\u00e1 la que protagonice el primer duelo de la justa mundialista, algo que se prev\u00e9 tenga paralizada a toda la afici\u00f3n tanto a nivel local como a nivel nacional.<\/p>\n<p><strong>\u00a0<\/strong><\/p>\n<p><strong>Habr\u00e1 actividades futboleras en la CDMX<\/strong><\/p>\n<p>&nbsp;<\/p>\n<p>Como complemento de todas las actividades que tendr\u00e1 la capital del pa\u00eds durante la celebraci\u00f3n del torneo, la jefa de Gobierno recalc\u00f3 que se instalar\u00e1n festivales futboleros en cada una de las alcald\u00edas de la ciudad para que se transmitan los partidos del Mundial en pantallas gigantes.<\/p>\n<p>La estrategia busca descentralizar la fiebre del torneo del estadio Azteca para crear puntos en los cuales las familias y los fan\u00e1ticos puedan vivir la experiencia sin necesidad de trasladarse hasta el centro de la ciudad, lugar en el que se instalar\u00e1 el Fan Fest de la FIFA.<\/p>\n<p>&nbsp;<\/p>\n<p>&nbsp;<\/p>\n<p>&nbsp;<\/p>\n<p>&nbsp;<\/p>\n","protected":false},"excerpt":{"rendered":"<p>Preventa a 279 d\u00edas de la inauguraci\u00f3n Deben cumplirse varios requisitos para ser elegibles en la compra de entradas La Federaci\u00f3n Internacional de Futbol Asociaci\u00f3n (FIFA) anunci\u00f3 que desde este 10 de septiembre se pondr\u00e1n a la venta los boletos para la Copa Mundial del 2026 que se disputar\u00e1 en M\u00e9xico, Estados Unidos y Canad\u00e1, [&hellip;]<\/p>\n","protected":false},"author":14,"featured_media":683079,"comment_status":"open","ping_status":"open","sticky":false,"template":"","format":"standard","meta":{"_monsterinsights_skip_tracking":false,"_monsterinsights_sitenote_active":false,"_monsterinsights_sitenote_note":"","_monsterinsights_sitenote_category":0,"footnotes":""},"categories":[16,10],"tags":[],"class_list":["post-683078","post","type-post","status-publish","format-standard","has-post-thumbnail","hentry","category-destacadas","category-deportes"],"_links":{"self":[{"href":"https:\/\/www.diarioimagen.net\/index.php?rest_route=\/wp\/v2\/posts\/683078","targetHints":{"allow":["GET"]}}],"collection":[{"href":"https:\/\/www.diarioimagen.net\/index.php?rest_route=\/wp\/v2\/posts"}],"about":[{"href":"https:\/\/www.diarioimagen.net\/index.php?rest_route=\/wp\/v2\/types\/post"}],"author":[{"embeddable":true,"href":"https:\/\/www.diarioimagen.net\/index.php?rest_route=\/wp\/v2\/users\/14"}],"replies":[{"embeddable":true,"href":"https:\/\/www.diarioimagen.net\/index.php?rest_route=%2Fwp%2Fv2%2Fcomments&post=683078"}],"version-history":[{"count":1,"href":"https:\/\/www.diarioimagen.net\/index.php?rest_route=\/wp\/v2\/posts\/683078\/revisions"}],"predecessor-version":[{"id":683080,"href":"https:\/\/www.diarioimagen.net\/index.php?rest_route=\/wp\/v2\/posts\/683078\/revisions\/683080"}],"wp:featuredmedia":[{"embeddable":true,"href":"https:\/\/www.diarioimagen.net\/index.php?rest_route=\/wp\/v2\/media\/683079"}],"wp:attachment":[{"href":"https:\/\/www.diarioimagen.net\/index.php?rest_route=%2Fwp%2Fv2%2Fmedia&parent=683078"}],"wp:term":[{"taxonomy":"category","embeddable":true,"href":"https:\/\/www.diarioimagen.net\/index.php?rest_route=%2Fwp%2Fv2%2Fcategories&post=683078"},{"taxonomy":"post_tag","embeddable":true,"href":"https:\/\/www.diarioimagen.net\/index.php?rest_route=%2Fwp%2Fv2%2Ftags&post=683078"}],"curies":[{"name":"wp","href":"https:\/\/api.w.org\/{rel}","templated":true}]}}