{"id":683244,"date":"2025-09-07T19:44:59","date_gmt":"2025-09-08T01:44:59","guid":{"rendered":"https:\/\/www.diarioimagen.net\/?p=683244"},"modified":"2025-09-07T19:44:59","modified_gmt":"2025-09-08T01:44:59","slug":"queremos-que-se-vea-a-ecatepec-como-un-ejemplo-en-colecta-de-basura-azucena-cisneros","status":"publish","type":"post","link":"https:\/\/www.diarioimagen.net\/?p=683244","title":{"rendered":"Queremos que se vea a Ecatepec como un  ejemplo en colecta de basura: Azucena Cisneros"},"content":{"rendered":"<p>&nbsp;<\/p>\n<ul>\n<li><strong>R\u00e9cord de gente recolectando basura, simult\u00e1neamente<\/strong><\/li>\n<\/ul>\n<div id=\"attachment_683245\" style=\"width: 415px\" class=\"wp-caption alignnone\"><img loading=\"lazy\" decoding=\"async\" aria-describedby=\"caption-attachment-683245\" class=\"size-large wp-image-683245\" src=\"https:\/\/www.diarioimagen.net\/wp-content\/uploads\/2025\/09\/BAENA-1-ok-4-405x270.jpg\" alt=\"\" width=\"405\" height=\"270\" srcset=\"https:\/\/www.diarioimagen.net\/wp-content\/uploads\/2025\/09\/BAENA-1-ok-4-405x270.jpg 405w, https:\/\/www.diarioimagen.net\/wp-content\/uploads\/2025\/09\/BAENA-1-ok-4-240x160.jpg 240w, https:\/\/www.diarioimagen.net\/wp-content\/uploads\/2025\/09\/BAENA-1-ok-4-768x511.jpg 768w, https:\/\/www.diarioimagen.net\/wp-content\/uploads\/2025\/09\/BAENA-1-ok-4.jpg 1500w\" sizes=\"auto, (max-width: 405px) 100vw, 405px\" \/><p id=\"caption-attachment-683245\" class=\"wp-caption-text\">Cisneros Coss record\u00f3 que una de las prioridades de su gobierno es la recolecci\u00f3n de basura y hasta el momento suman m\u00e1s de 60 mil toneladas retiradas de espacios p\u00fablicos.<\/p><\/div>\n<p><strong>\u00a0<\/strong><\/p>\n<p>&nbsp;<\/p>\n<p>Ecatepec, M\u00e9x.- Queremos que el mundo vea a Ecatepec no s\u00f3lo como un municipio, el municipio m\u00e1s grande del Estado, sino como una comunidad que se organiza, que participa y que transforma su territorio, por lo que la alcaldesa Azucena Cisneros Coss invit\u00f3 a la poblaci\u00f3n a participar en el evento para romper el R\u00e9cord Guinness de m\u00e1s personas recogiendo basura simult\u00e1neamente.<\/p>\n<p>Con la participaci\u00f3n del gobierno y la ciudadan\u00eda en este ejercicio, lo que se busc\u00f3 es demostrar que la sociedad organizada puede alcanzar metas de beneficio com\u00fan.<\/p>\n<p>\u201cLo que estamos detonando en cada una de las comunidades es una participaci\u00f3n, es una fuerza vital muy importante\u201d, afirm\u00f3.<\/p>\n<p>Ese d\u00eda se habilitaron 73 puntos de recolecci\u00f3n masiva en zonas estrat\u00e9gicas del territorio municipal y hubo una participaci\u00f3n de m\u00e1s de 150 mil personas, suficiente para establecer el citado R\u00e9cord Guinness.<\/p>\n<p>Cisneros Coss record\u00f3 que una de las prioridades de su gobierno es la recolecci\u00f3n de basura y hasta el momento suman m\u00e1s de 60 mil toneladas retiradas de espacios p\u00fablicos, entre ellas siete mil toneladas de cauces, barrancas y areneros.<\/p>\n<p>\u201cEl R\u00e9cord Guinness es un tema que se convierte en una necesidad b\u00e1sica, no solamente para Ecatepec sino para todo el Valle de M\u00e9xico, para toda la zona metropolitana, para toda la Ciudad. La basura est\u00e1 costando vidas, patrimonio y calidad de vida\u201d, expres\u00f3.<\/p>\n<p><strong>\u00a0<\/strong><\/p>\n<p>&nbsp;<\/p>\n<p><strong>\u00a0<\/strong><\/p>\n","protected":false},"excerpt":{"rendered":"<p>&nbsp; R\u00e9cord de gente recolectando basura, simult\u00e1neamente \u00a0 &nbsp; Ecatepec, M\u00e9x.- Queremos que el mundo vea a Ecatepec no s\u00f3lo como un municipio, el municipio m\u00e1s grande del Estado, sino como una comunidad que se organiza, que participa y que transforma su territorio, por lo que la alcaldesa Azucena Cisneros Coss invit\u00f3 a la poblaci\u00f3n [&hellip;]<\/p>\n","protected":false},"author":14,"featured_media":683245,"comment_status":"open","ping_status":"open","sticky":false,"template":"","format":"standard","meta":{"_monsterinsights_skip_tracking":false,"_monsterinsights_sitenote_active":false,"_monsterinsights_sitenote_note":"","_monsterinsights_sitenote_category":0,"footnotes":""},"categories":[5],"tags":[],"class_list":["post-683244","post","type-post","status-publish","format-standard","has-post-thumbnail","hentry","category-estado-de-mexico"],"_links":{"self":[{"href":"https:\/\/www.diarioimagen.net\/index.php?rest_route=\/wp\/v2\/posts\/683244","targetHints":{"allow":["GET"]}}],"collection":[{"href":"https:\/\/www.diarioimagen.net\/index.php?rest_route=\/wp\/v2\/posts"}],"about":[{"href":"https:\/\/www.diarioimagen.net\/index.php?rest_route=\/wp\/v2\/types\/post"}],"author":[{"embeddable":true,"href":"https:\/\/www.diarioimagen.net\/index.php?rest_route=\/wp\/v2\/users\/14"}],"replies":[{"embeddable":true,"href":"https:\/\/www.diarioimagen.net\/index.php?rest_route=%2Fwp%2Fv2%2Fcomments&post=683244"}],"version-history":[{"count":1,"href":"https:\/\/www.diarioimagen.net\/index.php?rest_route=\/wp\/v2\/posts\/683244\/revisions"}],"predecessor-version":[{"id":683246,"href":"https:\/\/www.diarioimagen.net\/index.php?rest_route=\/wp\/v2\/posts\/683244\/revisions\/683246"}],"wp:featuredmedia":[{"embeddable":true,"href":"https:\/\/www.diarioimagen.net\/index.php?rest_route=\/wp\/v2\/media\/683245"}],"wp:attachment":[{"href":"https:\/\/www.diarioimagen.net\/index.php?rest_route=%2Fwp%2Fv2%2Fmedia&parent=683244"}],"wp:term":[{"taxonomy":"category","embeddable":true,"href":"https:\/\/www.diarioimagen.net\/index.php?rest_route=%2Fwp%2Fv2%2Fcategories&post=683244"},{"taxonomy":"post_tag","embeddable":true,"href":"https:\/\/www.diarioimagen.net\/index.php?rest_route=%2Fwp%2Fv2%2Ftags&post=683244"}],"curies":[{"name":"wp","href":"https:\/\/api.w.org\/{rel}","templated":true}]}}