{"id":683247,"date":"2025-09-07T19:47:18","date_gmt":"2025-09-08T01:47:18","guid":{"rendered":"https:\/\/www.diarioimagen.net\/?p=683247"},"modified":"2025-09-07T19:47:18","modified_gmt":"2025-09-08T01:47:18","slug":"inician-los-trabajos-para-el-saneamiento-del-rio-hondo","status":"publish","type":"post","link":"https:\/\/www.diarioimagen.net\/?p=683247","title":{"rendered":"Inician los trabajos para el  saneamiento del R\u00edo Hondo"},"content":{"rendered":"<ul>\n<li><strong>Participaci\u00f3n en Foro Internacional de Aqua Tech<\/strong><\/li>\n<\/ul>\n<p><img loading=\"lazy\" decoding=\"async\" class=\"alignnone wp-image-683248 size-large\" src=\"https:\/\/www.diarioimagen.net\/wp-content\/uploads\/2025\/09\/BAENA-2-ok-4-321x270.jpg\" alt=\"\" width=\"321\" height=\"270\" srcset=\"https:\/\/www.diarioimagen.net\/wp-content\/uploads\/2025\/09\/BAENA-2-ok-4-321x270.jpg 321w, https:\/\/www.diarioimagen.net\/wp-content\/uploads\/2025\/09\/BAENA-2-ok-4-240x202.jpg 240w, https:\/\/www.diarioimagen.net\/wp-content\/uploads\/2025\/09\/BAENA-2-ok-4-768x647.jpg 768w, https:\/\/www.diarioimagen.net\/wp-content\/uploads\/2025\/09\/BAENA-2-ok-4.jpg 1500w\" sizes=\"auto, (max-width: 321px) 100vw, 321px\" \/><\/p>\n<p><strong>\u00a0<\/strong><\/p>\n<p>&nbsp;<\/p>\n<p>&nbsp;<\/p>\n<p>Naucalpan, M\u00e9x.-\u00a0 El Gobierno de Naucalpan a trav\u00e9s del Organismo P\u00fablico Descentralizado para la Prestaci\u00f3n de los Servicios de Agua Potable, Alcantarillado y Saneamiento (OAPAS), particip\u00f3 en el evento internacional convocado por Aqua Tech, en el panel \u00abProyectos y Expectativas del Sector H\u00eddrico de los Pa\u00edses Bajos en M\u00e9xico\u00bb, con el tema Saneamiento del R\u00edo Hondo.<\/p>\n<p>&nbsp;<\/p>\n<p>El pasado mes de febrero, el gobierno de Naucalpan, encabezado por el alcalde Isaac Montoya M\u00e1rquez, y la Embajada de Pa\u00edses Bajos firmaron una carta intenci\u00f3n para el Saneamiento del R\u00edo Hondo e impulsar la justicia h\u00eddrica en el municipio. Posteriormente, en julio del 2025, se llegaron a acuerdos para iniciar las investigaciones necesarias para rescatar este cauce que atraviesa Naucalpan.<\/p>\n<p>&nbsp;<\/p>\n<p>Gracias a los trabajos realizados por el gobierno de Naucalpan, se llev\u00f3 a cabo la Firma del Memor\u00e1ndum de Entendimiento con los Pa\u00edses Bajos, para que empresas internacionales den a conocer la tecnolog\u00eda de punta con la que se cuenta en la actualidad.<\/p>\n<p>&nbsp;<\/p>\n<p>Este evento se llev\u00f3 a cabo en el Centro Banamex de la Ciudad de M\u00e9xico, donde Aquatech M\u00e9xico reuni\u00f3 a m\u00e1s de 200 empresas expositoras y 10,000 especialistas de sectores p\u00fablico y privado, instituciones acad\u00e9micas, organismos internacionales y organizaciones ciudadanas, en una plataforma de alto impacto para impulsar la transformaci\u00f3n del sistema h\u00eddrico mexicano.<\/p>\n<p><strong>\u00a0<\/strong><strong>\u00a0<\/strong><\/p>\n<p>&nbsp;<\/p>\n","protected":false},"excerpt":{"rendered":"<p>Participaci\u00f3n en Foro Internacional de Aqua Tech \u00a0 &nbsp; &nbsp; Naucalpan, M\u00e9x.-\u00a0 El Gobierno de Naucalpan a trav\u00e9s del Organismo P\u00fablico Descentralizado para la Prestaci\u00f3n de los Servicios de Agua Potable, Alcantarillado y Saneamiento (OAPAS), particip\u00f3 en el evento internacional convocado por Aqua Tech, en el panel \u00abProyectos y Expectativas del Sector H\u00eddrico de los [&hellip;]<\/p>\n","protected":false},"author":14,"featured_media":683248,"comment_status":"open","ping_status":"open","sticky":false,"template":"","format":"standard","meta":{"_monsterinsights_skip_tracking":false,"_monsterinsights_sitenote_active":false,"_monsterinsights_sitenote_note":"","_monsterinsights_sitenote_category":0,"footnotes":""},"categories":[5],"tags":[],"class_list":["post-683247","post","type-post","status-publish","format-standard","has-post-thumbnail","hentry","category-estado-de-mexico"],"_links":{"self":[{"href":"https:\/\/www.diarioimagen.net\/index.php?rest_route=\/wp\/v2\/posts\/683247","targetHints":{"allow":["GET"]}}],"collection":[{"href":"https:\/\/www.diarioimagen.net\/index.php?rest_route=\/wp\/v2\/posts"}],"about":[{"href":"https:\/\/www.diarioimagen.net\/index.php?rest_route=\/wp\/v2\/types\/post"}],"author":[{"embeddable":true,"href":"https:\/\/www.diarioimagen.net\/index.php?rest_route=\/wp\/v2\/users\/14"}],"replies":[{"embeddable":true,"href":"https:\/\/www.diarioimagen.net\/index.php?rest_route=%2Fwp%2Fv2%2Fcomments&post=683247"}],"version-history":[{"count":1,"href":"https:\/\/www.diarioimagen.net\/index.php?rest_route=\/wp\/v2\/posts\/683247\/revisions"}],"predecessor-version":[{"id":683249,"href":"https:\/\/www.diarioimagen.net\/index.php?rest_route=\/wp\/v2\/posts\/683247\/revisions\/683249"}],"wp:featuredmedia":[{"embeddable":true,"href":"https:\/\/www.diarioimagen.net\/index.php?rest_route=\/wp\/v2\/media\/683248"}],"wp:attachment":[{"href":"https:\/\/www.diarioimagen.net\/index.php?rest_route=%2Fwp%2Fv2%2Fmedia&parent=683247"}],"wp:term":[{"taxonomy":"category","embeddable":true,"href":"https:\/\/www.diarioimagen.net\/index.php?rest_route=%2Fwp%2Fv2%2Fcategories&post=683247"},{"taxonomy":"post_tag","embeddable":true,"href":"https:\/\/www.diarioimagen.net\/index.php?rest_route=%2Fwp%2Fv2%2Ftags&post=683247"}],"curies":[{"name":"wp","href":"https:\/\/api.w.org\/{rel}","templated":true}]}}