{"id":683502,"date":"2025-09-08T20:55:50","date_gmt":"2025-09-09T02:55:50","guid":{"rendered":"https:\/\/www.diarioimagen.net\/?p=683502"},"modified":"2025-09-08T20:55:50","modified_gmt":"2025-09-09T02:55:50","slug":"atletas-uaemex-se-alistan-para-segunda-fase-de-campeonatos-nacionales-universitarios-anuies-2025","status":"publish","type":"post","link":"https:\/\/www.diarioimagen.net\/?p=683502","title":{"rendered":"Atletas UAEM\u00e9x se alistan para segunda fase de Campeonatos Nacionales Universitarios ANUIES 2025"},"content":{"rendered":"<p>&nbsp;<\/p>\n<div id=\"attachment_683503\" style=\"width: 470px\" class=\"wp-caption alignnone\"><img loading=\"lazy\" decoding=\"async\" aria-describedby=\"caption-attachment-683503\" class=\"wp-image-683503 size-large\" src=\"https:\/\/www.diarioimagen.net\/wp-content\/uploads\/2025\/09\/UAEM-RECTORA-460x267.jpg\" alt=\"\" width=\"460\" height=\"267\" srcset=\"https:\/\/www.diarioimagen.net\/wp-content\/uploads\/2025\/09\/UAEM-RECTORA-460x267.jpg 460w, https:\/\/www.diarioimagen.net\/wp-content\/uploads\/2025\/09\/UAEM-RECTORA-240x139.jpg 240w, https:\/\/www.diarioimagen.net\/wp-content\/uploads\/2025\/09\/UAEM-RECTORA-768x446.jpg 768w, https:\/\/www.diarioimagen.net\/wp-content\/uploads\/2025\/09\/UAEM-RECTORA-1536x892.jpg 1536w, https:\/\/www.diarioimagen.net\/wp-content\/uploads\/2025\/09\/UAEM-RECTORA-2048x1189.jpg 2048w\" sizes=\"auto, (max-width: 460px) 100vw, 460px\" \/><p id=\"caption-attachment-683503\" class=\"wp-caption-text\">Los integrantes de la delegaci\u00f3n de la UAEM\u00e9x competir\u00e1n en un total de 10 disciplinas: b\u00e1dminton, esgrima, kick boxing, p\u00e1del, ajedrez, porras y animaci\u00f3n, gimnasia aer\u00f3bica, front\u00f3n, e-sports y nataci\u00f3n.<\/p><\/div>\n<p>&nbsp;<\/p>\n<p>Toluca, M\u00e9x.\u2013 Atletas de la Universidad Aut\u00f3noma del Estado de M\u00e9xico (UAEM\u00e9x) se preparan para la segunda etapa de los Campeonatos Nacionales Universitarios ANUIES -Asociaci\u00f3n Nacional de Universidades e Instituciones de Educaci\u00f3n Superior- 2025, que se realizar\u00e1n del 26 de septiembre al 31 de octubre de este a\u00f1o.<\/p>\n<p>Los integrantes de la delegaci\u00f3n de la Aut\u00f3noma mexiquense competir\u00e1n en un total de 10 disciplinas: b\u00e1dminton, esgrima, kick boxing, p\u00e1del, ajedrez, porras y animaci\u00f3n, gimnasia aer\u00f3bica, front\u00f3n, e-sports y nataci\u00f3n.<\/p>\n<p>Las sedes del certamen ser\u00e1n la Universidad Aut\u00f3noma de Nuevo Le\u00f3n, la Universidad Nacional Aut\u00f3noma de M\u00e9xico, el Instituto Tecnol\u00f3gico de Monterrey y la Universidad de Guadalajara. En el caso del front\u00f3n, la organizaci\u00f3n se compartir\u00e1 entre la UAEM\u00e9x y la UNAM.<\/p>\n<p>En la primera fase de este torneo, el contingente auriverde obtuvo un total de 39 medallas: 9 de oro, 10 de plata y 20 de bronce, producto de la participaci\u00f3n en ocho disciplinas.<\/p>\n<p>La primera fase de los Campeonatos Nacionales Universitarios ANUIES 2025 reuni\u00f3 a 395 deportistas en un total de 21 deportes.<\/p>\n<p>En la actualidad, el equipo multidisciplinario universitario trabaja en la preparaci\u00f3n y seguimiento de los atletas, con el prop\u00f3sito de llegar en \u00f3ptimas condiciones a la segunda etapa de este evento deportivo universitario.<\/p>\n<p>&nbsp;<\/p>\n<p>&nbsp;<\/p>\n<p>&nbsp;<\/p>\n<p>&nbsp;<\/p>\n<p>&nbsp;<\/p>\n<p>&nbsp;<\/p>\n<p>&nbsp;<\/p>\n<p>&nbsp;<\/p>\n","protected":false},"excerpt":{"rendered":"<p>&nbsp; &nbsp; Toluca, M\u00e9x.\u2013 Atletas de la Universidad Aut\u00f3noma del Estado de M\u00e9xico (UAEM\u00e9x) se preparan para la segunda etapa de los Campeonatos Nacionales Universitarios ANUIES -Asociaci\u00f3n Nacional de Universidades e Instituciones de Educaci\u00f3n Superior- 2025, que se realizar\u00e1n del 26 de septiembre al 31 de octubre de este a\u00f1o. Los integrantes de la delegaci\u00f3n [&hellip;]<\/p>\n","protected":false},"author":14,"featured_media":683503,"comment_status":"open","ping_status":"open","sticky":false,"template":"","format":"standard","meta":{"_monsterinsights_skip_tracking":false,"_monsterinsights_sitenote_active":false,"_monsterinsights_sitenote_note":"","_monsterinsights_sitenote_category":0,"footnotes":""},"categories":[16,5],"tags":[],"class_list":["post-683502","post","type-post","status-publish","format-standard","has-post-thumbnail","hentry","category-destacadas","category-estado-de-mexico"],"_links":{"self":[{"href":"https:\/\/www.diarioimagen.net\/index.php?rest_route=\/wp\/v2\/posts\/683502","targetHints":{"allow":["GET"]}}],"collection":[{"href":"https:\/\/www.diarioimagen.net\/index.php?rest_route=\/wp\/v2\/posts"}],"about":[{"href":"https:\/\/www.diarioimagen.net\/index.php?rest_route=\/wp\/v2\/types\/post"}],"author":[{"embeddable":true,"href":"https:\/\/www.diarioimagen.net\/index.php?rest_route=\/wp\/v2\/users\/14"}],"replies":[{"embeddable":true,"href":"https:\/\/www.diarioimagen.net\/index.php?rest_route=%2Fwp%2Fv2%2Fcomments&post=683502"}],"version-history":[{"count":1,"href":"https:\/\/www.diarioimagen.net\/index.php?rest_route=\/wp\/v2\/posts\/683502\/revisions"}],"predecessor-version":[{"id":683504,"href":"https:\/\/www.diarioimagen.net\/index.php?rest_route=\/wp\/v2\/posts\/683502\/revisions\/683504"}],"wp:featuredmedia":[{"embeddable":true,"href":"https:\/\/www.diarioimagen.net\/index.php?rest_route=\/wp\/v2\/media\/683503"}],"wp:attachment":[{"href":"https:\/\/www.diarioimagen.net\/index.php?rest_route=%2Fwp%2Fv2%2Fmedia&parent=683502"}],"wp:term":[{"taxonomy":"category","embeddable":true,"href":"https:\/\/www.diarioimagen.net\/index.php?rest_route=%2Fwp%2Fv2%2Fcategories&post=683502"},{"taxonomy":"post_tag","embeddable":true,"href":"https:\/\/www.diarioimagen.net\/index.php?rest_route=%2Fwp%2Fv2%2Ftags&post=683502"}],"curies":[{"name":"wp","href":"https:\/\/api.w.org\/{rel}","templated":true}]}}