{"id":683906,"date":"2025-09-10T22:21:53","date_gmt":"2025-09-11T04:21:53","guid":{"rendered":"https:\/\/www.diarioimagen.net\/?p=683906"},"modified":"2025-09-10T22:21:53","modified_gmt":"2025-09-11T04:21:53","slug":"rechazo-general-al-aumento-del-impuesto-a-refrescos","status":"publish","type":"post","link":"https:\/\/www.diarioimagen.net\/?p=683906","title":{"rendered":"\u00a0  Rechazo general al aumento del impuesto a refrescos"},"content":{"rendered":"<ul>\n<li><strong>Pasar\u00e1 de 1.64 a 3.08 pesos por litro<\/strong><\/li>\n<li><strong>Un 60% de usuarios de redes sociales en el pa\u00eds lo considera un golpe al bolsillo, mientras 29% lo respalda como medida contra la obesidad<\/strong><\/li>\n<\/ul>\n<div id=\"attachment_683907\" style=\"width: 371px\" class=\"wp-caption alignnone\"><img loading=\"lazy\" decoding=\"async\" aria-describedby=\"caption-attachment-683907\" class=\"wp-image-683907 size-large\" src=\"https:\/\/www.diarioimagen.net\/wp-content\/uploads\/2025\/09\/OREJA-REFRESCOS-01-361x270.jpg\" alt=\"\" width=\"361\" height=\"270\" srcset=\"https:\/\/www.diarioimagen.net\/wp-content\/uploads\/2025\/09\/OREJA-REFRESCOS-01-361x270.jpg 361w, https:\/\/www.diarioimagen.net\/wp-content\/uploads\/2025\/09\/OREJA-REFRESCOS-01-240x179.jpg 240w, https:\/\/www.diarioimagen.net\/wp-content\/uploads\/2025\/09\/OREJA-REFRESCOS-01-768x574.jpg 768w, https:\/\/www.diarioimagen.net\/wp-content\/uploads\/2025\/09\/OREJA-REFRESCOS-01-1536x1147.jpg 1536w, https:\/\/www.diarioimagen.net\/wp-content\/uploads\/2025\/09\/OREJA-REFRESCOS-01-2048x1530.jpg 2048w\" sizes=\"auto, (max-width: 361px) 100vw, 361px\" \/><p id=\"caption-attachment-683907\" class=\"wp-caption-text\">Un 60% de los usuarios de redes sociales en M\u00e9xico rechaza el aumento del Impuesto Especial\u00a0 para refrescos y bebidas azucaradas,, pues elevar\u00eda el gravamen de 1.64 a 3.08 pesos por litro.<\/p><\/div>\n<p>De acuerdo a un reciente an\u00e1lisis de conversaciones p\u00fablicas en redes sociales, un 60% de los usuarios en M\u00e9xico rechaza el aumento del Impuesto Especial sobre Producci\u00f3n y Servicios (IEPS) para refrescos y bebidas azucaradas, incluido en el Paquete Econ\u00f3mico 2026, pues elevar\u00eda el gravamen de 1.64 a 3.08 pesos por litro.<\/p>\n<p>La investigaci\u00f3n, realizada por la firma Dinamic, se basa en un an\u00e1lisis de 5,945 discusiones en plataformas como Facebook, X, TikTok, YouTube e Instagram, y muestra c\u00f3mo la percepci\u00f3n digital gira en torno a la idea de que esta medida es regresiva y que impactar\u00e1 negativamente en la econom\u00eda familiar.<\/p>\n<p>Tras el anuncio oficial del incremento, m\u00e1s de 22.8 millones de usuarios fueron expuestos a estos temas. Un 59.6% de los comentarios reflej\u00f3 un rechazo a la medida, mientras que un 28.7% la apoy\u00f3, vi\u00e9ndola como una estrategia para reducir el consumo de bebidas azucaradas y hacer frente a problemas de obesidad y diabetes. Un 11.7% adopt\u00f3 una postura neutral.<\/p>\n<p>Las cr\u00edticas se han centrado en el impacto que tendr\u00eda el aumento en el consumo cotidiano, especialmente en hogares de bajos ingresos. Para un 18.7% de los encuestados, este aumento representa un \u201cgolpe directo al bolsillo\u201d. Muchos opinan que el impuesto es una \u201cmedida recaudatoria disfrazada de pol\u00edtica de salud p\u00fablica\u201d (9.4%), lo que genera desconfianza sobre el uso de esos recursos.<\/p>\n<p>Por otro lado, quienes apoyan el aumento subrayan la necesidad apremiante de abordar los altos niveles de obesidad y diabetes en el pa\u00eds (13.5%). Aunque reconocen que el incremento del IEPS podr\u00eda contribuir a reducir el consumo, tambi\u00e9n apuntan que este esfuerzo debe complementarse con estrategias educativas y preventivas.<\/p>\n<p>El an\u00e1lisis tambi\u00e9n revel\u00f3 cr\u00edticas hacia las compa\u00f1\u00edas refresqueras, particularmente Coca-Cola, a las que se responsabiliza por fomentar una fuerte dependencia social al consumo de bebidas azucaradas.<\/p>\n<p>&nbsp;<\/p>\n<p>&nbsp;<\/p>\n<p><strong>Medida insuficiente para reducir su consumo<\/strong><\/p>\n<p><strong>\u00a0<\/strong><\/p>\n<p>A decir de especialistas, el incremento propuesto del 87.3\u202f% en el Impuesto Especial sobre Producci\u00f3n y Servicios (IEPS) a bebidas azucarada es una medida que por s\u00ed sola es insuficiente para reducir su consumo y a la que se ha recurrido por a\u00f1os sin resultados claros.<\/p>\n<p>\u201cEs una medida a la que se ha recurrido en los \u00faltimos a\u00f1os, pero que hasta el d\u00eda de hoy no ha funcionado y se plantea todav\u00eda complicado que funcionen si no va acompa\u00f1ada con programas de salud que deber\u00eda de implementar el gobierno federal\u201d, opin\u00f3 Jacobo Rodr\u00edguez, especialista en temas financieros en Roga Capital.<\/p>\n<p>Se\u00f1al\u00f3 que la prevalencia de enfermedades ligadas a su consumo no se ha reducido. Adem\u00e1s, las ganancias de las empresas tampoco han disminuido, en parte, por los h\u00e1bitos de consumo de los mexicanos y por las estrategias que han adoptado las compa\u00f1\u00edas refresqueras.<\/p>\n<p>La Secretar\u00eda de Salud inform\u00f3 que actualmente, uno de cada tres nuevos casos de diabetes mellitus y uno de cada siete nuevos casos de enfermedades cardiovasculares en M\u00e9xico est\u00e1 relacionado con el consumo de bebidas azucaradas.<\/p>\n<p>Mientras que el 88% de la poblaci\u00f3n en M\u00e9xico considera que el consumo de refrescos es da\u00f1ino para la salud, aunque el 50% de los encuestados los siguen consumiendo por gusto.<\/p>\n<p>\u201cEntonces, no impactar\u00eda en el consumo, nada m\u00e1s por el concepto de aumento de impuestos\u201d, anot\u00f3 Jacobo Rodr\u00edguez.<\/p>\n<p>&nbsp;<\/p>\n<p>&nbsp;<\/p>\n<p><strong>Demanda entre los consumidores <\/strong><\/p>\n<p>&nbsp;<\/p>\n<p>Por su parte, Janneth Quiroz, directora de An\u00e1lisis Econ\u00f3mico en Monex Casa de Bolsa, explic\u00f3 que el impacto del impuesto depender\u00e1, en gran medida, de qu\u00e9 tan inel\u00e1stica sea la demanda entre los consumidores &#8211; qu\u00e9 tan dispuestos est\u00e1n a seguir comprando las bebidas a pesar del aumento de precio-.<\/p>\n<p>Record\u00f3 que en 2025 el incremento fue de solo siete centavos por litro, al pasar de 1.57 a 1.64 pesos, por lo que su efecto en el consumo fue pr\u00e1cticamente nulo.<\/p>\n<p>En contraste, el ajuste anunciado para el 2026 es mucho mayor, al establecerse una cuota de 3.0818 pesos por litro, lo que podr\u00eda generar un cambio m\u00e1s significativo en el comportamiento del consumidor.<\/p>\n<p>\u201cEste aumento es significativo, estamos hablando de un incremento del 87.3%, lo cual no es poca cosa. Es posible que ante un incremento tan importante tambi\u00e9n veamos un impacto significativo para alcanzar los objetivos que se tienen al imponer este tipo de impuesto\u201d, explic\u00f3 Janneth Quiroz.<\/p>\n<p>Por lo que, en alg\u00fan momento, prosigui\u00f3, los productores terminar\u00e1n trasladando el incremento del impuesto a los consumidores, reflej\u00e1ndose en alzas en el precio de las bebidas azucaradas.<\/p>\n<p>Jacobo Rodr\u00edguez a\u00f1adi\u00f3 que, para mantener su rentabilidad, las refresqueras cambian la presentaci\u00f3n de sus bebidas por m\u00e1s peque\u00f1as, esto de alguna manera provoca que el consumidor siga consumi\u00e9ndolas.<\/p>\n<p>La medida tiene un doble mandato, resalt\u00f3 Janneth Quiroz. Por una parte, busca desincentivar el consumo de bebidas azucaradas al encarecer su precio; y por otro, aumentar la recaudaci\u00f3n para destinar m\u00e1s recursos al gasto en salud, ante las enfermedades derivadas por el alto consumo.<\/p>\n<p>En M\u00e9xico, cada persona consume en promedio 166 litros de refresco al a\u00f1o. Y una botella de 600 mililitros puede contener hasta 15 cucharadas de az\u00facar y, si se toma a diario, esa cantidad se acumula en el organismo, provocando enfermedades renales, cardiovasculares, diabetes, entre otras, seg\u00fan datos de la Secretar\u00eda de Salud.<\/p>\n<p>&nbsp;<\/p>\n<p>&nbsp;<\/p>\n<p><strong>\u00a0<\/strong><\/p>\n<p><strong>\u00a0<\/strong><\/p>\n","protected":false},"excerpt":{"rendered":"<p>Pasar\u00e1 de 1.64 a 3.08 pesos por litro Un 60% de usuarios de redes sociales en el pa\u00eds lo considera un golpe al bolsillo, mientras 29% lo respalda como medida contra la obesidad De acuerdo a un reciente an\u00e1lisis de conversaciones p\u00fablicas en redes sociales, un 60% de los usuarios en M\u00e9xico rechaza el aumento [&hellip;]<\/p>\n","protected":false},"author":14,"featured_media":683907,"comment_status":"open","ping_status":"open","sticky":false,"template":"","format":"standard","meta":{"_monsterinsights_skip_tracking":false,"_monsterinsights_sitenote_active":false,"_monsterinsights_sitenote_note":"","_monsterinsights_sitenote_category":0,"footnotes":""},"categories":[16,8],"tags":[],"class_list":["post-683906","post","type-post","status-publish","format-standard","has-post-thumbnail","hentry","category-destacadas","category-finanzas"],"_links":{"self":[{"href":"https:\/\/www.diarioimagen.net\/index.php?rest_route=\/wp\/v2\/posts\/683906","targetHints":{"allow":["GET"]}}],"collection":[{"href":"https:\/\/www.diarioimagen.net\/index.php?rest_route=\/wp\/v2\/posts"}],"about":[{"href":"https:\/\/www.diarioimagen.net\/index.php?rest_route=\/wp\/v2\/types\/post"}],"author":[{"embeddable":true,"href":"https:\/\/www.diarioimagen.net\/index.php?rest_route=\/wp\/v2\/users\/14"}],"replies":[{"embeddable":true,"href":"https:\/\/www.diarioimagen.net\/index.php?rest_route=%2Fwp%2Fv2%2Fcomments&post=683906"}],"version-history":[{"count":1,"href":"https:\/\/www.diarioimagen.net\/index.php?rest_route=\/wp\/v2\/posts\/683906\/revisions"}],"predecessor-version":[{"id":683908,"href":"https:\/\/www.diarioimagen.net\/index.php?rest_route=\/wp\/v2\/posts\/683906\/revisions\/683908"}],"wp:featuredmedia":[{"embeddable":true,"href":"https:\/\/www.diarioimagen.net\/index.php?rest_route=\/wp\/v2\/media\/683907"}],"wp:attachment":[{"href":"https:\/\/www.diarioimagen.net\/index.php?rest_route=%2Fwp%2Fv2%2Fmedia&parent=683906"}],"wp:term":[{"taxonomy":"category","embeddable":true,"href":"https:\/\/www.diarioimagen.net\/index.php?rest_route=%2Fwp%2Fv2%2Fcategories&post=683906"},{"taxonomy":"post_tag","embeddable":true,"href":"https:\/\/www.diarioimagen.net\/index.php?rest_route=%2Fwp%2Fv2%2Ftags&post=683906"}],"curies":[{"name":"wp","href":"https:\/\/api.w.org\/{rel}","templated":true}]}}