{"id":684061,"date":"2025-09-11T20:33:49","date_gmt":"2025-09-12T02:33:49","guid":{"rendered":"https:\/\/www.diarioimagen.net\/?p=684061"},"modified":"2025-09-11T20:33:49","modified_gmt":"2025-09-12T02:33:49","slug":"impulsan-en-tlalnepantla-el-liderazgo-femenino-con-iniciativa-cascos-rosas","status":"publish","type":"post","link":"https:\/\/www.diarioimagen.net\/?p=684061","title":{"rendered":"\u00a0  Impulsan en Tlalnepantla el liderazgo  femenino con iniciativa \u201cCascos Rosas\u201d"},"content":{"rendered":"<ul>\n<li><strong>Participaci\u00f3n en el sector h\u00eddrico<\/strong><\/li>\n<\/ul>\n<p><strong>\u00a0<\/strong><\/p>\n<div id=\"attachment_684062\" style=\"width: 410px\" class=\"wp-caption alignnone\"><img loading=\"lazy\" decoding=\"async\" aria-describedby=\"caption-attachment-684062\" class=\"wp-image-684062 size-large\" src=\"https:\/\/www.diarioimagen.net\/wp-content\/uploads\/2025\/09\/BAENA-3-ok-7-400x270.jpg\" alt=\"\" width=\"400\" height=\"270\" srcset=\"https:\/\/www.diarioimagen.net\/wp-content\/uploads\/2025\/09\/BAENA-3-ok-7-400x270.jpg 400w, https:\/\/www.diarioimagen.net\/wp-content\/uploads\/2025\/09\/BAENA-3-ok-7-240x162.jpg 240w, https:\/\/www.diarioimagen.net\/wp-content\/uploads\/2025\/09\/BAENA-3-ok-7-768x519.jpg 768w, https:\/\/www.diarioimagen.net\/wp-content\/uploads\/2025\/09\/BAENA-3-ok-7.jpg 1500w\" sizes=\"auto, (max-width: 400px) 100vw, 400px\" \/><p id=\"caption-attachment-684062\" class=\"wp-caption-text\">M\u00e1s de dos decenas de Mujeres del Organismo P\u00fablico Descentralizado Municipal de Tlalnepantla se integran a la iniciativa \u201cCascos Rosas\u201d.<\/p><\/div>\n<p>&nbsp;<\/p>\n<p>Tlalnepantla, M\u00e9x.- Con el objetivo de visibilizar, capacitar y fortalecer la participaci\u00f3n de las mujeres en el sector h\u00eddrico, la Asociaci\u00f3n Nacional de Entidades de Agua y Saneamiento de M\u00e9xico, A.C. (ANEAS), impulsa la iniciativa \u00abCascos Rosas\u00bb, un programa orientado a fomentar el liderazgo femenino en la toma de decisiones<\/p>\n<p>dentro de los organismos operadores de agua y saneamiento.<\/p>\n<p>&nbsp;<\/p>\n<p>Esta estrategia busca brindar a las mujeres formaci\u00f3n t\u00e9cnica especializada, acceso a certificaciones y acompa\u00f1amiento en funciones operativas. Con ello, se promueve su profesionalizaci\u00f3n y se fortalece una red colaborativa que facilita el intercambio de conocimientos y experiencias, con la finalidad de mejorar la calidad del servicio en beneficio de la ciudadan\u00eda.<\/p>\n<p>&nbsp;<\/p>\n<p>En una primera etapa, 22 mujeres del Organismo P\u00fablico Descentralizado Municipal de Tlalnepantla, se integran a esta iniciativa, con el compromiso de complementar su experiencia y conocimiento en labores que van desde la toma de lecturas en campo hasta la ejecuci\u00f3n de obras.<\/p>\n<p>&nbsp;<\/p>\n<p>Durante el evento de toma de protesta, Alberto Vald\u00e9s Rodr\u00edguez, Director General del OPDM, destac\u00f3 que las mujeres est\u00e1n abriendo camino en el sector h\u00eddrico y reafirm\u00f3 el compromiso del organismo por fomentar la equidad en los cargos p\u00fablicos, especialmente en \u00e1reas t\u00e9cnicas y operativas. Asimismo, agradeci\u00f3 a la maestra Patricia Hern\u00e1ndez Mart\u00ednez, Directora General de ANEAS, por ser una aliada estrat\u00e9gica en la construcci\u00f3n de una sociedad m\u00e1s justa y sostenible.<\/p>\n<p>&nbsp;<\/p>\n<p>En representaci\u00f3n del presidente municipal Raciel P\u00e9rez Cruz, la titular de la Direcci\u00f3n de las Mujeres de Tlalnepantla Minerva Barr\u00f3n Escobedo indic\u00f3 que este programa es una acto de justicia para visibilizar el talento femenino en el sector h\u00eddrico, adem\u00e1s de que con estas acciones se impulsa la igualdad y la inclusi\u00f3n en \u00e1reas t\u00e9cnicas y operativas que hist\u00f3ricamente han sido subrepresentadas por hombres.<\/p>\n<p>&nbsp;<\/p>\n<p>Apunt\u00f3 que la iniciativa \u201cCascos Rosas\u201d es un claro ejemplo del compromiso del alcalde P\u00e9rez Cruz para fortalecer y construir una sociedad m\u00e1s justa y sostenible que tenga en el centro de la agenda p\u00fablica el cuidado del vital l\u00edquido.<\/p>\n<p>&nbsp;<\/p>\n","protected":false},"excerpt":{"rendered":"<p>Participaci\u00f3n en el sector h\u00eddrico \u00a0 &nbsp; Tlalnepantla, M\u00e9x.- Con el objetivo de visibilizar, capacitar y fortalecer la participaci\u00f3n de las mujeres en el sector h\u00eddrico, la Asociaci\u00f3n Nacional de Entidades de Agua y Saneamiento de M\u00e9xico, A.C. (ANEAS), impulsa la iniciativa \u00abCascos Rosas\u00bb, un programa orientado a fomentar el liderazgo femenino en la toma [&hellip;]<\/p>\n","protected":false},"author":14,"featured_media":684062,"comment_status":"open","ping_status":"open","sticky":false,"template":"","format":"standard","meta":{"_monsterinsights_skip_tracking":false,"_monsterinsights_sitenote_active":false,"_monsterinsights_sitenote_note":"","_monsterinsights_sitenote_category":0,"footnotes":""},"categories":[5],"tags":[],"class_list":["post-684061","post","type-post","status-publish","format-standard","has-post-thumbnail","hentry","category-estado-de-mexico"],"_links":{"self":[{"href":"https:\/\/www.diarioimagen.net\/index.php?rest_route=\/wp\/v2\/posts\/684061","targetHints":{"allow":["GET"]}}],"collection":[{"href":"https:\/\/www.diarioimagen.net\/index.php?rest_route=\/wp\/v2\/posts"}],"about":[{"href":"https:\/\/www.diarioimagen.net\/index.php?rest_route=\/wp\/v2\/types\/post"}],"author":[{"embeddable":true,"href":"https:\/\/www.diarioimagen.net\/index.php?rest_route=\/wp\/v2\/users\/14"}],"replies":[{"embeddable":true,"href":"https:\/\/www.diarioimagen.net\/index.php?rest_route=%2Fwp%2Fv2%2Fcomments&post=684061"}],"version-history":[{"count":1,"href":"https:\/\/www.diarioimagen.net\/index.php?rest_route=\/wp\/v2\/posts\/684061\/revisions"}],"predecessor-version":[{"id":684063,"href":"https:\/\/www.diarioimagen.net\/index.php?rest_route=\/wp\/v2\/posts\/684061\/revisions\/684063"}],"wp:featuredmedia":[{"embeddable":true,"href":"https:\/\/www.diarioimagen.net\/index.php?rest_route=\/wp\/v2\/media\/684062"}],"wp:attachment":[{"href":"https:\/\/www.diarioimagen.net\/index.php?rest_route=%2Fwp%2Fv2%2Fmedia&parent=684061"}],"wp:term":[{"taxonomy":"category","embeddable":true,"href":"https:\/\/www.diarioimagen.net\/index.php?rest_route=%2Fwp%2Fv2%2Fcategories&post=684061"},{"taxonomy":"post_tag","embeddable":true,"href":"https:\/\/www.diarioimagen.net\/index.php?rest_route=%2Fwp%2Fv2%2Ftags&post=684061"}],"curies":[{"name":"wp","href":"https:\/\/api.w.org\/{rel}","templated":true}]}}