{"id":684120,"date":"2025-09-11T21:55:15","date_gmt":"2025-09-12T03:55:15","guid":{"rendered":"https:\/\/www.diarioimagen.net\/?p=684120"},"modified":"2025-09-11T21:55:15","modified_gmt":"2025-09-12T03:55:15","slug":"uaemex-abre-espacio-para-la-reflexion-el-acompanamiento-y-la-sensibilizacion-en-torno-al-suicidio","status":"publish","type":"post","link":"https:\/\/www.diarioimagen.net\/?p=684120","title":{"rendered":"UAEM\u00e9x abre espacio para la reflexi\u00f3n, el acompa\u00f1amiento y la sensibilizaci\u00f3n en torno al suicidio"},"content":{"rendered":"<div id=\"attachment_684121\" style=\"width: 470px\" class=\"wp-caption alignnone\"><img loading=\"lazy\" decoding=\"async\" aria-describedby=\"caption-attachment-684121\" class=\"wp-image-684121 size-large\" src=\"https:\/\/www.diarioimagen.net\/wp-content\/uploads\/2025\/09\/UAEM-2-3-460x264.jpg\" alt=\"\" width=\"460\" height=\"264\" srcset=\"https:\/\/www.diarioimagen.net\/wp-content\/uploads\/2025\/09\/UAEM-2-3-460x264.jpg 460w, https:\/\/www.diarioimagen.net\/wp-content\/uploads\/2025\/09\/UAEM-2-3-240x138.jpg 240w, https:\/\/www.diarioimagen.net\/wp-content\/uploads\/2025\/09\/UAEM-2-3-768x441.jpg 768w, https:\/\/www.diarioimagen.net\/wp-content\/uploads\/2025\/09\/UAEM-2-3-1536x881.jpg 1536w, https:\/\/www.diarioimagen.net\/wp-content\/uploads\/2025\/09\/UAEM-2-3-2048x1175.jpg 2048w\" sizes=\"auto, (max-width: 460px) 100vw, 460px\" \/><p id=\"caption-attachment-684121\" class=\"wp-caption-text\">El Centro de Estudios y Servicios Psicol\u00f3gicos Integrales dio inicio al S\u00e9ptimo Foro para la Prevenci\u00f3n del Suicidio, un espacio dedicado a la reflexi\u00f3n, el acompa\u00f1amiento y la sensibilizaci\u00f3n en torno a esta problem\u00e1tica social.<\/p><\/div>\n<p>&nbsp;<\/p>\n<p>&nbsp;<\/p>\n<p>&nbsp;<\/p>\n<p>En el marco del D\u00eda Mundial para la Prevenci\u00f3n del Suicidio, la Facultad de Ciencias de la Conducta de la Universidad Aut\u00f3noma del Estado de M\u00e9xico (UAEM\u00e9x), a trav\u00e9s del Centro de Estudios y Servicios Psicol\u00f3gicos Integrales (CESPI), dio inicio al S\u00e9ptimo Foro para la Prevenci\u00f3n del Suicidio, un espacio dedicado a la reflexi\u00f3n, el acompa\u00f1amiento y la sensibilizaci\u00f3n en torno a esta problem\u00e1tica social.<\/p>\n<p>El programa contempla conferencias, talleres y testimonios que buscan visibilizar el suicidio, fomentar el di\u00e1logo abierto y brindar herramientas a la comunidad universitaria y p\u00fablico en general para identificar se\u00f1ales de alerta y actuar de manera oportuna.<\/p>\n<p>En el inicio del programa de actividades, el terapeuta adscrito al CESPI y especialista en prevenci\u00f3n del suicidio, Luis Javier L\u00f3pez Villegas, present\u00f3 la ponencia \u201cConsecuencias humanas y familiares del suicidio\u201d, que incluy\u00f3 testimonios de integrantes del grupo de autoayuda \u201cVive. Atr\u00e9vete y abraza la vida\u201d, quienes compartieron experiencias personales de duelo y resiliencia ante la p\u00e9rdida de un ser querido.<\/p>\n<p>En este espacio, Viridiana Salgado Garc\u00eda y Vanessa Yamila Merino Salgado relataron el proceso de p\u00e9rdida y aceptaci\u00f3n tras el fallecimiento de su hija y hermana, respectivamente, Valeria Renata Merino Salgado. Ambas destacaron la importancia de la terapia y el acompa\u00f1amiento emocional para aprender a sobrellevar el sentimiento de culpa y encontrar formas de honrar la memoria de sus seres queridos.<\/p>\n<p>\u201cNos tom\u00f3 mucho tiempo de terapia y aceptaci\u00f3n. No solo basta con lo que la teor\u00eda puede explicar. La realidad es m\u00e1s complicada y dif\u00edcil de afrontar, requiere tiempo y reconocer que, aunque la p\u00e9rdida de un ser querido es permanente, podemos honrar su memoria y recordarlo\u201d, afirmaron.<\/p>\n<p>Asimismo, Miroslava Rodr\u00edguez Olvera comparti\u00f3 su vivencia tras la muerte de su mejor amigo, Julio C\u00e9sar Torres Gamero. Subray\u00f3 que acercarse a grupos de apoyo puede convertirse en un acto que brinda consuelo y tambi\u00e9n puede salvar vidas.<\/p>\n<p>\u201cSocialmente, hablar sobre el suicidio es poco com\u00fan y por eso muchas personas no saben c\u00f3mo sobrellevarlo cuando pierden a un ser querido. Es necesario buscar ayuda y hacer conciencia sobre la importancia de hablar sobre ello\u201d, indic\u00f3.<\/p>\n<p>El S\u00e9ptimo Foro para la Prevenci\u00f3n del Suicidio continuar\u00e1 con actividades acad\u00e9micas y de acompa\u00f1amiento hasta el 12 de septiembre, en las instalaciones de la Facultad de Ciencias de la Conducta, con el prop\u00f3sito de generar conciencia y abrir espacios de di\u00e1logo sobre un tema que, de acuerdo con especialistas, requiere atenci\u00f3n integral y libre de estigmas.<\/p>\n<p>&nbsp;<\/p>\n<p>&nbsp;<\/p>\n<p>&nbsp;<\/p>\n","protected":false},"excerpt":{"rendered":"<p>&nbsp; &nbsp; &nbsp; En el marco del D\u00eda Mundial para la Prevenci\u00f3n del Suicidio, la Facultad de Ciencias de la Conducta de la Universidad Aut\u00f3noma del Estado de M\u00e9xico (UAEM\u00e9x), a trav\u00e9s del Centro de Estudios y Servicios Psicol\u00f3gicos Integrales (CESPI), dio inicio al S\u00e9ptimo Foro para la Prevenci\u00f3n del Suicidio, un espacio dedicado a [&hellip;]<\/p>\n","protected":false},"author":14,"featured_media":684121,"comment_status":"open","ping_status":"open","sticky":false,"template":"","format":"standard","meta":{"_monsterinsights_skip_tracking":false,"_monsterinsights_sitenote_active":false,"_monsterinsights_sitenote_note":"","_monsterinsights_sitenote_category":0,"footnotes":""},"categories":[16,5],"tags":[],"class_list":["post-684120","post","type-post","status-publish","format-standard","has-post-thumbnail","hentry","category-destacadas","category-estado-de-mexico"],"_links":{"self":[{"href":"https:\/\/www.diarioimagen.net\/index.php?rest_route=\/wp\/v2\/posts\/684120","targetHints":{"allow":["GET"]}}],"collection":[{"href":"https:\/\/www.diarioimagen.net\/index.php?rest_route=\/wp\/v2\/posts"}],"about":[{"href":"https:\/\/www.diarioimagen.net\/index.php?rest_route=\/wp\/v2\/types\/post"}],"author":[{"embeddable":true,"href":"https:\/\/www.diarioimagen.net\/index.php?rest_route=\/wp\/v2\/users\/14"}],"replies":[{"embeddable":true,"href":"https:\/\/www.diarioimagen.net\/index.php?rest_route=%2Fwp%2Fv2%2Fcomments&post=684120"}],"version-history":[{"count":1,"href":"https:\/\/www.diarioimagen.net\/index.php?rest_route=\/wp\/v2\/posts\/684120\/revisions"}],"predecessor-version":[{"id":684122,"href":"https:\/\/www.diarioimagen.net\/index.php?rest_route=\/wp\/v2\/posts\/684120\/revisions\/684122"}],"wp:featuredmedia":[{"embeddable":true,"href":"https:\/\/www.diarioimagen.net\/index.php?rest_route=\/wp\/v2\/media\/684121"}],"wp:attachment":[{"href":"https:\/\/www.diarioimagen.net\/index.php?rest_route=%2Fwp%2Fv2%2Fmedia&parent=684120"}],"wp:term":[{"taxonomy":"category","embeddable":true,"href":"https:\/\/www.diarioimagen.net\/index.php?rest_route=%2Fwp%2Fv2%2Fcategories&post=684120"},{"taxonomy":"post_tag","embeddable":true,"href":"https:\/\/www.diarioimagen.net\/index.php?rest_route=%2Fwp%2Fv2%2Ftags&post=684120"}],"curies":[{"name":"wp","href":"https:\/\/api.w.org\/{rel}","templated":true}]}}