{"id":684249,"date":"2025-09-14T20:19:15","date_gmt":"2025-09-15T02:19:15","guid":{"rendered":"https:\/\/www.diarioimagen.net\/?p=684249"},"modified":"2025-09-14T20:19:15","modified_gmt":"2025-09-15T02:19:15","slug":"el-gobierno-de-atizapan-de-zaragoza-continua-invirtiendo-en-seguridad-publica","status":"publish","type":"post","link":"https:\/\/www.diarioimagen.net\/?p=684249","title":{"rendered":"\u00a0  El gobierno de Atizap\u00e1n de Zaragoza  contin\u00faa invirtiendo en seguridad p\u00fablica"},"content":{"rendered":"<ul>\n<li><strong>Entrega de uniformes y equipo<\/strong><\/li>\n<\/ul>\n<div id=\"attachment_684250\" style=\"width: 375px\" class=\"wp-caption alignnone\"><img loading=\"lazy\" decoding=\"async\" aria-describedby=\"caption-attachment-684250\" class=\"wp-image-684250 size-large\" src=\"https:\/\/www.diarioimagen.net\/wp-content\/uploads\/2025\/09\/BAENA-1-ok-9-365x270.jpg\" alt=\"\" width=\"365\" height=\"270\" srcset=\"https:\/\/www.diarioimagen.net\/wp-content\/uploads\/2025\/09\/BAENA-1-ok-9-365x270.jpg 365w, https:\/\/www.diarioimagen.net\/wp-content\/uploads\/2025\/09\/BAENA-1-ok-9-240x177.jpg 240w, https:\/\/www.diarioimagen.net\/wp-content\/uploads\/2025\/09\/BAENA-1-ok-9-768x568.jpg 768w, https:\/\/www.diarioimagen.net\/wp-content\/uploads\/2025\/09\/BAENA-1-ok-9-1536x1135.jpg 1536w, https:\/\/www.diarioimagen.net\/wp-content\/uploads\/2025\/09\/BAENA-1-ok-9-2048x1514.jpg 2048w\" sizes=\"auto, (max-width: 365px) 100vw, 365px\" \/><p id=\"caption-attachment-684250\" class=\"wp-caption-text\">El alcalde Pedro Rodr\u00edguez Villegas encabez\u00f3 la ceremonia de \u00abEntrega de Uniformes y Cambio de Equipos Port\u00e1tiles de Radiocomunicaci\u00f3n 2025\u00bb a elementos de Seguridad P\u00fablica de Atizap\u00e1n.<\/p><\/div>\n<p>&nbsp;<\/p>\n<p>Atizap\u00e1n de Zaragoza, M\u00e9x.- En un acto que reafirma el compromiso con la seguridad de las familias atizapenses, el presidente municipal Pedro Rodr\u00edguez Villegas encabez\u00f3 la ceremonia de Entrega de Uniformes y Cambio de Equipos Port\u00e1tiles de Radiocomunicaci\u00f3n 2025 a los valientes elementos de la Direcci\u00f3n de Seguridad P\u00fablica y Seguridad Vial.<\/p>\n<p>&nbsp;<\/p>\n<p>Esta importante inversi\u00f3n en equipamiento de \u00faltima generaci\u00f3n tiene como objetivo principal dignificar la labor de quienes d\u00eda a d\u00eda velan por la tranquilidad de la ciudadan\u00eda, as\u00ed como fortalecer sus capacidades operativas para una respuesta m\u00e1s r\u00e1pida y eficaz ante cualquier emergencia.<\/p>\n<p>&nbsp;<\/p>\n<p>Durante el evento, celebrado en la explanada del palacio municipal, el Comisario Fabi\u00e1n Ricardo G\u00f3mez Calc\u00e1neo, Director de Seguridad P\u00fablica y Seguridad Vial, destac\u00f3 la transformaci\u00f3n que ha vivido la corporaci\u00f3n bajo el liderazgo del Presidente Rodr\u00edguez Villegas. \u201cLo que usted hizo no fue invertir en una administraci\u00f3n sino dejar un legado\u201d, enfatiz\u00f3 el Comisario, y a\u00f1adi\u00f3 un emotivo agradecimiento al alcalde: \u00abEstamos muy agradecidos. Esta es una corporaci\u00f3n que le quiere y lo va a recordar toda la vida por lo que usted hizo por nosotros\u00bb.<\/p>\n<p>&nbsp;<\/p>\n<p>Los nuevos uniformes, de la reconocida marca 5.11 Tactical, son un referente a nivel mundial por su durabilidad, comodidad y dise\u00f1o t\u00e1ctico. \u201cEs la primera gran administraci\u00f3n donde a la fecha hemos entregado 5,201 uniformes nuevos en tres a\u00f1os y medio. Significa que cada elemento recibe una dotaci\u00f3n de dos juegos de uniformes completos al a\u00f1o\u201d, se\u00f1al\u00f3 el Comisario. Esto no solo mejora la imagen de la corporaci\u00f3n, sino que tambi\u00e9n brinda a los oficiales la confianza y el equipo adecuado para desempe\u00f1ar sus funciones de manera \u00f3ptima.<\/p>\n<p>&nbsp;<\/p>\n<p>Junto con los uniformes, se realiz\u00f3 el cambio de 490 equipos de radiocomunicaci\u00f3n port\u00e1tiles. La nueva tecnolog\u00eda permitir\u00e1 una comunicaci\u00f3n m\u00e1s clara y segura entre los elementos, crucial para la coordinaci\u00f3n en operativos y la atenci\u00f3n de emergencias.<\/p>\n<p>&nbsp;<\/p>\n<p><strong>\u00a0<\/strong><\/p>\n","protected":false},"excerpt":{"rendered":"<p>Entrega de uniformes y equipo &nbsp; Atizap\u00e1n de Zaragoza, M\u00e9x.- En un acto que reafirma el compromiso con la seguridad de las familias atizapenses, el presidente municipal Pedro Rodr\u00edguez Villegas encabez\u00f3 la ceremonia de Entrega de Uniformes y Cambio de Equipos Port\u00e1tiles de Radiocomunicaci\u00f3n 2025 a los valientes elementos de la Direcci\u00f3n de Seguridad P\u00fablica [&hellip;]<\/p>\n","protected":false},"author":14,"featured_media":684250,"comment_status":"open","ping_status":"open","sticky":false,"template":"","format":"standard","meta":{"_monsterinsights_skip_tracking":false,"_monsterinsights_sitenote_active":false,"_monsterinsights_sitenote_note":"","_monsterinsights_sitenote_category":0,"footnotes":""},"categories":[5],"tags":[],"class_list":["post-684249","post","type-post","status-publish","format-standard","has-post-thumbnail","hentry","category-estado-de-mexico"],"_links":{"self":[{"href":"https:\/\/www.diarioimagen.net\/index.php?rest_route=\/wp\/v2\/posts\/684249","targetHints":{"allow":["GET"]}}],"collection":[{"href":"https:\/\/www.diarioimagen.net\/index.php?rest_route=\/wp\/v2\/posts"}],"about":[{"href":"https:\/\/www.diarioimagen.net\/index.php?rest_route=\/wp\/v2\/types\/post"}],"author":[{"embeddable":true,"href":"https:\/\/www.diarioimagen.net\/index.php?rest_route=\/wp\/v2\/users\/14"}],"replies":[{"embeddable":true,"href":"https:\/\/www.diarioimagen.net\/index.php?rest_route=%2Fwp%2Fv2%2Fcomments&post=684249"}],"version-history":[{"count":1,"href":"https:\/\/www.diarioimagen.net\/index.php?rest_route=\/wp\/v2\/posts\/684249\/revisions"}],"predecessor-version":[{"id":684251,"href":"https:\/\/www.diarioimagen.net\/index.php?rest_route=\/wp\/v2\/posts\/684249\/revisions\/684251"}],"wp:featuredmedia":[{"embeddable":true,"href":"https:\/\/www.diarioimagen.net\/index.php?rest_route=\/wp\/v2\/media\/684250"}],"wp:attachment":[{"href":"https:\/\/www.diarioimagen.net\/index.php?rest_route=%2Fwp%2Fv2%2Fmedia&parent=684249"}],"wp:term":[{"taxonomy":"category","embeddable":true,"href":"https:\/\/www.diarioimagen.net\/index.php?rest_route=%2Fwp%2Fv2%2Fcategories&post=684249"},{"taxonomy":"post_tag","embeddable":true,"href":"https:\/\/www.diarioimagen.net\/index.php?rest_route=%2Fwp%2Fv2%2Ftags&post=684249"}],"curies":[{"name":"wp","href":"https:\/\/api.w.org\/{rel}","templated":true}]}}