{"id":684255,"date":"2025-09-14T20:30:51","date_gmt":"2025-09-15T02:30:51","guid":{"rendered":"https:\/\/www.diarioimagen.net\/?p=684255"},"modified":"2025-09-14T20:30:51","modified_gmt":"2025-09-15T02:30:51","slug":"ley-seca-en-ecatepec-durante-fiestas-patrias-azucena-cisneros","status":"publish","type":"post","link":"https:\/\/www.diarioimagen.net\/?p=684255","title":{"rendered":"\u201cLey seca\u201d en Ecatepec durante  fiestas patrias: Azucena Cisneros"},"content":{"rendered":"<ul>\n<li><strong>Los d\u00edas 15 y 16 de septiembre<\/strong><\/li>\n<\/ul>\n<p><strong>\u00a0<\/strong><\/p>\n<div id=\"attachment_684256\" style=\"width: 423px\" class=\"wp-caption alignnone\"><img loading=\"lazy\" decoding=\"async\" aria-describedby=\"caption-attachment-684256\" class=\"wp-image-684256 size-large\" src=\"https:\/\/www.diarioimagen.net\/wp-content\/uploads\/2025\/09\/BAENA-3-ok-8-413x270.jpg\" alt=\"\" width=\"413\" height=\"270\" srcset=\"https:\/\/www.diarioimagen.net\/wp-content\/uploads\/2025\/09\/BAENA-3-ok-8-413x270.jpg 413w, https:\/\/www.diarioimagen.net\/wp-content\/uploads\/2025\/09\/BAENA-3-ok-8-240x157.jpg 240w, https:\/\/www.diarioimagen.net\/wp-content\/uploads\/2025\/09\/BAENA-3-ok-8-768x502.jpg 768w, https:\/\/www.diarioimagen.net\/wp-content\/uploads\/2025\/09\/BAENA-3-ok-8.jpg 1500w\" sizes=\"auto, (max-width: 413px) 100vw, 413px\" \/><p id=\"caption-attachment-684256\" class=\"wp-caption-text\">Durante la vig\u00e9sima segunda sesi\u00f3n ordinaria, el Cabildo de Ecatepec, encabezado por Azucena Cisneros, aprob\u00f3\u00a0 aprobaron el acuerdo 200\/2025, que proh\u00edbe la venta de bebidas alcoh\u00f3licas en todas sus graduaciones y modalidades.<\/p><\/div>\n<p><strong>\u00a0<\/strong><\/p>\n<p>&nbsp;<\/p>\n<p>&nbsp;<\/p>\n<p>Por Arturo Baena<\/p>\n<p>&nbsp;<\/p>\n<p>Ecatepec, M\u00e9x.- En el marco de las fiestas patrias, el gobierno de este municipio, encabezado por Azucena Cisneros Coss, aplicar\u00e1 la llamada \u201cley seca\u201d, por lo que no se podr\u00e1n vender bebidas alcoh\u00f3licas en los establecimientos mercantiles.<\/p>\n<p>&nbsp;<\/p>\n<p>Lo anterior fue aprobado por unanimidad de votos por las y los integrantes del Ayuntamiento, durante la vig\u00e9sima segunda sesi\u00f3n ordinaria de Cabildo.<\/p>\n<p>&nbsp;<\/p>\n<p>Las y los ediles aprobaron el acuerdo 200\/2025, que proh\u00edbe la venta de bebidas alcoh\u00f3licas en todas sus graduaciones y modalidades en los establecimientos mercantiles de Ecatepec, a partir de las 00:00 horas del lunes 15 de septiembre hasta las 23:59 horas del martes 16 de septiembre de 2025, como medida de prevenci\u00f3n social con motivo de los festejos patrios.<\/p>\n<p>&nbsp;<\/p>\n<p>Cisneros Coss detall\u00f3 que las autoridades municipales van a estar vigilantes para que no se cometa ning\u00fan tipo de abuso y anunci\u00f3 que se pondr\u00e1 en marcha el alcohol\u00edmetro el lunes 15 de septiembre.<\/p>\n<p>&nbsp;<\/p>\n<p>Record\u00f3 que la Cultura de Paz \u201clleg\u00f3 para quedarse\u201d y la pol\u00edtica de prohibir la venta de alcohol en las fiestas patronales de los pueblos permiti\u00f3 reducir la incidencia delictiva en 65 por ciento.<\/p>\n<p>&nbsp;<\/p>\n<p>Manifest\u00f3 que \u201cel mayor n\u00famero de homicidios se da en el marco de ambientes de alcohol\u201d y reconoci\u00f3 que la noche del 15 de septiembre las personas quieren festejar, \u201cpero nosotros, como instituci\u00f3n y como autoridad municipal, estamos obligados a continuar construyendo ambientes de paz\u201d.<\/p>\n<p>&nbsp;<\/p>\n<p>Las y los integrantes del Cabildo tambi\u00e9n votaron a favor del acuerdo del Proyecto de Decreto por el que se reforma el p\u00e1rrafo d\u00e9cimo tercero del art\u00edculo 5 y se adicionan los p\u00e1rrafos d\u00e9cimo cuarto, d\u00e9cimo quinto, d\u00e9cimo sexto, d\u00e9cimo s\u00e9ptimo y d\u00e9cimo octavo, recorri\u00e9ndose los subsecuentes al art\u00edculo 5, y un segundo p\u00e1rrafo al art\u00edculo 19 de la Constituci\u00f3n Pol\u00edtica del Estado Libre y Soberano de M\u00e9xico. Lo anterior, luego de que la LXII Legislatura del Estado de M\u00e9xico aprob\u00f3 dicha propuesta.<\/p>\n<p>&nbsp;<\/p>\n<p>&nbsp;<\/p>\n","protected":false},"excerpt":{"rendered":"<p>Los d\u00edas 15 y 16 de septiembre \u00a0 \u00a0 &nbsp; &nbsp; Por Arturo Baena &nbsp; Ecatepec, M\u00e9x.- En el marco de las fiestas patrias, el gobierno de este municipio, encabezado por Azucena Cisneros Coss, aplicar\u00e1 la llamada \u201cley seca\u201d, por lo que no se podr\u00e1n vender bebidas alcoh\u00f3licas en los establecimientos mercantiles. &nbsp; Lo anterior [&hellip;]<\/p>\n","protected":false},"author":14,"featured_media":684256,"comment_status":"open","ping_status":"open","sticky":false,"template":"","format":"standard","meta":{"_monsterinsights_skip_tracking":false,"_monsterinsights_sitenote_active":false,"_monsterinsights_sitenote_note":"","_monsterinsights_sitenote_category":0,"footnotes":""},"categories":[5],"tags":[],"class_list":["post-684255","post","type-post","status-publish","format-standard","has-post-thumbnail","hentry","category-estado-de-mexico"],"_links":{"self":[{"href":"https:\/\/www.diarioimagen.net\/index.php?rest_route=\/wp\/v2\/posts\/684255","targetHints":{"allow":["GET"]}}],"collection":[{"href":"https:\/\/www.diarioimagen.net\/index.php?rest_route=\/wp\/v2\/posts"}],"about":[{"href":"https:\/\/www.diarioimagen.net\/index.php?rest_route=\/wp\/v2\/types\/post"}],"author":[{"embeddable":true,"href":"https:\/\/www.diarioimagen.net\/index.php?rest_route=\/wp\/v2\/users\/14"}],"replies":[{"embeddable":true,"href":"https:\/\/www.diarioimagen.net\/index.php?rest_route=%2Fwp%2Fv2%2Fcomments&post=684255"}],"version-history":[{"count":1,"href":"https:\/\/www.diarioimagen.net\/index.php?rest_route=\/wp\/v2\/posts\/684255\/revisions"}],"predecessor-version":[{"id":684257,"href":"https:\/\/www.diarioimagen.net\/index.php?rest_route=\/wp\/v2\/posts\/684255\/revisions\/684257"}],"wp:featuredmedia":[{"embeddable":true,"href":"https:\/\/www.diarioimagen.net\/index.php?rest_route=\/wp\/v2\/media\/684256"}],"wp:attachment":[{"href":"https:\/\/www.diarioimagen.net\/index.php?rest_route=%2Fwp%2Fv2%2Fmedia&parent=684255"}],"wp:term":[{"taxonomy":"category","embeddable":true,"href":"https:\/\/www.diarioimagen.net\/index.php?rest_route=%2Fwp%2Fv2%2Fcategories&post=684255"},{"taxonomy":"post_tag","embeddable":true,"href":"https:\/\/www.diarioimagen.net\/index.php?rest_route=%2Fwp%2Fv2%2Ftags&post=684255"}],"curies":[{"name":"wp","href":"https:\/\/api.w.org\/{rel}","templated":true}]}}