{"id":684280,"date":"2025-09-14T21:27:20","date_gmt":"2025-09-15T03:27:20","guid":{"rendered":"https:\/\/www.diarioimagen.net\/?p=684280"},"modified":"2025-09-14T21:27:20","modified_gmt":"2025-09-15T03:27:20","slug":"destinan-34-mdp-en-obras-hidroagricolas-en-el-norte-del-edomex","status":"publish","type":"post","link":"https:\/\/www.diarioimagen.net\/?p=684280","title":{"rendered":"\u00a0  Destinan 34 mdp en obras hidroagr\u00edcolas en el norte del Edomex"},"content":{"rendered":"<p><strong>\u00a0<\/strong><\/p>\n<ul>\n<li><strong>Recursos de los gobiernos federal y estatal<\/strong><\/li>\n<\/ul>\n<p>&nbsp;<\/p>\n<p>&nbsp;<\/p>\n<div id=\"attachment_684281\" style=\"width: 415px\" class=\"wp-caption alignnone\"><img loading=\"lazy\" decoding=\"async\" aria-describedby=\"caption-attachment-684281\" class=\"wp-image-684281 size-large\" src=\"https:\/\/www.diarioimagen.net\/wp-content\/uploads\/2025\/09\/EDOMEX-2-ok-8-405x270.jpg\" alt=\"\" width=\"405\" height=\"270\" srcset=\"https:\/\/www.diarioimagen.net\/wp-content\/uploads\/2025\/09\/EDOMEX-2-ok-8-405x270.jpg 405w, https:\/\/www.diarioimagen.net\/wp-content\/uploads\/2025\/09\/EDOMEX-2-ok-8-240x160.jpg 240w, https:\/\/www.diarioimagen.net\/wp-content\/uploads\/2025\/09\/EDOMEX-2-ok-8-768x511.jpg 768w, https:\/\/www.diarioimagen.net\/wp-content\/uploads\/2025\/09\/EDOMEX-2-ok-8.jpg 1500w\" sizes=\"auto, (max-width: 405px) 100vw, 405px\" \/><p id=\"caption-attachment-684281\" class=\"wp-caption-text\">Los gobiernos de Claudia Sheinbaum y de Delfina G\u00f3mez \u00c1lvarez arrancaron las obras en cuatro M\u00f3dulos de Distritos de Riego: dos en Aculco, uno en Temascalcingo y uno en Atlacomulco, en beneficio de 13 mil 162 personas productoras.<\/p><\/div>\n<p>&nbsp;<\/p>\n<p>ACULCO, Estado de M\u00e9xico.- Para aumentar hasta un 50 por ciento el rendimiento del agua para el campo mexiquense, los Gobiernos de Claudia Sheinbaum y de Delfina G\u00f3mez \u00c1lvarez arrancaron las obras en cuatro M\u00f3dulos de Distritos de Riego: dos en Aculco, uno en Temascalcingo y uno en Atlacomulco, en beneficio de 13 mil 162 personas productoras.<\/p>\n<p>Mar\u00eda Eugenia Rojano Vald\u00e9s, Secretaria del Campo estatal, inform\u00f3 que, como parte del Programa de Apoyo a la Infraestructura Hidroagr\u00edcola, se realiza una inversi\u00f3n de m\u00e1s de 34 millones de pesos, que aportan en partes iguales los gobiernos federal y estatal.<\/p>\n<p>Con esta acci\u00f3n se mejora la irrigaci\u00f3n de m\u00e1s de 26 mil hect\u00e1reas, donde se siembra principalmente ma\u00edz, trigo, avena, zacate verde y avena forrajera, algunos de los principales cultivos en la entidad, como la avena forrajera en verde, cuya producci\u00f3n representa el 11.42 por ciento a nivel nacional.<\/p>\n<p>Por su parte, Omar Tripp Reyna, Director de la Comisi\u00f3n Nacional del Agua (Conagua) en el Estado de M\u00e9xico, afirm\u00f3 que los trabajos consisten en mejorar la conducci\u00f3n y control de agua para riego mediante revestimiento con concreto hidr\u00e1ulico y construcci\u00f3n de compuertas.<\/p>\n<p>Durante una gira de supervisi\u00f3n constataron el inicio de obras en el Distrito de Riego 096, M\u00f3dulos I Huapango y II \u00d1ado, en Aculco, as\u00ed como en el Distrito de Riego 033, M\u00f3dulo 1 en Temascalcingo y M\u00f3dulo IV en Atlacomulco.<\/p>\n<p>&nbsp;<\/p>\n<p><strong>M\u00e1s de 16.2 mdp para 82 proyectos de \u201cCient\u00edfIKAs Mexiquenses\u201d<\/strong><\/p>\n<p>&nbsp;<\/p>\n<p>&nbsp;<\/p>\n<p>El gobierno estatal asign\u00f3 una inversi\u00f3n superior a 16.2 millones de pesos en respaldo a \u201cCient\u00edfIKAs Mexiquenses\u201d, convocatoria que el objetivo de financiar proyectos que contribuyan a la resoluci\u00f3n de problemas comunitarios mediante ciencia aplicada.<\/p>\n<p>Con ello, se respaldan investigaciones en temas como nanotecnolog\u00eda, desarrollo de energ\u00edas limpias, biom\u00e9dicas en c\u00e1ncer, diabetes y salud mental, as\u00ed como cl\u00ednicas comunitarias e iniciativas socioculturales para el rescate de tradiciones.<\/p>\n<p>La ceremonia de Entrega de Convenios de Asignaci\u00f3n de Recursos de la Convocatoria \u201cCient\u00edfikas Mexiquenses\u201d 2025 Comecyt, en San Felipe del Progreso, fue encabezada por Miguel \u00c1ngel Hern\u00e1ndez Espejel, Secretario de Educaci\u00f3n, Ciencia, Tecnolog\u00eda e Innovaci\u00f3n (SECTI), y V\u00edctor Daniel \u00c1vila Akerberg, Titular del Consejo Mexiquense de Ciencia y Tecnolog\u00eda (Comecyt).<\/p>\n<p>De esta forma, el Estado de M\u00e9xico se vuelve un referente de la ciencia en el pa\u00eds y da paso a la formaci\u00f3n de nuevas generaciones de cient\u00edficas, as\u00ed como al fortalecimiento de futuros programas de apoyo, est\u00edmulos y becas.<\/p>\n<p>Esta primera edici\u00f3n dio espacio a 82 propuestas provenientes de diversos organismos educativos de nivel superior, as\u00ed como de centros de investigaci\u00f3n, tanto p\u00fablicos como privados, de todo el estado.<\/p>\n<p>&nbsp;<\/p>\n<p>&nbsp;<\/p>\n<p><strong>\u00a0<\/strong><\/p>\n<p><strong>\u00a0<\/strong><\/p>\n<p>&nbsp;<\/p>\n<p>&nbsp;<\/p>\n","protected":false},"excerpt":{"rendered":"<p>\u00a0 Recursos de los gobiernos federal y estatal &nbsp; &nbsp; &nbsp; ACULCO, Estado de M\u00e9xico.- Para aumentar hasta un 50 por ciento el rendimiento del agua para el campo mexiquense, los Gobiernos de Claudia Sheinbaum y de Delfina G\u00f3mez \u00c1lvarez arrancaron las obras en cuatro M\u00f3dulos de Distritos de Riego: dos en Aculco, uno en [&hellip;]<\/p>\n","protected":false},"author":14,"featured_media":684281,"comment_status":"open","ping_status":"open","sticky":false,"template":"","format":"standard","meta":{"_monsterinsights_skip_tracking":false,"_monsterinsights_sitenote_active":false,"_monsterinsights_sitenote_note":"","_monsterinsights_sitenote_category":0,"footnotes":""},"categories":[5],"tags":[],"class_list":["post-684280","post","type-post","status-publish","format-standard","has-post-thumbnail","hentry","category-estado-de-mexico"],"_links":{"self":[{"href":"https:\/\/www.diarioimagen.net\/index.php?rest_route=\/wp\/v2\/posts\/684280","targetHints":{"allow":["GET"]}}],"collection":[{"href":"https:\/\/www.diarioimagen.net\/index.php?rest_route=\/wp\/v2\/posts"}],"about":[{"href":"https:\/\/www.diarioimagen.net\/index.php?rest_route=\/wp\/v2\/types\/post"}],"author":[{"embeddable":true,"href":"https:\/\/www.diarioimagen.net\/index.php?rest_route=\/wp\/v2\/users\/14"}],"replies":[{"embeddable":true,"href":"https:\/\/www.diarioimagen.net\/index.php?rest_route=%2Fwp%2Fv2%2Fcomments&post=684280"}],"version-history":[{"count":1,"href":"https:\/\/www.diarioimagen.net\/index.php?rest_route=\/wp\/v2\/posts\/684280\/revisions"}],"predecessor-version":[{"id":684282,"href":"https:\/\/www.diarioimagen.net\/index.php?rest_route=\/wp\/v2\/posts\/684280\/revisions\/684282"}],"wp:featuredmedia":[{"embeddable":true,"href":"https:\/\/www.diarioimagen.net\/index.php?rest_route=\/wp\/v2\/media\/684281"}],"wp:attachment":[{"href":"https:\/\/www.diarioimagen.net\/index.php?rest_route=%2Fwp%2Fv2%2Fmedia&parent=684280"}],"wp:term":[{"taxonomy":"category","embeddable":true,"href":"https:\/\/www.diarioimagen.net\/index.php?rest_route=%2Fwp%2Fv2%2Fcategories&post=684280"},{"taxonomy":"post_tag","embeddable":true,"href":"https:\/\/www.diarioimagen.net\/index.php?rest_route=%2Fwp%2Fv2%2Ftags&post=684280"}],"curies":[{"name":"wp","href":"https:\/\/api.w.org\/{rel}","templated":true}]}}