{"id":684303,"date":"2025-09-14T22:07:47","date_gmt":"2025-09-15T04:07:47","guid":{"rendered":"https:\/\/www.diarioimagen.net\/?p=684303"},"modified":"2025-09-14T22:07:47","modified_gmt":"2025-09-15T04:07:47","slug":"martha-patricia-zarza-delgado-abandera-a-la-delegacion-que-representara-a-la-uaemex-en-campeonatos-nacionales-anuies-2025","status":"publish","type":"post","link":"https:\/\/www.diarioimagen.net\/?p=684303","title":{"rendered":"Martha Patricia Zarza Delgado abandera  a la delegaci\u00f3n que representar\u00e1 a la UAEM\u00e9x  en Campeonatos Nacionales ANUIES 2025  \u00a0"},"content":{"rendered":"<p><em>\u00a0<\/em><\/p>\n<p>&nbsp;<\/p>\n<p>&nbsp;<\/p>\n<ul>\n<li><strong>Se llevar\u00e1n a cabo a partir del 26 de septiembre en diferentes sedes como la UNAM, la UANL, la UdeG y la propia Aut\u00f3noma mexiquense<\/strong><\/li>\n<\/ul>\n<div id=\"attachment_684304\" style=\"width: 470px\" class=\"wp-caption alignnone\"><img loading=\"lazy\" decoding=\"async\" aria-describedby=\"caption-attachment-684304\" class=\"wp-image-684304 size-large\" src=\"https:\/\/www.diarioimagen.net\/wp-content\/uploads\/2025\/09\/UAEM-2-4-460x259.jpg\" alt=\"\" width=\"460\" height=\"259\" srcset=\"https:\/\/www.diarioimagen.net\/wp-content\/uploads\/2025\/09\/UAEM-2-4-460x259.jpg 460w, https:\/\/www.diarioimagen.net\/wp-content\/uploads\/2025\/09\/UAEM-2-4-240x135.jpg 240w, https:\/\/www.diarioimagen.net\/wp-content\/uploads\/2025\/09\/UAEM-2-4-768x432.jpg 768w, https:\/\/www.diarioimagen.net\/wp-content\/uploads\/2025\/09\/UAEM-2-4-1536x864.jpg 1536w, https:\/\/www.diarioimagen.net\/wp-content\/uploads\/2025\/09\/UAEM-2-4-2048x1151.jpg 2048w, https:\/\/www.diarioimagen.net\/wp-content\/uploads\/2025\/09\/UAEM-2-4-480x270.jpg 480w, https:\/\/www.diarioimagen.net\/wp-content\/uploads\/2025\/09\/UAEM-2-4-235x132.jpg 235w, https:\/\/www.diarioimagen.net\/wp-content\/uploads\/2025\/09\/UAEM-2-4-202x114.jpg 202w, https:\/\/www.diarioimagen.net\/wp-content\/uploads\/2025\/09\/UAEM-2-4-350x196.jpg 350w, https:\/\/www.diarioimagen.net\/wp-content\/uploads\/2025\/09\/UAEM-2-4-220x123.jpg 220w, https:\/\/www.diarioimagen.net\/wp-content\/uploads\/2025\/09\/UAEM-2-4-237x132.jpg 237w\" sizes=\"auto, (max-width: 460px) 100vw, 460px\" \/><p id=\"caption-attachment-684304\" class=\"wp-caption-text\">En el Gimnasio Universitario \u201cLic. Adolfo L\u00f3pez Mateos\u201d, la rectora Martha Patricia Zarza Delgado entreg\u00f3 el l\u00e1baro institucional a las y los deportistas, como s\u00edmbolo de unidad e identidad universitaria.<\/p><\/div>\n<p>&nbsp;<\/p>\n<p>&nbsp;<\/p>\n<p>En un acto que reafirma el compromiso institucional con el fomento al deporte, la Universidad Aut\u00f3noma del Estado de M\u00e9xico (UAEM\u00e9x), a trav\u00e9s de la Direcci\u00f3n de Cultura F\u00edsica y Deporte, se llev\u00f3 a cabo la ceremonia de abanderamiento de la delegaci\u00f3n deportiva que representar\u00e1 a esta casa de estudios en los Campeonatos Nacionales de la Asociaci\u00f3n Nacional de Universidades e Instituciones de Educaci\u00f3n Superior (ANUIES) del segundo semestre de 2025.<\/p>\n<p>En el Gimnasio Universitario \u201cLic. Adolfo L\u00f3pez Mateos\u201d, la rectora de la UAEM\u00e9x, Martha Patricia Zarza Delgado, entreg\u00f3 el l\u00e1baro institucional a las y los deportistas, como s\u00edmbolo de unidad e identidad universitaria.<\/p>\n<p>Ante integrantes del gabinete de la Administraci\u00f3n 2025-2029 de la instituci\u00f3n y comunidad universitaria, Zarza Delgado felicit\u00f3 a las y los integrantes de la delegaci\u00f3n por su dedicaci\u00f3n y disciplina, y los exhort\u00f3 a representar con orgullo y \u00e9tica los valores universitarios durante su participaci\u00f3n en los Campeonatos Nacionales ANUIES 2025.<\/p>\n<p>\u201cEn este proceso de Transformaci\u00f3n Universitaria uno de los ejes es que todas y todos podamos avanzar hacia una mejor condici\u00f3n de desarrollo, visi\u00f3n que el deporte universitario genera y promueve\u201d, indic\u00f3.<\/p>\n<p>En su momento, el secretario de Gobernanza Universitaria, Jorge Alejandro V\u00e1squez Caicedo, reconoci\u00f3 la labor de cada representante auriverde y exhort\u00f3 a la delegaci\u00f3n a confiar en el desempe\u00f1o durante la primera etapa de estos juegos.<\/p>\n<p>\u201cEl sacrificio y entrega de cada uno de ustedes ya los hace ganadores desde este momento. El reto no es sencillo, pero cuentan con el apoyo y respaldo de esta casa de estudios\u201d, subray\u00f3.<\/p>\n<p><strong>\u00a0<\/strong><\/p>\n<p><strong>Llamado a competir con valent\u00eda, respeto y orgullo<\/strong><\/p>\n<p>&nbsp;<\/p>\n<p>&nbsp;<\/p>\n<p>Por su parte, la alumna de la Facultad de Ciencias de la Conducta y actual campeona panamericana y mundial de Front\u00f3n y medallista de plata en p\u00e1del en la Universiada Nacional 2025, Marifer Noriega Medina, hizo un llamado sus compa\u00f1eros participantes a competir con valent\u00eda, respeto y orgullo para defender los valores que les identifican como parte de la comunidad UAEM\u00e9x.<\/p>\n<p>La delegaci\u00f3n auriverde est\u00e1 integrada por 140 estudiantes deportistas y 20 entrenadores, quienes participar\u00e1n en las disciplinas de ajedrez, b\u00e1dminton, gimnasia aer\u00f3bica, esgrima, e-sport, front\u00f3n, kickboxing, nataci\u00f3n, p\u00e1del y porras y animaci\u00f3n.<\/p>\n<p>Durante este acto tambi\u00e9n se realiz\u00f3 la entrega de kits deportivos al contingente universitario, como parte del respaldo institucional para su \u00f3ptima preparaci\u00f3n y desempe\u00f1o en esta justa nacional.<\/p>\n<p>Asimismo, se brind\u00f3 un reconocimiento especial a 62 medallistas universitarios, quienes han destacado en competencias anteriores, consolidando a la UAEM\u00e9x como una instituci\u00f3n referente en el \u00e1mbito deportivo a nivel nacional.<\/p>\n<p>Con esta ceremonia, la UAEM\u00e9x ratifica su compromiso con la formaci\u00f3n integral de su comunidad estudiantil, impulsando el deporte como una herramienta de desarrollo personal, acad\u00e9mico y profesional.<\/p>\n<p>Los Campeonatos Nacionales ANUIES 2025 se llevar\u00e1n a cabo a partir del 26 de septiembre en diferentes sedes como la Universidad Nacional Aut\u00f3noma de M\u00e9xico, la Universidad Aut\u00f3noma de Nuevo Le\u00f3n, la Universidad de Guadalajara y la propia Universidad Aut\u00f3noma del Estado de M\u00e9xico.<\/p>\n<p>&nbsp;<\/p>\n","protected":false},"excerpt":{"rendered":"<p>\u00a0 &nbsp; &nbsp; Se llevar\u00e1n a cabo a partir del 26 de septiembre en diferentes sedes como la UNAM, la UANL, la UdeG y la propia Aut\u00f3noma mexiquense &nbsp; &nbsp; En un acto que reafirma el compromiso institucional con el fomento al deporte, la Universidad Aut\u00f3noma del Estado de M\u00e9xico (UAEM\u00e9x), a trav\u00e9s de la [&hellip;]<\/p>\n","protected":false},"author":14,"featured_media":684304,"comment_status":"open","ping_status":"open","sticky":false,"template":"","format":"standard","meta":{"_monsterinsights_skip_tracking":false,"_monsterinsights_sitenote_active":false,"_monsterinsights_sitenote_note":"","_monsterinsights_sitenote_category":0,"footnotes":""},"categories":[16,5],"tags":[],"class_list":["post-684303","post","type-post","status-publish","format-standard","has-post-thumbnail","hentry","category-destacadas","category-estado-de-mexico"],"_links":{"self":[{"href":"https:\/\/www.diarioimagen.net\/index.php?rest_route=\/wp\/v2\/posts\/684303","targetHints":{"allow":["GET"]}}],"collection":[{"href":"https:\/\/www.diarioimagen.net\/index.php?rest_route=\/wp\/v2\/posts"}],"about":[{"href":"https:\/\/www.diarioimagen.net\/index.php?rest_route=\/wp\/v2\/types\/post"}],"author":[{"embeddable":true,"href":"https:\/\/www.diarioimagen.net\/index.php?rest_route=\/wp\/v2\/users\/14"}],"replies":[{"embeddable":true,"href":"https:\/\/www.diarioimagen.net\/index.php?rest_route=%2Fwp%2Fv2%2Fcomments&post=684303"}],"version-history":[{"count":1,"href":"https:\/\/www.diarioimagen.net\/index.php?rest_route=\/wp\/v2\/posts\/684303\/revisions"}],"predecessor-version":[{"id":684305,"href":"https:\/\/www.diarioimagen.net\/index.php?rest_route=\/wp\/v2\/posts\/684303\/revisions\/684305"}],"wp:featuredmedia":[{"embeddable":true,"href":"https:\/\/www.diarioimagen.net\/index.php?rest_route=\/wp\/v2\/media\/684304"}],"wp:attachment":[{"href":"https:\/\/www.diarioimagen.net\/index.php?rest_route=%2Fwp%2Fv2%2Fmedia&parent=684303"}],"wp:term":[{"taxonomy":"category","embeddable":true,"href":"https:\/\/www.diarioimagen.net\/index.php?rest_route=%2Fwp%2Fv2%2Fcategories&post=684303"},{"taxonomy":"post_tag","embeddable":true,"href":"https:\/\/www.diarioimagen.net\/index.php?rest_route=%2Fwp%2Fv2%2Ftags&post=684303"}],"curies":[{"name":"wp","href":"https:\/\/api.w.org\/{rel}","templated":true}]}}