{"id":684306,"date":"2025-09-14T22:08:38","date_gmt":"2025-09-15T04:08:38","guid":{"rendered":"https:\/\/www.diarioimagen.net\/?p=684306"},"modified":"2025-09-14T22:08:38","modified_gmt":"2025-09-15T04:08:38","slug":"a-hernan-le-conviene-que-adan-augusto-lopez-se-mantenga-libre-y-poderoso","status":"publish","type":"post","link":"https:\/\/www.diarioimagen.net\/?p=684306","title":{"rendered":"A Hern\u00e1n le conviene que Ad\u00e1n Augusto  L\u00f3pez se mantenga libre y poderoso"},"content":{"rendered":"<p>&nbsp;<\/p>\n<p><strong>\u00a0<\/strong><\/p>\n<p><strong>TRAS LA PUERTA DEL PODER\u00a0 Roberto Vizca\u00edno<\/strong><\/p>\n<p><strong>\u00a0<\/strong><\/p>\n<p>&nbsp;<\/p>\n<p>Quien crea que\u00a0<strong>Hern\u00e1n Berm\u00fadez Requena<\/strong>\u00a0va a arrastrar en su desgracia a su socio\u00a0<strong>Ad\u00e1n Augusto L\u00f3pez<\/strong>, creo, est\u00e1 muy equivocado.<\/p>\n<p>No, el coordinador de los senadores de Morena y presidente de la Junta de Coordinaci\u00f3n Pol\u00edtica, quiz\u00e1 est\u00e9 un poco nervioso, pero lo m\u00e1s seguro es que este sonriente en este trance.<\/p>\n<p>Para el ex secretario de Seguridad de Tabasco y creador y l\u00edder del c\u00e1rtel de La Barredora, el\u00a0<strong><em>Comandante H<\/em><\/strong>,\u00a0<strong>Berm\u00fadez Requena<\/strong>\u00a0es vital que el l\u00edder de Morena en el Senado, de los m\u00e1s \u00edntimos y cercanos al ex presidente\u00a0<strong>Andr\u00e9s Manuel L\u00f3pez Obrador<\/strong>\u00a0mantenga toda su influencia y poder pol\u00edtico porque s\u00f3lo as\u00ed podr\u00e1 ayudarle a disminuir el impacto de su ca\u00edda.<\/p>\n<p>En este caso, no hay forma que la\u00a0<strong>Omert\u00e0 <\/strong>tabasque\u00f1a se rompa. Quiz\u00e1 los de segundo o tercer nivel en la c\u00fapula de La Barredora ya detenidos, como\u00a0<strong>Ulises Pinto Madera<\/strong>,\u00a0<strong><em>El Mamado<\/em><\/strong>, segundo del ex secretario de Seguridad de Tabasco, entren al programa de \u201c<em>testigos protegidos<\/em>\u201d de la Fiscal\u00eda de\u00a0<strong>Alejandro Gertz<\/strong>, pero no hay que ser muy optimistas sobre lo que revele del entramado de su c\u00e1rtel, porque no hay que olvidar que\u00a0<strong>Gertz<\/strong>\u00a0est\u00e1 m\u00e1s que alineado a la 4T y ha demostrado ser un f\u00e9rreo cancerbero que nunca se prestar\u00e1 a que ning\u00fan proceso judicial roce o toque a su bien-amado benefactor\u00a0<strong>AMLO<\/strong>.<\/p>\n<p>Hoy, pese a su dura circunstancia de detenido en Paraguay,\u00a0<strong>Hern\u00e1n Berm\u00fadez Requena<\/strong>\u00a0sabe y est\u00e1 consciente de todo lo anterior.<\/p>\n<p>Por eso ni se opuso ni complic\u00f3 su aprehensi\u00f3n. Si bien estaba un tanto sacado de onda, apesadumbrado, porque sabe que se le vienen tiempos muy complicados, sabe que su ex jefe y l\u00edder de Morena en el Senado, es hoy -jer\u00e1rquicamente- uno de los tres personajes m\u00e1s importantes en el gobierno de M\u00e9xico. Pero sobre todo, tiene claro que es el m\u00e1s cercano de esos tres personajes con\u00a0<strong>Andr\u00e9s Manuel L\u00f3pez Obrador<\/strong>\u00a0y eso puede significarle un paso r\u00e1pido por la c\u00e1rcel.<\/p>\n<p>As\u00ed que ni piense usted que Berm\u00fadez Requena va a decir cual era su verdadera relaci\u00f3n entre\u00a0<strong>La Barredora<\/strong>\u00a0y\u00a0<strong>Ad\u00e1n Augusto L\u00f3pez<\/strong>.<\/p>\n<p>Como dice el senador y ex gobernador tabasque\u00f1o, \u201c<em>ni yendo hincados a ver a la virgen de Guadalupe<\/em>\u201d.<\/p>\n<p>Todo eso no pasar\u00e1 de ser \u201c<em>s\u00f3lo una percepci\u00f3n<\/em>\u201d.<\/p>\n<p>&nbsp;<\/p>\n<p><strong>El \u201cComandante H\u201d la va a hacer \u201ccansada\u201d<\/strong><\/p>\n<p>&nbsp;<\/p>\n<p>Por mientras, el ex secretario de Seguridad y creador del cartel de La Barredora rechaz\u00f3 ser deportado a M\u00e9xico y entr\u00f3 un lapso legal de 60 d\u00edas en que se le permitir\u00e1 presentar recursos para contrarrestar las pruebas que exhibir\u00e1 la Fiscal\u00eda mexicana para ejecutar su extradici\u00f3n.<\/p>\n<p>Todo apunta a que intentar\u00e1 dejar que corra el tiempo y que baje la atenci\u00f3n medi\u00e1tica en M\u00e9xico sobre su captura y sus posibles revelaciones en torno a la participaci\u00f3n de\u00a0<strong>Ad\u00e1n Augusto L\u00f3pez<\/strong>\u00a0en los il\u00edcitos del cartel de La Barredora.<\/p>\n<p>Al ser presentado por primera vez ante un juez penal en Asunci\u00f3n, Paraguay,\u00a0<strong>Hern\u00e1n Berm\u00fadez Requena<\/strong>\u00a0virtualmente neg\u00f3 ser culpable de lo que se le imputa por el gobierno mexicano y se opuso a aceptar ser deportado voluntariamente.<\/p>\n<p>El\u00a0<strong><em>Capit\u00e1n H<\/em><\/strong>\u00a0toma as\u00ed el camino seguido por los ex gobernadores\u00a0<strong>Javier Duarte y Roberto Borge<\/strong>\u00a0cuando fueron detenidos luego de huir de M\u00e9xico, en una estrategia legal para dejar correr el tiempo y disminuir el impacto medi\u00e1tico.<\/p>\n<p>En ese trance, sin duda, habr\u00e1 forma en que ambos &#8211;<strong>Berm\u00fadez Requena<\/strong>\u00a0y el senador\u00a0<strong>L\u00f3pez<\/strong>\u00a0(y hasta quiz\u00e1\u00a0<strong>AMLO<\/strong>)- encuentren la forma de comunicarse y llegar a arreglos.<\/p>\n<p>&nbsp;<\/p>\n<p><strong>La pluralidad inexistente<\/strong><\/p>\n<p>&nbsp;<\/p>\n<p>La ceremonia anual conmemorativa al 178 Aniversario de la Gesta Heroica de los Ni\u00f1os H\u00e9roes de Chapultepec se prest\u00f3 para la difusi\u00f3n de una foto en que aparecieron la presidenta\u00a0<strong>Claudia Sheinbaum<\/strong>\u00a0muy cerca de la panista y presidenta de los diputados federales,\u00a0<strong>Kenia L\u00f3pez Rabad\u00e1n,<\/strong>\u00a0y la morenista\u00a0<strong>Laura Itzel Castillo,<\/strong>\u00a0presidenta del Senado.<\/p>\n<p>Apenas una ilusi\u00f3n fugaz de una pluralidad pol\u00edtica inexistente y una imaginaria e irreal divisi\u00f3n de poderes.<\/p>\n<p>En esa imagen apareci\u00f3 tambi\u00e9n el nuevo presidente de la Suprema Corte, el pseudo ind\u00edgena\u00a0<strong>Hugo Aguilar Ortiz<\/strong>, quien al parecer no tiene m\u00e1s que un saco que ponerse para asistir a las ceremonias p\u00fablicas.<\/p>\n<p>La verdad de los hechos es que todo fue una quimera orquestada desde Palacio para crear una percepci\u00f3n de pluralidad entre los ciudadanos ajenos a la pol\u00edtica.<\/p>\n<p>Ni hubo un di\u00e1logo entre la presidenta\u00a0<strong>Sheinbaum<\/strong>\u00a0y la diputada blanquiazul\u00a0<strong>L\u00f3pez Rabad\u00e1n<\/strong>, ni se dio siquiera la m\u00ednima cercan\u00eda f\u00edsica, personal.<\/p>\n<p>Nada que alimente los dichos de la legisladora del PAN de que en esa ceremonia fue parte de \u201cuna extraordinaria ma\u00f1ana para M\u00e9xico\u201d que \u201cnos recuerda a la Patria, a los mexicanos valientes,\u00a0<strong>que m\u00e1s all\u00e1 de las diferencias tenemos un punto en com\u00fan que se llama M\u00e9xico<\/strong>\u201d.<\/p>\n<p>Ser\u00eda bueno que la presidenta de San L\u00e1zaro le baje un poco a su felicidad porque su asistencia a esa conmemoraci\u00f3n de Los Ni\u00f1os H\u00e9roes nada cambi\u00f3 en el \u00e1nimo ni la intenci\u00f3n de la presidenta\u00a0<strong>Sheinbaum<\/strong>\u00a0de su trato distante hacia sus opositores.<\/p>\n<p>&nbsp;<\/p>\n<p>Twitter: @_Vizcaino \/ Facebook<\/p>\n<p>\/\u00a0<a href=\"https:\/\/www.facebook.com\/rvizcainoa\">https:\/\/www.facebook.com\/rvizcainoa<\/a><\/p>\n<p>&nbsp;<\/p>\n","protected":false},"excerpt":{"rendered":"<p>&nbsp; \u00a0 TRAS LA PUERTA DEL PODER\u00a0 Roberto Vizca\u00edno \u00a0 &nbsp; Quien crea que\u00a0Hern\u00e1n Berm\u00fadez Requena\u00a0va a arrastrar en su desgracia a su socio\u00a0Ad\u00e1n Augusto L\u00f3pez, creo, est\u00e1 muy equivocado. No, el coordinador de los senadores de Morena y presidente de la Junta de Coordinaci\u00f3n Pol\u00edtica, quiz\u00e1 est\u00e9 un poco nervioso, pero lo m\u00e1s seguro [&hellip;]<\/p>\n","protected":false},"author":14,"featured_media":0,"comment_status":"open","ping_status":"open","sticky":false,"template":"","format":"standard","meta":{"_monsterinsights_skip_tracking":false,"_monsterinsights_sitenote_active":false,"_monsterinsights_sitenote_note":"","_monsterinsights_sitenote_category":0,"footnotes":""},"categories":[4,136],"tags":[],"class_list":["post-684306","post","type-post","status-publish","format-standard","hentry","category-opinion","category-roberto-vizcaino-opinion"],"_links":{"self":[{"href":"https:\/\/www.diarioimagen.net\/index.php?rest_route=\/wp\/v2\/posts\/684306","targetHints":{"allow":["GET"]}}],"collection":[{"href":"https:\/\/www.diarioimagen.net\/index.php?rest_route=\/wp\/v2\/posts"}],"about":[{"href":"https:\/\/www.diarioimagen.net\/index.php?rest_route=\/wp\/v2\/types\/post"}],"author":[{"embeddable":true,"href":"https:\/\/www.diarioimagen.net\/index.php?rest_route=\/wp\/v2\/users\/14"}],"replies":[{"embeddable":true,"href":"https:\/\/www.diarioimagen.net\/index.php?rest_route=%2Fwp%2Fv2%2Fcomments&post=684306"}],"version-history":[{"count":1,"href":"https:\/\/www.diarioimagen.net\/index.php?rest_route=\/wp\/v2\/posts\/684306\/revisions"}],"predecessor-version":[{"id":684307,"href":"https:\/\/www.diarioimagen.net\/index.php?rest_route=\/wp\/v2\/posts\/684306\/revisions\/684307"}],"wp:attachment":[{"href":"https:\/\/www.diarioimagen.net\/index.php?rest_route=%2Fwp%2Fv2%2Fmedia&parent=684306"}],"wp:term":[{"taxonomy":"category","embeddable":true,"href":"https:\/\/www.diarioimagen.net\/index.php?rest_route=%2Fwp%2Fv2%2Fcategories&post=684306"},{"taxonomy":"post_tag","embeddable":true,"href":"https:\/\/www.diarioimagen.net\/index.php?rest_route=%2Fwp%2Fv2%2Ftags&post=684306"}],"curies":[{"name":"wp","href":"https:\/\/api.w.org\/{rel}","templated":true}]}}