{"id":684445,"date":"2025-09-15T19:15:08","date_gmt":"2025-09-16T01:15:08","guid":{"rendered":"https:\/\/www.diarioimagen.net\/?p=684445"},"modified":"2025-09-15T19:15:08","modified_gmt":"2025-09-16T01:15:08","slug":"celebra-tlalnepantla-el-77-aniversario-de-su-fundacion","status":"publish","type":"post","link":"https:\/\/www.diarioimagen.net\/?p=684445","title":{"rendered":"Celebra Tlalnepantla el 77  aniversario de su fundaci\u00f3n"},"content":{"rendered":"<ul>\n<li><strong>Ha experimentado varias etapas de crecimiento<\/strong><\/li>\n<\/ul>\n<div id=\"attachment_684446\" style=\"width: 415px\" class=\"wp-caption alignnone\"><img loading=\"lazy\" decoding=\"async\" aria-describedby=\"caption-attachment-684446\" class=\"wp-image-684446 size-large\" src=\"https:\/\/www.diarioimagen.net\/wp-content\/uploads\/2025\/09\/BAENA-3-ok-9-405x270.jpg\" alt=\"\" width=\"405\" height=\"270\" srcset=\"https:\/\/www.diarioimagen.net\/wp-content\/uploads\/2025\/09\/BAENA-3-ok-9-405x270.jpg 405w, https:\/\/www.diarioimagen.net\/wp-content\/uploads\/2025\/09\/BAENA-3-ok-9-240x160.jpg 240w, https:\/\/www.diarioimagen.net\/wp-content\/uploads\/2025\/09\/BAENA-3-ok-9-768x512.jpg 768w, https:\/\/www.diarioimagen.net\/wp-content\/uploads\/2025\/09\/BAENA-3-ok-9.jpg 1500w\" sizes=\"auto, (max-width: 405px) 100vw, 405px\" \/><p id=\"caption-attachment-684446\" class=\"wp-caption-text\">Se conmemor\u00f3 el 77\u00b0 aniversario de la erecci\u00f3n de Tlalnepantla, una localidad que ha experimentado a lo largo de su existencia, varias etapas de crecimiento, expansi\u00f3n y reestructuraci\u00f3n productiva.<\/p><\/div>\n<p>&nbsp;<\/p>\n<p>Tlalnepantla, M\u00e9x.- El pasado 13 de septiembre se conmemor\u00f3 el 77\u00b0 aniversario de la erecci\u00f3n de este municipio, una localidad que ha experimentado a lo largo de su existencia, varias etapas de crecimiento, expansi\u00f3n y reestructuraci\u00f3n productiva. Esta fecha refrenda el orgullo de quienes habitan en esta Tierra de En Medio.<\/p>\n<p>&nbsp;<\/p>\n<p>En presencia de la Oficial Mayor del Gobierno del Estado de M\u00e9xico, Trinidad Franco Arpero, el presidente municipal Raciel P\u00e9rez Cruz record\u00f3 que en el a\u00f1o 1554 se fund\u00f3 Tlalnepantla, \u201cla vida de nuestro municipio es una historia en la historia de nuestra naci\u00f3n. Testigo y protagonista. Principio y fin. Causa y consecuencia. La historia de nuestra ciudad como caja de resonancia de la historia patria\u201d.<\/p>\n<p>&nbsp;<\/p>\n<p>Apunt\u00f3 que anteriormente se conoc\u00eda a Tlalnepantla como el \u201cestablo de la metr\u00f3poli\u201d por su gran producci\u00f3n lechera, emergieron f\u00e1bricas, factor\u00edas y grandes comercios.<\/p>\n<p>&nbsp;<\/p>\n<p>El municipio se erigi\u00f3 como ciudad en 1948, en pleno auge del \u201cnacionalismo revolucionario\u201d, en el vertiginoso despliegue del \u201cdesarrollo estabilizador\u201d fincado en el intervencionismo estatal y el corporativismo, esto durante los a\u00f1os del \u201cmilagro mexicano\u201d, sostenido por tasas de crecimiento econ\u00f3mico del 8% anual del PIB en promedio.<\/p>\n<p>&nbsp;<\/p>\n<p>\u201cDesde entonces, Tlalnepantla ha experimentado a lo largo de su existencia, varias etapas de crecimiento, expansi\u00f3n y reestructuraci\u00f3n productiva, en los a\u00f1os cincuenta y sesenta ya era considerado una zona industrial de gran importancia en el contexto nacional. Esa industrializaci\u00f3n y otros factores provocaron una gradual migraci\u00f3n interna desde zonas rurales que comenzaron a poblar las inmediaciones\u201d, coment\u00f3 el Edil en compa\u00f1\u00eda de la Presidenta Honoraria del DIF Tlalnepantla, Roc\u00edo P\u00e9rez Cruz.<\/p>\n<p>&nbsp;<\/p>\n<p>En la d\u00e9cada de los noventa, el municipio cambi\u00f3 su vocaci\u00f3n productiva y pas\u00f3 de ser una ciudad llena de f\u00e1bricas a una localidad de comercio y servicios. Actualmente, las ciudades son un lugar de ebullici\u00f3n de ideas cambiantes y pr\u00e1cticas por la concurrencia del factor humano, trabajo y capital, son el motor de la riqueza cultural, social y econ\u00f3mica de las naciones.<\/p>\n<p>&nbsp;<\/p>\n<p>Tlalnepantla y sus 750 mil habitantes forman parte de la megal\u00f3polis situada en la periferia de la Ciudad de M\u00e9xico, la s\u00e9ptima aglomeraci\u00f3n m\u00e1s poblada del mundo. Por su posici\u00f3n geogr\u00e1fica es la puerta estrat\u00e9gica de entrada y salida del noreste de la Ciudad de M\u00e9xico hacia la regi\u00f3n centro del pa\u00eds y posee una amplia infraestructura vial. En cada uno de los 84 kil\u00f3metros cuadrados que conforman el territorio, viven 9 mil habitantes diseminados en 265 comunidades divididas en fraccionamientos, colonias, unidades habitacionales y pueblos originarios.<\/p>\n<p>&nbsp;<\/p>\n","protected":false},"excerpt":{"rendered":"<p>Ha experimentado varias etapas de crecimiento &nbsp; Tlalnepantla, M\u00e9x.- El pasado 13 de septiembre se conmemor\u00f3 el 77\u00b0 aniversario de la erecci\u00f3n de este municipio, una localidad que ha experimentado a lo largo de su existencia, varias etapas de crecimiento, expansi\u00f3n y reestructuraci\u00f3n productiva. Esta fecha refrenda el orgullo de quienes habitan en esta Tierra [&hellip;]<\/p>\n","protected":false},"author":14,"featured_media":684446,"comment_status":"open","ping_status":"open","sticky":false,"template":"","format":"standard","meta":{"_monsterinsights_skip_tracking":false,"_monsterinsights_sitenote_active":false,"_monsterinsights_sitenote_note":"","_monsterinsights_sitenote_category":0,"footnotes":""},"categories":[5],"tags":[],"class_list":["post-684445","post","type-post","status-publish","format-standard","has-post-thumbnail","hentry","category-estado-de-mexico"],"_links":{"self":[{"href":"https:\/\/www.diarioimagen.net\/index.php?rest_route=\/wp\/v2\/posts\/684445","targetHints":{"allow":["GET"]}}],"collection":[{"href":"https:\/\/www.diarioimagen.net\/index.php?rest_route=\/wp\/v2\/posts"}],"about":[{"href":"https:\/\/www.diarioimagen.net\/index.php?rest_route=\/wp\/v2\/types\/post"}],"author":[{"embeddable":true,"href":"https:\/\/www.diarioimagen.net\/index.php?rest_route=\/wp\/v2\/users\/14"}],"replies":[{"embeddable":true,"href":"https:\/\/www.diarioimagen.net\/index.php?rest_route=%2Fwp%2Fv2%2Fcomments&post=684445"}],"version-history":[{"count":1,"href":"https:\/\/www.diarioimagen.net\/index.php?rest_route=\/wp\/v2\/posts\/684445\/revisions"}],"predecessor-version":[{"id":684447,"href":"https:\/\/www.diarioimagen.net\/index.php?rest_route=\/wp\/v2\/posts\/684445\/revisions\/684447"}],"wp:featuredmedia":[{"embeddable":true,"href":"https:\/\/www.diarioimagen.net\/index.php?rest_route=\/wp\/v2\/media\/684446"}],"wp:attachment":[{"href":"https:\/\/www.diarioimagen.net\/index.php?rest_route=%2Fwp%2Fv2%2Fmedia&parent=684445"}],"wp:term":[{"taxonomy":"category","embeddable":true,"href":"https:\/\/www.diarioimagen.net\/index.php?rest_route=%2Fwp%2Fv2%2Fcategories&post=684445"},{"taxonomy":"post_tag","embeddable":true,"href":"https:\/\/www.diarioimagen.net\/index.php?rest_route=%2Fwp%2Fv2%2Ftags&post=684445"}],"curies":[{"name":"wp","href":"https:\/\/api.w.org\/{rel}","templated":true}]}}