{"id":684484,"date":"2025-09-15T19:59:15","date_gmt":"2025-09-16T01:59:15","guid":{"rendered":"https:\/\/www.diarioimagen.net\/?p=684484"},"modified":"2025-09-15T19:59:15","modified_gmt":"2025-09-16T01:59:15","slug":"en-6-anos-salieron-de-la-pobreza-13-5-millones-de-personas-sheinbaum","status":"publish","type":"post","link":"https:\/\/www.diarioimagen.net\/?p=684484","title":{"rendered":"En 6 a\u00f1os, salieron de  la pobreza 13.5 millones  de personas: Sheinbaum"},"content":{"rendered":"<ul>\n<li><strong>Gira nacional de rendici\u00f3n de cuentas<\/strong><\/li>\n<li><strong>Es un hecho hist\u00f3rico que representa un triunfo de la Cuarta Transformaci\u00f3n, se\u00f1ala la Presidenta<\/strong><\/li>\n<\/ul>\n<div id=\"attachment_684485\" style=\"width: 415px\" class=\"wp-caption alignnone\"><img loading=\"lazy\" decoding=\"async\" aria-describedby=\"caption-attachment-684485\" class=\"wp-image-684485 size-large\" src=\"https:\/\/www.diarioimagen.net\/wp-content\/uploads\/2025\/09\/MANANERA-ok-5-405x270.jpg\" alt=\"\" width=\"405\" height=\"270\" srcset=\"https:\/\/www.diarioimagen.net\/wp-content\/uploads\/2025\/09\/MANANERA-ok-5-405x270.jpg 405w, https:\/\/www.diarioimagen.net\/wp-content\/uploads\/2025\/09\/MANANERA-ok-5-240x160.jpg 240w, https:\/\/www.diarioimagen.net\/wp-content\/uploads\/2025\/09\/MANANERA-ok-5-768x512.jpg 768w, https:\/\/www.diarioimagen.net\/wp-content\/uploads\/2025\/09\/MANANERA-ok-5.jpg 1500w\" sizes=\"auto, (max-width: 405px) 100vw, 405px\" \/><p id=\"caption-attachment-684485\" class=\"wp-caption-text\">En su gira por Michoac\u00e1n, de rendici\u00f3n de cuentas, la presidenta Claudia Sheinbaum Pardo resalt\u00f3 que, en s\u00f3lo 6 a\u00f1os, en M\u00e9xico salieron de la pobreza 13.5 millones de mexicanas y de mexicanos.<\/p><\/div>\n<p>Como parte de gira nacional de rendici\u00f3n de cuentas, la presidenta Claudia Sheinbaum Pardo, resalt\u00f3 que, en s\u00f3lo 6 a\u00f1os, en M\u00e9xico salieron de la pobreza 13.5 millones de mexicanas y de mexicanos, un hecho hist\u00f3rico que cimbr\u00f3 al mundo y que representa un triunfo de la Cuarta Transformaci\u00f3n y del expresidente Andr\u00e9s Manuel L\u00f3pez Obrador.<\/p>\n<p>\u201cHace menos de un mes, o quiz\u00e1 un mes, se dio una noticia que no solamente cimbr\u00f3 a M\u00e9xico, sino al mundo entero: En M\u00e9xico, en 6 a\u00f1os, salieron de la pobreza 13.5 millones de mexicanas y de mexicanos, hist\u00f3rico. Se distribuy\u00f3 la riqueza. Dejamos de ser uno de los pa\u00edses m\u00e1s desiguales del mundo, es decir, dejamos de ser un pa\u00eds en donde las brechas entre los m\u00e1s pobres y los m\u00e1s ricos eran las m\u00e1s amplias del mundo, a ser el pa\u00eds con menos desigualdad del continente, solamente debajo de Canad\u00e1. Es decir, se redujo la pobreza distribuyendo la riqueza en nuestro pa\u00eds, algo hist\u00f3rico.<\/p>\n<p>\u201cTodav\u00eda hay mucho por hacer, mucho, porque no queremos \u2014y luchamos por ello todos los d\u00edas\u2014 que haya una sola familia mexicana en pobreza, pero vamos avanzando, es el momento en donde el porcentaje de personas en pobreza en el pa\u00eds es el m\u00e1s bajo de toda la historia de M\u00e9xico, menos del 30 por ciento. Eso es triunfo de la Cuarta Transformaci\u00f3n de la Vida P\u00fablica y de un hombre que sigue siendo un honor nombrar: del Presidente Andr\u00e9s Manuel L\u00f3pez Obrador\u201d, resalt\u00f3 ante un lleno total en el Pabell\u00f3n Don Vasco.<\/p>\n<p>Inform\u00f3 que en Michoac\u00e1n un mill\u00f3n 294 mil 953 personas reciben de manera directa alguno de los Programas para el Bienestar del Gobierno de M\u00e9xico, impulsados por la Cuarta Transformaci\u00f3n de la Vida P\u00fablica, movimiento hist\u00f3rico a trav\u00e9s del cual, el pueblo recupera su dignidad.<\/p>\n<p>\u201cEs una inversi\u00f3n, no gasto, inversi\u00f3n de apoyo a las familias michoacanas de 35 mil 523 millones de pesos distribuidas de manera directa a las y a los michoacanos. Es \u00fanico este gran Programa de Bienestar, que es \u00fanico en el mundo\u201d, puntualiz\u00f3.<\/p>\n<p>Detall\u00f3 que en Michoac\u00e1n 571 mil 906 personas son derechohabientes de la Pensi\u00f3n para el Bienestar de las Personas Adultas Mayores; 39 mil 748 de la Pensi\u00f3n para el Bienestar de las Personas con Discapacidad; 127 mil 899 de la Beca Benito Ju\u00e1rez; 27 mil 731 de J\u00f3venes Construyendo el Futuro; 13 mil 846 de la beca J\u00f3venes Escribiendo el Futuro; 129 mil 728 menores de 0 a 4 a\u00f1os reciben apoyo con el Programa para el Bienestar de Ni\u00f1as y Ni\u00f1o Hijos de Madres Trabajadoras; 79 mil 865 peque\u00f1os productores son beneficiarios de Producci\u00f3n para el Bienestar; 75 mil 891 de Fertilizantes Gratuitos, producidos por Petr\u00f3leos Mexicanos (Pemex); 10 mil 525 de Sembrando Vida; 267 mil 103 mexicanos y mexicanas reciben Leche para el Bienestar; y 3 mil 789 escuelas educaci\u00f3n b\u00e1sica y 306 preparatorias fueron intervenidas con La Escuela es Nuestra.<\/p>\n<p>&nbsp;<\/p>\n<p><strong>Implementaci\u00f3n de tres nuevos programas<\/strong><\/p>\n<p>&nbsp;<\/p>\n<p>Record\u00f3 que con su gobierno se implementan tres nuevos programas: Pensi\u00f3n Mujeres Bienestar que este a\u00f1o beneficiar\u00e1 a 119 mil 510 mexicana de 60 a 64 a\u00f1os; la Beca Universal Rita Cetina Guti\u00e9rrez y el programa Salud Casa por Casa con el que 20 mil m\u00e9dicas, m\u00e9dicos, enfermeras y enfermeros visitan en sus domicilios a las personas adultas mayores y con discapacidad. Adem\u00e1s, destac\u00f3 que, en Michoac\u00e1n, con el programa Vivienda para el Bienestar, se construir\u00e1n 73 mil viviendas rurales y urbanas, a trav\u00e9s de Instituto del Fondo Nacional de la Vivienda para los Trabajadores (Infonavit) y la Comisi\u00f3n Nacional de Vivienda (Conavi). Mientras que 130 mil 238 personas recibir\u00e1n quitas y congelamientos de sus cr\u00e9ditos del Infonavit, as\u00ed como 4 mil 322 del Fondo de la Vivienda del Instituto de Seguridad y Servicios Sociales de los Trabajadores del Estado (FOVISSSTE).<\/p>\n<p>Tambi\u00e9n, se modernizar\u00e1 el puerto L\u00e1zaro C\u00e1rdenas, se repavimentar\u00e1n todas las carreteras federales, particularmente en la Costa, se tecnificar\u00e1 el Distrito de Riego 020, se recuperar\u00e1 el lago de P\u00e1tzcuaro, se construir\u00e1n preparatorias en Morelia y Uruapan y una plantel, el pr\u00f3ximo a\u00f1o, de la Universidad Nacional Rosario Castellanos (UNRC) cuyo municipio est\u00e1 en definici\u00f3n, 19 Centros de Educaci\u00f3n y Cuidado Infantil (CECI), un Centro LIBRE para las mujeres en cada municipio, se contrata a m\u00e1s personal del Hospital General de Maruata, se realiza la terminaci\u00f3n del Hospital General de Arantepacua, la rehabilitaci\u00f3n y ampliaci\u00f3n del Hospital Rural de Paracho, la ampliaci\u00f3n y remodelaci\u00f3n de la Cl\u00ednica Hospital de Uruapan del Instituto de Seguridad y Servicios Sociales de los Trabajadores del Estado (ISSSTE), de dos Unidades de Medicina Familiar, se trabaja en la construcci\u00f3n de un hospital en la zona p\u2019urh\u00e9pecha, el mejoramiento de las hidroel\u00e9ctricas y la Planta de Secado de Leche en Jiquilpan para Leche para el Bienestar.<\/p>\n<p>Adicionalmente, con inversi\u00f3n mixta, se modernizar\u00e1n las autopistas P\u00e1tzcuaro-Uruapan, Zit\u00e1cuaro-Maravat\u00edo, Uruapan-Nueva Italia y Nueva Italia- L\u00e1zaro C\u00e1rdenas.<\/p>\n<p>&nbsp;<\/p>\n<p><strong>La independencia se conquista todos los d\u00edas, destaca CSP<\/strong><\/p>\n<p>&nbsp;<\/p>\n<p>La presidenta Claudia Sheinbaum Pardo resalt\u00f3 que M\u00e9xico es y ser\u00e1 un pa\u00eds libre, independiente y soberano.<\/p>\n<p>\u201cEn este mes de la patria sabemos las mexicanas y los mexicanos que la independencia se conquista todos los d\u00edas y que en nuestra mente, nuestro coraz\u00f3n y en la historia de M\u00e9xico sabemos que M\u00e9xico es un pa\u00eds libre, independiente y soberano, y que as\u00ed lo va a seguir siendo por voluntad de su pueblo\u201d, expres\u00f3.<\/p>\n<p>Record\u00f3 que este 14 de septiembre, como parte de la reivindicaci\u00f3n de las mujeres en la historia, se incorpor\u00f3 al calendario c\u00edvico el D\u00eda de las Hero\u00ednas An\u00f3nimas de la Patria y destac\u00f3 el caso de Manuela Molina \u201cLa Capitana\u201d, hero\u00edna ind\u00edgena de la Independencia que comand\u00f3 tropas y dio la vida por su pa\u00eds.<\/p>\n<p>\u201cUna hermosa mujer que hoy reconocemos, a Manuela Molina. Pues como ella, muchas mujeres en la historia de M\u00e9xico. Y es importante para las ni\u00f1as, para las j\u00f3venes, saber que M\u00e9xico se ha construido con grandes h\u00e9roes, pero tambi\u00e9n grandes hero\u00ednas que forjaron a nuestro pa\u00eds\u201d, agreg\u00f3.<\/p>\n<p>Como parte de su gira nacional de rendici\u00f3n de cuentas, inform\u00f3 que, en el Estado de M\u00e9xico, -entidad n\u00famero 16 que visita- 3 millones 800 mil personas reciben alg\u00fan Programa para el Bienestar, de manera directa, sin intermediarios y sin condicionamientos pol\u00edticos como se hac\u00eda en los gobiernos neoliberales.<\/p>\n<p>Detall\u00f3 que en esta entidad, un mill\u00f3n 509 mil personas reciben la Pensi\u00f3n para el Bienestar de las Personas Adultas Mayores; 145 mil 452 la Pensi\u00f3n para Personas con Discapacidad; 565 mil 516 la beca Benito Ju\u00e1rez; 41 mil 154 la beca J\u00f3venes Escribiendo el Futuro; 275 mil becas para ni\u00f1as y ni\u00f1os de preescolar y primaria; 157 mil 556 de Producci\u00f3n para el Bienestar; 157 mil 121 Fertilizantes Gratuitos; un mill\u00f3n 752 mil 358 Leche para el Bienestar; 4 mil 613 escuelas de educaci\u00f3n b\u00e1sica y 647 preparatorias apoyos de La Escuela es Nuestra; 401 mil 160 la Pensi\u00f3n Mujeres Bienestar; adem\u00e1s de las y los derechohabientes de la beca Rita Cetina y Salud Casa por Casa.<\/p>\n<p>&nbsp;<\/p>\n<p>&nbsp;<\/p>\n","protected":false},"excerpt":{"rendered":"<p>Gira nacional de rendici\u00f3n de cuentas Es un hecho hist\u00f3rico que representa un triunfo de la Cuarta Transformaci\u00f3n, se\u00f1ala la Presidenta Como parte de gira nacional de rendici\u00f3n de cuentas, la presidenta Claudia Sheinbaum Pardo, resalt\u00f3 que, en s\u00f3lo 6 a\u00f1os, en M\u00e9xico salieron de la pobreza 13.5 millones de mexicanas y de mexicanos, un [&hellip;]<\/p>\n","protected":false},"author":14,"featured_media":684485,"comment_status":"open","ping_status":"open","sticky":false,"template":"","format":"standard","meta":{"_monsterinsights_skip_tracking":false,"_monsterinsights_sitenote_active":false,"_monsterinsights_sitenote_note":"","_monsterinsights_sitenote_category":0,"footnotes":""},"categories":[3],"tags":[],"class_list":["post-684484","post","type-post","status-publish","format-standard","has-post-thumbnail","hentry","category-nacional"],"_links":{"self":[{"href":"https:\/\/www.diarioimagen.net\/index.php?rest_route=\/wp\/v2\/posts\/684484","targetHints":{"allow":["GET"]}}],"collection":[{"href":"https:\/\/www.diarioimagen.net\/index.php?rest_route=\/wp\/v2\/posts"}],"about":[{"href":"https:\/\/www.diarioimagen.net\/index.php?rest_route=\/wp\/v2\/types\/post"}],"author":[{"embeddable":true,"href":"https:\/\/www.diarioimagen.net\/index.php?rest_route=\/wp\/v2\/users\/14"}],"replies":[{"embeddable":true,"href":"https:\/\/www.diarioimagen.net\/index.php?rest_route=%2Fwp%2Fv2%2Fcomments&post=684484"}],"version-history":[{"count":1,"href":"https:\/\/www.diarioimagen.net\/index.php?rest_route=\/wp\/v2\/posts\/684484\/revisions"}],"predecessor-version":[{"id":684486,"href":"https:\/\/www.diarioimagen.net\/index.php?rest_route=\/wp\/v2\/posts\/684484\/revisions\/684486"}],"wp:featuredmedia":[{"embeddable":true,"href":"https:\/\/www.diarioimagen.net\/index.php?rest_route=\/wp\/v2\/media\/684485"}],"wp:attachment":[{"href":"https:\/\/www.diarioimagen.net\/index.php?rest_route=%2Fwp%2Fv2%2Fmedia&parent=684484"}],"wp:term":[{"taxonomy":"category","embeddable":true,"href":"https:\/\/www.diarioimagen.net\/index.php?rest_route=%2Fwp%2Fv2%2Fcategories&post=684484"},{"taxonomy":"post_tag","embeddable":true,"href":"https:\/\/www.diarioimagen.net\/index.php?rest_route=%2Fwp%2Fv2%2Ftags&post=684484"}],"curies":[{"name":"wp","href":"https:\/\/api.w.org\/{rel}","templated":true}]}}