{"id":684527,"date":"2025-09-15T20:18:37","date_gmt":"2025-09-16T02:18:37","guid":{"rendered":"https:\/\/www.diarioimagen.net\/?p=684527"},"modified":"2025-09-15T20:18:37","modified_gmt":"2025-09-16T02:18:37","slug":"categorias-infantiles-de-potros-salvajes-mas-que-un-semillero-en-futbol-americano","status":"publish","type":"post","link":"https:\/\/www.diarioimagen.net\/?p=684527","title":{"rendered":"Categor\u00edas infantiles de Potros Salvajes,  m\u00e1s que un semillero en futbol americano"},"content":{"rendered":"<p><strong>\u00a0<\/strong><strong>\u00a0<\/strong><\/p>\n<ul>\n<li><strong>En la actualidad, cuentan con seis categor\u00edas activas en competencia dentro de la ONEFA, sumando 186 ni\u00f1os en sus filas para la temporada 2025<\/strong><\/li>\n<\/ul>\n<div id=\"attachment_684528\" style=\"width: 415px\" class=\"wp-caption alignnone\"><img loading=\"lazy\" decoding=\"async\" aria-describedby=\"caption-attachment-684528\" class=\"wp-image-684528 size-large\" src=\"https:\/\/www.diarioimagen.net\/wp-content\/uploads\/2025\/09\/UAEM-1-4-405x270.jpg\" alt=\"\" width=\"405\" height=\"270\" srcset=\"https:\/\/www.diarioimagen.net\/wp-content\/uploads\/2025\/09\/UAEM-1-4-405x270.jpg 405w, https:\/\/www.diarioimagen.net\/wp-content\/uploads\/2025\/09\/UAEM-1-4-240x160.jpg 240w, https:\/\/www.diarioimagen.net\/wp-content\/uploads\/2025\/09\/UAEM-1-4-768x512.jpg 768w, https:\/\/www.diarioimagen.net\/wp-content\/uploads\/2025\/09\/UAEM-1-4-1536x1023.jpg 1536w, https:\/\/www.diarioimagen.net\/wp-content\/uploads\/2025\/09\/UAEM-1-4-2048x1364.jpg 2048w\" sizes=\"auto, (max-width: 405px) 100vw, 405px\" \/><p id=\"caption-attachment-684528\" class=\"wp-caption-text\">El head coach de Potros Salvajes, Ricardo Jim\u00e9nez, destac\u00f3\u00a0 que las categor\u00edas infantiles de los Potros Salvajes de la UAEM\u00e9x han sido m\u00e1s que un semillero de talento en el f\u00fatbol americano.<\/p><\/div>\n<p>Toluca, M\u00e9x.-\u00a0 Desde 1979, las categor\u00edas infantiles de los Potros Salvajes de la Universidad Aut\u00f3noma del Estado de M\u00e9xico (UAEM\u00e9x) han sido m\u00e1s que un semillero de talento en el f\u00fatbol americano. Son una escuela de vida, asegur\u00f3 el head coach Ricardo Jim\u00e9nez, quien destac\u00f3 el crecimiento e impacto que ha tenido esta rama formativa en generaciones de atletas mexiquenses.<\/p>\n<p>\u00abTenemos una historia grande en las categor\u00edas infantiles. Desde 1979 han sido temporadas muy relevantes. Los ni\u00f1os de entonces hoy son adultos y seguimos con la tradici\u00f3n de fomentar el deporte del tacleo desde temprana edad\u00bb, coment\u00f3 el entrenador.<\/p>\n<p>En la actualidad, los Potros Salvajes cuentan con seis categor\u00edas activas en competencia dentro de la Organizaci\u00f3n Nacional Estudiantil de F\u00fatbol Americano (ONEFA), sumando 186 ni\u00f1os en sus filas para la temporada 2025. Cada categor\u00eda agrupa entre 25 y 30 jugadores, quienes se preparan con al menos cinco o seis meses de antelaci\u00f3n para representar los colores verde y oro.<\/p>\n<p>A lo largo de las d\u00e9cadas, el programa ha experimentado cambios significativos, incluyendo la eliminaci\u00f3n de la Categor\u00eda Bantam y su paso por diferentes ligas y conferencias, hasta consolidarse en la ONEFA, donde hoy se mantiene como uno de los equipos protagonistas.<\/p>\n<p>Pero m\u00e1s all\u00e1 de lo competitivo, el coach Jim\u00e9nez recalc\u00f3 que este deporte tiene como objetivo una formaci\u00f3n integral. \u201cEs un deporte de contacto, s\u00ed, pero tambi\u00e9n es un deporte formativo. Aqu\u00ed trabajamos con valores como la disciplina, el respeto, la responsabilidad. Queremos que los ni\u00f1os sean buenos hijos, buenos estudiantes, buenos ciudadanos.\u201d<\/p>\n<p>Una de las historias m\u00e1s inspiradoras de esta temporada es la presencia de 10 ni\u00f1as compitiendo en distintas categor\u00edas. Aunque en las mayores a\u00fan no hay jugadoras femeninas, el head coach reconoce con entusiasmo la entrega y talento que han mostrado. \u201cHa sido satisfactorio ver la pasi\u00f3n con la que juegan. Ellas tambi\u00e9n defienden con orgullo los colores y sue\u00f1an en grande\u201d, dijo.<\/p>\n<p>Aunque los jugadores infantiles a\u00fan no son universitarios, se les ha fomentado el amor y lealtad por los colores verde y oro. \u201cSe les inculca el amor por representar a Potros Salvajes, por respetar y defender estos colores. El verde y oro no s\u00f3lo es un uniforme, es una identidad.\u201d<\/p>\n<p>Con resultados destacados en el campo, al colocarse entre los primeros lugares de la tabla general y con una estructura s\u00f3lida basada en el trabajo en equipo, la formaci\u00f3n y el compromiso, las categor\u00edas infantiles de Potros Salvajes siguen dejando huella.<\/p>\n<p>Porque aqu\u00ed los sue\u00f1os comienzan con un casco, un bal\u00f3n y la promesa de crecer dentro y fuera del emparrillado, afirm\u00f3 el head coach Ricardo Jim\u00e9nez.<\/p>\n<p>&nbsp;<\/p>\n<p>&nbsp;<\/p>\n","protected":false},"excerpt":{"rendered":"<p>\u00a0\u00a0 En la actualidad, cuentan con seis categor\u00edas activas en competencia dentro de la ONEFA, sumando 186 ni\u00f1os en sus filas para la temporada 2025 Toluca, M\u00e9x.-\u00a0 Desde 1979, las categor\u00edas infantiles de los Potros Salvajes de la Universidad Aut\u00f3noma del Estado de M\u00e9xico (UAEM\u00e9x) han sido m\u00e1s que un semillero de talento en el [&hellip;]<\/p>\n","protected":false},"author":14,"featured_media":684528,"comment_status":"open","ping_status":"open","sticky":false,"template":"","format":"standard","meta":{"_monsterinsights_skip_tracking":false,"_monsterinsights_sitenote_active":false,"_monsterinsights_sitenote_note":"","_monsterinsights_sitenote_category":0,"footnotes":""},"categories":[16,5],"tags":[],"class_list":["post-684527","post","type-post","status-publish","format-standard","has-post-thumbnail","hentry","category-destacadas","category-estado-de-mexico"],"_links":{"self":[{"href":"https:\/\/www.diarioimagen.net\/index.php?rest_route=\/wp\/v2\/posts\/684527","targetHints":{"allow":["GET"]}}],"collection":[{"href":"https:\/\/www.diarioimagen.net\/index.php?rest_route=\/wp\/v2\/posts"}],"about":[{"href":"https:\/\/www.diarioimagen.net\/index.php?rest_route=\/wp\/v2\/types\/post"}],"author":[{"embeddable":true,"href":"https:\/\/www.diarioimagen.net\/index.php?rest_route=\/wp\/v2\/users\/14"}],"replies":[{"embeddable":true,"href":"https:\/\/www.diarioimagen.net\/index.php?rest_route=%2Fwp%2Fv2%2Fcomments&post=684527"}],"version-history":[{"count":1,"href":"https:\/\/www.diarioimagen.net\/index.php?rest_route=\/wp\/v2\/posts\/684527\/revisions"}],"predecessor-version":[{"id":684529,"href":"https:\/\/www.diarioimagen.net\/index.php?rest_route=\/wp\/v2\/posts\/684527\/revisions\/684529"}],"wp:featuredmedia":[{"embeddable":true,"href":"https:\/\/www.diarioimagen.net\/index.php?rest_route=\/wp\/v2\/media\/684528"}],"wp:attachment":[{"href":"https:\/\/www.diarioimagen.net\/index.php?rest_route=%2Fwp%2Fv2%2Fmedia&parent=684527"}],"wp:term":[{"taxonomy":"category","embeddable":true,"href":"https:\/\/www.diarioimagen.net\/index.php?rest_route=%2Fwp%2Fv2%2Fcategories&post=684527"},{"taxonomy":"post_tag","embeddable":true,"href":"https:\/\/www.diarioimagen.net\/index.php?rest_route=%2Fwp%2Fv2%2Ftags&post=684527"}],"curies":[{"name":"wp","href":"https:\/\/api.w.org\/{rel}","templated":true}]}}