{"id":684530,"date":"2025-09-15T20:21:27","date_gmt":"2025-09-16T02:21:27","guid":{"rendered":"https:\/\/www.diarioimagen.net\/?p=684530"},"modified":"2025-09-15T20:21:27","modified_gmt":"2025-09-16T02:21:27","slug":"uaemex-presente-en-el-mundial-de-atletismo-tokio-2025","status":"publish","type":"post","link":"https:\/\/www.diarioimagen.net\/?p=684530","title":{"rendered":"UAEM\u00e9x, presente en el Mundial de Atletismo Tokio 2025."},"content":{"rendered":"<p>&nbsp;<\/p>\n<div id=\"attachment_684531\" style=\"width: 269px\" class=\"wp-caption alignnone\"><img loading=\"lazy\" decoding=\"async\" aria-describedby=\"caption-attachment-684531\" class=\"wp-image-684531 size-large\" src=\"https:\/\/www.diarioimagen.net\/wp-content\/uploads\/2025\/09\/UAEM-2-5-259x270.jpg\" alt=\"\" width=\"259\" height=\"270\" srcset=\"https:\/\/www.diarioimagen.net\/wp-content\/uploads\/2025\/09\/UAEM-2-5-259x270.jpg 259w, https:\/\/www.diarioimagen.net\/wp-content\/uploads\/2025\/09\/UAEM-2-5-231x240.jpg 231w, https:\/\/www.diarioimagen.net\/wp-content\/uploads\/2025\/09\/UAEM-2-5-768x799.jpg 768w, https:\/\/www.diarioimagen.net\/wp-content\/uploads\/2025\/09\/UAEM-2-5-1476x1536.jpg 1476w, https:\/\/www.diarioimagen.net\/wp-content\/uploads\/2025\/09\/UAEM-2-5-1967x2048.jpg 1967w\" sizes=\"auto, (max-width: 259px) 100vw, 259px\" \/><p id=\"caption-attachment-684531\" class=\"wp-caption-text\">La entrenadora y deportista de la UAEM\u00e9x, Margarita Hern\u00e1ndez Flores, tuvo una destacada participaci\u00f3n en el Campeonato Mundial de Atletismo Tokio 2025, dentro de la prueba de marat\u00f3n<\/p><\/div>\n<p><strong>\u00a0<\/strong><\/p>\n<p>La corredora universitaria concluy\u00f3 la exigente ruta con un tiempo de 3 horas, 2 minutos y 26 segundos, ubic\u00e1ndose en el lugar 63 de la clasificaci\u00f3n general. La competencia se llev\u00f3 a cabo la ma\u00f1ana del domingo en Jap\u00f3n, noche del s\u00e1bado en la capital mexicana, en un recorrido que finaliz\u00f3 con dos vueltas y media al Estadio Nacional de Atletismo de Tokio.<\/p>\n<p>Con entrega y determinaci\u00f3n, Hern\u00e1ndez Flores demostr\u00f3 su calidad en la prueba m\u00e1s demandante del atletismo, dejando en alto los colores verde y oro.<\/p>\n<p>La participaci\u00f3n de la universitaria refleja tambi\u00e9n el compromiso de la Administraci\u00f3n 2025-2029 de la UAEM\u00e9x, encabezada por la rectora Martha Patricia Zarza Delgado, para respaldar a las y los atletas en sus compromisos nacionales e internacionales.<\/p>\n<p>Con actuaciones como la de Margarita Hern\u00e1ndez, la comunidad de la Aut\u00f3noma mexiquense reafirma su presencia en escenarios de talla mundial y mantiene viva la tradici\u00f3n deportiva que distingue a la instituci\u00f3n.<\/p>\n<p>&nbsp;<\/p>\n<p>&nbsp;<\/p>\n<p>&nbsp;<\/p>\n<p>&nbsp;<\/p>\n<p>&nbsp;<\/p>\n","protected":false},"excerpt":{"rendered":"<p>&nbsp; \u00a0 La corredora universitaria concluy\u00f3 la exigente ruta con un tiempo de 3 horas, 2 minutos y 26 segundos, ubic\u00e1ndose en el lugar 63 de la clasificaci\u00f3n general. La competencia se llev\u00f3 a cabo la ma\u00f1ana del domingo en Jap\u00f3n, noche del s\u00e1bado en la capital mexicana, en un recorrido que finaliz\u00f3 con dos [&hellip;]<\/p>\n","protected":false},"author":14,"featured_media":684531,"comment_status":"open","ping_status":"open","sticky":false,"template":"","format":"standard","meta":{"_monsterinsights_skip_tracking":false,"_monsterinsights_sitenote_active":false,"_monsterinsights_sitenote_note":"","_monsterinsights_sitenote_category":0,"footnotes":""},"categories":[16,5],"tags":[],"class_list":["post-684530","post","type-post","status-publish","format-standard","has-post-thumbnail","hentry","category-destacadas","category-estado-de-mexico"],"_links":{"self":[{"href":"https:\/\/www.diarioimagen.net\/index.php?rest_route=\/wp\/v2\/posts\/684530","targetHints":{"allow":["GET"]}}],"collection":[{"href":"https:\/\/www.diarioimagen.net\/index.php?rest_route=\/wp\/v2\/posts"}],"about":[{"href":"https:\/\/www.diarioimagen.net\/index.php?rest_route=\/wp\/v2\/types\/post"}],"author":[{"embeddable":true,"href":"https:\/\/www.diarioimagen.net\/index.php?rest_route=\/wp\/v2\/users\/14"}],"replies":[{"embeddable":true,"href":"https:\/\/www.diarioimagen.net\/index.php?rest_route=%2Fwp%2Fv2%2Fcomments&post=684530"}],"version-history":[{"count":1,"href":"https:\/\/www.diarioimagen.net\/index.php?rest_route=\/wp\/v2\/posts\/684530\/revisions"}],"predecessor-version":[{"id":684532,"href":"https:\/\/www.diarioimagen.net\/index.php?rest_route=\/wp\/v2\/posts\/684530\/revisions\/684532"}],"wp:featuredmedia":[{"embeddable":true,"href":"https:\/\/www.diarioimagen.net\/index.php?rest_route=\/wp\/v2\/media\/684531"}],"wp:attachment":[{"href":"https:\/\/www.diarioimagen.net\/index.php?rest_route=%2Fwp%2Fv2%2Fmedia&parent=684530"}],"wp:term":[{"taxonomy":"category","embeddable":true,"href":"https:\/\/www.diarioimagen.net\/index.php?rest_route=%2Fwp%2Fv2%2Fcategories&post=684530"},{"taxonomy":"post_tag","embeddable":true,"href":"https:\/\/www.diarioimagen.net\/index.php?rest_route=%2Fwp%2Fv2%2Ftags&post=684530"}],"curies":[{"name":"wp","href":"https:\/\/api.w.org\/{rel}","templated":true}]}}