{"id":684632,"date":"2025-09-16T20:26:18","date_gmt":"2025-09-17T02:26:18","guid":{"rendered":"https:\/\/www.diarioimagen.net\/?p=684632"},"modified":"2025-09-16T20:26:18","modified_gmt":"2025-09-17T02:26:18","slug":"que-muera-la-corrupcion-y-la-impunidad-azucena-cisneros","status":"publish","type":"post","link":"https:\/\/www.diarioimagen.net\/?p=684632","title":{"rendered":"\u201cQue muera la corrupci\u00f3n y la  impunidad\u201d: Azucena Cisneros"},"content":{"rendered":"<ul>\n<li><strong>Ceremonia de \u201cEl Grito\u201d el Ecatepec<\/strong><\/li>\n<\/ul>\n<p><strong>\u00a0<\/strong><\/p>\n<p><img loading=\"lazy\" decoding=\"async\" class=\"alignnone wp-image-684633 size-large\" src=\"https:\/\/www.diarioimagen.net\/wp-content\/uploads\/2025\/09\/BAENA-2-ok-10-403x270.jpg\" alt=\"\" width=\"403\" height=\"270\" srcset=\"https:\/\/www.diarioimagen.net\/wp-content\/uploads\/2025\/09\/BAENA-2-ok-10-403x270.jpg 403w, https:\/\/www.diarioimagen.net\/wp-content\/uploads\/2025\/09\/BAENA-2-ok-10-240x161.jpg 240w, https:\/\/www.diarioimagen.net\/wp-content\/uploads\/2025\/09\/BAENA-2-ok-10-768x515.jpg 768w, https:\/\/www.diarioimagen.net\/wp-content\/uploads\/2025\/09\/BAENA-2-ok-10-1536x1030.jpg 1536w, https:\/\/www.diarioimagen.net\/wp-content\/uploads\/2025\/09\/BAENA-2-ok-10-2048x1373.jpg 2048w\" sizes=\"auto, (max-width: 403px) 100vw, 403px\" \/><\/p>\n<p>Ecatepec, M\u00e9x.- Azucena Cisneros Coss, primera presidenta municipal de este municipio. dio El Grito de Independencia y record\u00f3 a los h\u00e9roes que nos dieron patria y libertad; tambi\u00e9n pidi\u00f3 que muera la corrupci\u00f3n, la deshonestidad y la impunidad.<\/p>\n<p>&nbsp;<\/p>\n<p>Luego de recibir la bandera mexicana, la alcaldesa se dirigi\u00f3 al balc\u00f3n del palacio municipal, donde exclam\u00f3:\u00a0 \u201cEcatepenses, que \u00a1muera la corrupci\u00f3n!, \u00a1que muera la deshonestidad!, que \u00a1muera el abandono al pueblo! (y) que \u00a1muera la impunidad\u201d. Y solicit\u00f3 un \u00a1\u201cVivan las mujeres ecatepenses!\u201d.<\/p>\n<p>Sus palabras fueron acompa\u00f1adas por \u201c\u00a1vivas!\u201d y \u201c\u00a1mueran!\u201d de los miles de vecinos que se dieron cita en la explanada municipal, que portando cornetas, matracas y banderitas tricolores festejaban \u201cEl Grito de Independencia<\/p>\n<p>&nbsp;<\/p>\n<p>Al terminar el evento, estallaron en el cielo de Ecatepec cientos de fuegos pirot\u00e9cnicos que iluminaron de colores la noche.<\/p>\n<p>&nbsp;<\/p>\n<p>Los ecatepenses tambi\u00e9n disfrutaron de la verbena popular, donde pudieron consumir antojitos mexicanos como tacos, sopes, pambazos, quesadillas, esquites, algod\u00f3n de az\u00facar, aguas de jamaica y horchata, entre otras delicias de la cocina mexicana.<\/p>\n<p>&nbsp;<\/p>\n<p>Adem\u00e1s, el evento fue amenizado por La Sonora Santanera de Carlos Colorado con Mar\u00eda Fernanda, el grupo Ch\u00e9jere y la sinf\u00f3nica Jos\u00e9 Mar\u00eda Morelos, as\u00ed como grupos de danza, que presentaron bailables folcl\u00f3ricos de diversas regiones del pa\u00eds.<\/p>\n<p>&nbsp;<\/p>\n<p>&nbsp;<\/p>\n","protected":false},"excerpt":{"rendered":"<p>Ceremonia de \u201cEl Grito\u201d el Ecatepec \u00a0 Ecatepec, M\u00e9x.- Azucena Cisneros Coss, primera presidenta municipal de este municipio. dio El Grito de Independencia y record\u00f3 a los h\u00e9roes que nos dieron patria y libertad; tambi\u00e9n pidi\u00f3 que muera la corrupci\u00f3n, la deshonestidad y la impunidad. &nbsp; Luego de recibir la bandera mexicana, la alcaldesa se [&hellip;]<\/p>\n","protected":false},"author":14,"featured_media":684633,"comment_status":"open","ping_status":"open","sticky":false,"template":"","format":"standard","meta":{"_monsterinsights_skip_tracking":false,"_monsterinsights_sitenote_active":false,"_monsterinsights_sitenote_note":"","_monsterinsights_sitenote_category":0,"footnotes":""},"categories":[5],"tags":[],"class_list":["post-684632","post","type-post","status-publish","format-standard","has-post-thumbnail","hentry","category-estado-de-mexico"],"_links":{"self":[{"href":"https:\/\/www.diarioimagen.net\/index.php?rest_route=\/wp\/v2\/posts\/684632","targetHints":{"allow":["GET"]}}],"collection":[{"href":"https:\/\/www.diarioimagen.net\/index.php?rest_route=\/wp\/v2\/posts"}],"about":[{"href":"https:\/\/www.diarioimagen.net\/index.php?rest_route=\/wp\/v2\/types\/post"}],"author":[{"embeddable":true,"href":"https:\/\/www.diarioimagen.net\/index.php?rest_route=\/wp\/v2\/users\/14"}],"replies":[{"embeddable":true,"href":"https:\/\/www.diarioimagen.net\/index.php?rest_route=%2Fwp%2Fv2%2Fcomments&post=684632"}],"version-history":[{"count":1,"href":"https:\/\/www.diarioimagen.net\/index.php?rest_route=\/wp\/v2\/posts\/684632\/revisions"}],"predecessor-version":[{"id":684634,"href":"https:\/\/www.diarioimagen.net\/index.php?rest_route=\/wp\/v2\/posts\/684632\/revisions\/684634"}],"wp:featuredmedia":[{"embeddable":true,"href":"https:\/\/www.diarioimagen.net\/index.php?rest_route=\/wp\/v2\/media\/684633"}],"wp:attachment":[{"href":"https:\/\/www.diarioimagen.net\/index.php?rest_route=%2Fwp%2Fv2%2Fmedia&parent=684632"}],"wp:term":[{"taxonomy":"category","embeddable":true,"href":"https:\/\/www.diarioimagen.net\/index.php?rest_route=%2Fwp%2Fv2%2Fcategories&post=684632"},{"taxonomy":"post_tag","embeddable":true,"href":"https:\/\/www.diarioimagen.net\/index.php?rest_route=%2Fwp%2Fv2%2Ftags&post=684632"}],"curies":[{"name":"wp","href":"https:\/\/api.w.org\/{rel}","templated":true}]}}