{"id":684635,"date":"2025-09-16T20:29:00","date_gmt":"2025-09-17T02:29:00","guid":{"rendered":"https:\/\/www.diarioimagen.net\/?p=684635"},"modified":"2025-09-16T20:29:00","modified_gmt":"2025-09-17T02:29:00","slug":"cientos-de-ciudadanos-presenciaron-el-desfile-civico-militar-en-tlalnepantla","status":"publish","type":"post","link":"https:\/\/www.diarioimagen.net\/?p=684635","title":{"rendered":"Cientos de ciudadanos presenciaron  el desfile c\u00edvico-militar en Tlalnepantla"},"content":{"rendered":"<p>&nbsp;<\/p>\n<ul>\n<li><strong>Colorido espect\u00e1culo<\/strong><\/li>\n<\/ul>\n<div id=\"attachment_684636\" style=\"width: 415px\" class=\"wp-caption alignnone\"><img loading=\"lazy\" decoding=\"async\" aria-describedby=\"caption-attachment-684636\" class=\"wp-image-684636 size-large\" src=\"https:\/\/www.diarioimagen.net\/wp-content\/uploads\/2025\/09\/BAENA3-ok-1-405x270.jpg\" alt=\"\" width=\"405\" height=\"270\" srcset=\"https:\/\/www.diarioimagen.net\/wp-content\/uploads\/2025\/09\/BAENA3-ok-1-405x270.jpg 405w, https:\/\/www.diarioimagen.net\/wp-content\/uploads\/2025\/09\/BAENA3-ok-1-240x160.jpg 240w, https:\/\/www.diarioimagen.net\/wp-content\/uploads\/2025\/09\/BAENA3-ok-1-768x512.jpg 768w, https:\/\/www.diarioimagen.net\/wp-content\/uploads\/2025\/09\/BAENA3-ok-1.jpg 1500w\" sizes=\"auto, (max-width: 405px) 100vw, 405px\" \/><p id=\"caption-attachment-684636\" class=\"wp-caption-text\">El presidente municipal Raciel P\u00e9rez Cruz presenci\u00f3 el desfile c\u00edvico militar del 16 desde el balc\u00f3n del Palacio Municipal acompa\u00f1ado por integrantes del cuerpo edilicio y funcionarios de la administraci\u00f3n.<\/p><\/div>\n<p>&nbsp;<\/p>\n<p>Tlalnepantla, M\u00e9x.- El alcalde Raciel P\u00e9rez Cruz presenci\u00f3 el desfile c\u00edvico militar del 16 desde el balc\u00f3n del Palacio Municipal acompa\u00f1ado por integrantes del cuerpo edilicio y funcionarios de la administraci\u00f3n, quienes disfrutaron de este colorido espect\u00e1culo.<\/p>\n<p>&nbsp;<\/p>\n<p>Alumnas y alumnos de 20 escuelas del municipio marcharon con alegr\u00eda y entusiasmo, mientras sus familiares aplaud\u00edan orgullosos el paso de las y los peque\u00f1os que desfilaron con honor y algarab\u00eda.<\/p>\n<p>&nbsp;<\/p>\n<p>El titular de la Comisar\u00eda General de Proximidad y Seguridad Ciudadana, Jorge Alberto G\u00f3mez Estrella, solicit\u00f3 permiso al presidente municipal para iniciar con las participaciones de contingentes como la escolta femenil de esta dependencia, de la Cruz Roja Mexicana, del Pentatl\u00f3n Universitario, del Grupo de Intervenci\u00f3n y Proximidad, de los Binomios K9, de la Comisar\u00eda General Varonil y Femenil y de la Subdirecci\u00f3n de Tr\u00e1nsito y Vialidad, por mencionar algunos.<\/p>\n<p>&nbsp;<\/p>\n<p>Uno de los instantes m\u00e1s emotivos fue cuando apareci\u00f3 el contingente vehicular con uniformados acompa\u00f1ados por sus hijos y vecinos de diversas comunidades, quienes refrendaron su confianza en esta instituci\u00f3n de seguridad municipal.<\/p>\n<p>&nbsp;<\/p>\n<p>Por parte de la Direcci\u00f3n Municipal de Protecci\u00f3n Civil y Gesti\u00f3n Integral de Riesgos, desfil\u00f3 el Honorable Cuerpo de Bomberos de Tlalnepantla, as\u00ed como las Unidades Motorizadas y de Rescate, todos ellos s\u00edmbolo de valent\u00eda y compromiso con la ciudadan\u00eda.<\/p>\n<p>&nbsp;<\/p>\n<p>Para concluir, la Asociaci\u00f3n de Charros de Tlalnepantla Venancio Ugalde A.C. engalan\u00f3 este desfile, mismo que tambi\u00e9n cont\u00f3 con la participaci\u00f3n de compa\u00f1eras y compa\u00f1eros de barrido manual adscritos a la Direcci\u00f3n de Servicios P\u00fablicos y Mantenimiento Urbano, hombres y mujeres que diariamente realizan la incansable labor de conservar limpia nuestra ciudad.<\/p>\n<p>&nbsp;<\/p>\n","protected":false},"excerpt":{"rendered":"<p>&nbsp; Colorido espect\u00e1culo &nbsp; Tlalnepantla, M\u00e9x.- El alcalde Raciel P\u00e9rez Cruz presenci\u00f3 el desfile c\u00edvico militar del 16 desde el balc\u00f3n del Palacio Municipal acompa\u00f1ado por integrantes del cuerpo edilicio y funcionarios de la administraci\u00f3n, quienes disfrutaron de este colorido espect\u00e1culo. &nbsp; Alumnas y alumnos de 20 escuelas del municipio marcharon con alegr\u00eda y entusiasmo, [&hellip;]<\/p>\n","protected":false},"author":14,"featured_media":684636,"comment_status":"open","ping_status":"open","sticky":false,"template":"","format":"standard","meta":{"_monsterinsights_skip_tracking":false,"_monsterinsights_sitenote_active":false,"_monsterinsights_sitenote_note":"","_monsterinsights_sitenote_category":0,"footnotes":""},"categories":[5],"tags":[],"class_list":["post-684635","post","type-post","status-publish","format-standard","has-post-thumbnail","hentry","category-estado-de-mexico"],"_links":{"self":[{"href":"https:\/\/www.diarioimagen.net\/index.php?rest_route=\/wp\/v2\/posts\/684635","targetHints":{"allow":["GET"]}}],"collection":[{"href":"https:\/\/www.diarioimagen.net\/index.php?rest_route=\/wp\/v2\/posts"}],"about":[{"href":"https:\/\/www.diarioimagen.net\/index.php?rest_route=\/wp\/v2\/types\/post"}],"author":[{"embeddable":true,"href":"https:\/\/www.diarioimagen.net\/index.php?rest_route=\/wp\/v2\/users\/14"}],"replies":[{"embeddable":true,"href":"https:\/\/www.diarioimagen.net\/index.php?rest_route=%2Fwp%2Fv2%2Fcomments&post=684635"}],"version-history":[{"count":1,"href":"https:\/\/www.diarioimagen.net\/index.php?rest_route=\/wp\/v2\/posts\/684635\/revisions"}],"predecessor-version":[{"id":684637,"href":"https:\/\/www.diarioimagen.net\/index.php?rest_route=\/wp\/v2\/posts\/684635\/revisions\/684637"}],"wp:featuredmedia":[{"embeddable":true,"href":"https:\/\/www.diarioimagen.net\/index.php?rest_route=\/wp\/v2\/media\/684636"}],"wp:attachment":[{"href":"https:\/\/www.diarioimagen.net\/index.php?rest_route=%2Fwp%2Fv2%2Fmedia&parent=684635"}],"wp:term":[{"taxonomy":"category","embeddable":true,"href":"https:\/\/www.diarioimagen.net\/index.php?rest_route=%2Fwp%2Fv2%2Fcategories&post=684635"},{"taxonomy":"post_tag","embeddable":true,"href":"https:\/\/www.diarioimagen.net\/index.php?rest_route=%2Fwp%2Fv2%2Ftags&post=684635"}],"curies":[{"name":"wp","href":"https:\/\/api.w.org\/{rel}","templated":true}]}}