{"id":684638,"date":"2025-09-16T20:30:22","date_gmt":"2025-09-17T02:30:22","guid":{"rendered":"https:\/\/www.diarioimagen.net\/?p=684638"},"modified":"2025-09-16T20:30:22","modified_gmt":"2025-09-17T02:30:22","slug":"encabeza-romina-contreras-el-grito-en-huixquilucan","status":"publish","type":"post","link":"https:\/\/www.diarioimagen.net\/?p=684638","title":{"rendered":"Encabeza Romina Contreras \u201cEl Grito\u201d en Huixquilucan"},"content":{"rendered":"<p><img loading=\"lazy\" decoding=\"async\" class=\"alignnone wp-image-684639 size-large\" src=\"https:\/\/www.diarioimagen.net\/wp-content\/uploads\/2025\/09\/BAENA-4-ok-9-399x270.jpg\" alt=\"\" width=\"399\" height=\"270\" srcset=\"https:\/\/www.diarioimagen.net\/wp-content\/uploads\/2025\/09\/BAENA-4-ok-9-399x270.jpg 399w, https:\/\/www.diarioimagen.net\/wp-content\/uploads\/2025\/09\/BAENA-4-ok-9-240x162.jpg 240w, https:\/\/www.diarioimagen.net\/wp-content\/uploads\/2025\/09\/BAENA-4-ok-9-768x520.jpg 768w, https:\/\/www.diarioimagen.net\/wp-content\/uploads\/2025\/09\/BAENA-4-ok-9-1536x1040.jpg 1536w, https:\/\/www.diarioimagen.net\/wp-content\/uploads\/2025\/09\/BAENA-4-ok-9-2048x1386.jpg 2048w\" sizes=\"auto, (max-width: 399px) 100vw, 399px\" \/><\/p>\n<p>&nbsp;<\/p>\n<p>&nbsp;<\/p>\n<p>Huixquilucan. M\u00e9x.- La presidenta municipal Romina Contreras Carrasco encabez\u00f3 la ceremonia del 215 Aniversario del Inicio de la Independencia de M\u00e9xico, con la asistencia de m\u00e1s de 20 mil personas, quienes escucharon el tradicional Grito de Dolores; el cuarto durante su gesti\u00f3n frente al gobierno de Huixquilucan. Ante el j\u00fabilo de los huixquiluquenses, que asistieron a la Explanada Municipal, la alcaldesa Romina Contreras, acompa\u00f1ada por el vicecoordinador del Grupo Parlamentario del PAN en el Senado, Enrique Vargas del Villar; sus hijas e integrantes del Cabildo y del gabinete, en punto de las 23:00 horas, sali\u00f3 al balc\u00f3n del Palacio Municipal para recordar al cura Miguel Hidalgo y a los h\u00e9roes que iniciaron la lucha en 1810 para dar patria y libertad a M\u00e9xico. Luego de recordar a los personajes de la historia nacional, con el objetivo de fortalecer la identidad nacional, la presidenta municipal Romina Contreras, con orgullo y entusiasmo, vitore\u00f3 a Huixquilucan, al Estado de M\u00e9xico y a M\u00e9xico.<\/p>\n<p>&nbsp;<\/p>\n<p>&nbsp;<\/p>\n<p>&nbsp;<\/p>\n<p>\u201c\u00a1Mexicanos Viva la Independencia Nacional!\u00a1Vivan los h\u00e9roes que nos dieron libertad!, \u00a1Viva Hidalgo!, \u00a1viva Morelos!, \u00a1viva Allende!, \u00a1viva Josefa Ortiz de Dom\u00ednguez!, \u00a1viva Aldama!, \u00a1viva Guerrero!, \u00a1viva el Estado de M\u00e9xico!, \u00a1Viva Huixquilucan!, \u00a1Viva Huixquilucan!, \u00a1Viva Huixquilucan!, \u00a1Viva M\u00e9xico!, \u00a1Viva M\u00e9xico!, \u00a1Viva M\u00e9xico!\u201d expres\u00f3 la presidenta municipal.<\/p>\n","protected":false},"excerpt":{"rendered":"<p>&nbsp; &nbsp; Huixquilucan. M\u00e9x.- La presidenta municipal Romina Contreras Carrasco encabez\u00f3 la ceremonia del 215 Aniversario del Inicio de la Independencia de M\u00e9xico, con la asistencia de m\u00e1s de 20 mil personas, quienes escucharon el tradicional Grito de Dolores; el cuarto durante su gesti\u00f3n frente al gobierno de Huixquilucan. Ante el j\u00fabilo de los huixquiluquenses, [&hellip;]<\/p>\n","protected":false},"author":14,"featured_media":684639,"comment_status":"open","ping_status":"open","sticky":false,"template":"","format":"standard","meta":{"_monsterinsights_skip_tracking":false,"_monsterinsights_sitenote_active":false,"_monsterinsights_sitenote_note":"","_monsterinsights_sitenote_category":0,"footnotes":""},"categories":[5],"tags":[],"class_list":["post-684638","post","type-post","status-publish","format-standard","has-post-thumbnail","hentry","category-estado-de-mexico"],"_links":{"self":[{"href":"https:\/\/www.diarioimagen.net\/index.php?rest_route=\/wp\/v2\/posts\/684638","targetHints":{"allow":["GET"]}}],"collection":[{"href":"https:\/\/www.diarioimagen.net\/index.php?rest_route=\/wp\/v2\/posts"}],"about":[{"href":"https:\/\/www.diarioimagen.net\/index.php?rest_route=\/wp\/v2\/types\/post"}],"author":[{"embeddable":true,"href":"https:\/\/www.diarioimagen.net\/index.php?rest_route=\/wp\/v2\/users\/14"}],"replies":[{"embeddable":true,"href":"https:\/\/www.diarioimagen.net\/index.php?rest_route=%2Fwp%2Fv2%2Fcomments&post=684638"}],"version-history":[{"count":1,"href":"https:\/\/www.diarioimagen.net\/index.php?rest_route=\/wp\/v2\/posts\/684638\/revisions"}],"predecessor-version":[{"id":684640,"href":"https:\/\/www.diarioimagen.net\/index.php?rest_route=\/wp\/v2\/posts\/684638\/revisions\/684640"}],"wp:featuredmedia":[{"embeddable":true,"href":"https:\/\/www.diarioimagen.net\/index.php?rest_route=\/wp\/v2\/media\/684639"}],"wp:attachment":[{"href":"https:\/\/www.diarioimagen.net\/index.php?rest_route=%2Fwp%2Fv2%2Fmedia&parent=684638"}],"wp:term":[{"taxonomy":"category","embeddable":true,"href":"https:\/\/www.diarioimagen.net\/index.php?rest_route=%2Fwp%2Fv2%2Fcategories&post=684638"},{"taxonomy":"post_tag","embeddable":true,"href":"https:\/\/www.diarioimagen.net\/index.php?rest_route=%2Fwp%2Fv2%2Ftags&post=684638"}],"curies":[{"name":"wp","href":"https:\/\/api.w.org\/{rel}","templated":true}]}}