{"id":685003,"date":"2025-09-18T21:23:59","date_gmt":"2025-09-19T03:23:59","guid":{"rendered":"https:\/\/www.diarioimagen.net\/?p=685003"},"modified":"2025-09-18T21:23:59","modified_gmt":"2025-09-19T03:23:59","slug":"reafirma-atizapan-su-compromiso-con-la-educacion","status":"publish","type":"post","link":"https:\/\/www.diarioimagen.net\/?p=685003","title":{"rendered":"Reafirma Atizap\u00e1n su compromiso con la educaci\u00f3n"},"content":{"rendered":"<p><img loading=\"lazy\" decoding=\"async\" class=\"alignnone wp-image-685004 size-large\" src=\"https:\/\/www.diarioimagen.net\/wp-content\/uploads\/2025\/09\/BAENA-4-ok-11-411x270.jpg\" alt=\"\" width=\"411\" height=\"270\" srcset=\"https:\/\/www.diarioimagen.net\/wp-content\/uploads\/2025\/09\/BAENA-4-ok-11-411x270.jpg 411w, https:\/\/www.diarioimagen.net\/wp-content\/uploads\/2025\/09\/BAENA-4-ok-11-240x158.jpg 240w, https:\/\/www.diarioimagen.net\/wp-content\/uploads\/2025\/09\/BAENA-4-ok-11-768x504.jpg 768w, https:\/\/www.diarioimagen.net\/wp-content\/uploads\/2025\/09\/BAENA-4-ok-11.jpg 1500w\" sizes=\"auto, (max-width: 411px) 100vw, 411px\" \/><\/p>\n<p>Atizap\u00e1n de Zaragoza, M\u00e9x.- El gobierno encabezado por el alcalde Pedro Rodr\u00edguez reafirma su compromiso con las familias de Atizap\u00e1n de Zaragoza a trav\u00e9s de un ambicioso programa de obra p\u00fablica, con el cual se encuentran en proceso 19 proyectos estrat\u00e9gicos enfocados exclusivamente en la dignificaci\u00f3n de los espacios educativos.<\/p>\n<p>Convencido de que la educaci\u00f3n es la piedra angular del progreso, se ha puesto en marcha esta serie de obras para asegurar que ni\u00f1os y j\u00f3venes cuenten con instalaciones modernas y seguras. Esta iniciativa abarca desde la educaci\u00f3n b\u00e1sica hasta el nivel superior, impactando positivamente a miles de estudiantes en diversas colonias y fraccionamientos del municipio. A lo largo del territorio atizapense, este esfuerzo se materializa en obras de gran calado.<\/p>\n<p>&nbsp;<\/p>\n<p>&nbsp;<\/p>\n<p>Por ejemplo, se est\u00e1n construyendo nuevas aulas para ampliar la capacidad y mejorar la calidad de la ense\u00f1anza en planteles como el Centro de Bachillerato Tecnol\u00f3gico (CBT) No. 2 de la colonia Ampliaci\u00f3n Emiliano Zapata y la Escuela Primaria \u00abEmma Godoy Lobato\u00bb en la colonia Alfredo V. Bonfil. De manera paralela, se instalan techumbres en patios y \u00e1reas deportivas, una acci\u00f3n fundamental para proteger a los alumnos del sol y la lluvia, como las que se edifican en la Escuela Preparatoria Oficial Anexa a la Normal de Atizap\u00e1n y en el CETIS 92 de Calacoaya.<\/p>\n<p>La seguridad y el bienestar son una prioridad en este programa. Por ello, se realizan trabajos de reconstrucci\u00f3n de bardas perimetrales y muros de contenci\u00f3n, como el que se lleva a cabo en la Escuela Secundaria T\u00e9cnica 47 \u00abLic. Adolfo L\u00f3pez Mateos\u00bb de Lomas Lindas, brindando as\u00ed mayor Ixtacalaidad a padres y docentes.<\/p>\n","protected":false},"excerpt":{"rendered":"<p>Atizap\u00e1n de Zaragoza, M\u00e9x.- El gobierno encabezado por el alcalde Pedro Rodr\u00edguez reafirma su compromiso con las familias de Atizap\u00e1n de Zaragoza a trav\u00e9s de un ambicioso programa de obra p\u00fablica, con el cual se encuentran en proceso 19 proyectos estrat\u00e9gicos enfocados exclusivamente en la dignificaci\u00f3n de los espacios educativos. Convencido de que la educaci\u00f3n [&hellip;]<\/p>\n","protected":false},"author":14,"featured_media":685004,"comment_status":"open","ping_status":"open","sticky":false,"template":"","format":"standard","meta":{"_monsterinsights_skip_tracking":false,"_monsterinsights_sitenote_active":false,"_monsterinsights_sitenote_note":"","_monsterinsights_sitenote_category":0,"footnotes":""},"categories":[5],"tags":[],"class_list":["post-685003","post","type-post","status-publish","format-standard","has-post-thumbnail","hentry","category-estado-de-mexico"],"_links":{"self":[{"href":"https:\/\/www.diarioimagen.net\/index.php?rest_route=\/wp\/v2\/posts\/685003","targetHints":{"allow":["GET"]}}],"collection":[{"href":"https:\/\/www.diarioimagen.net\/index.php?rest_route=\/wp\/v2\/posts"}],"about":[{"href":"https:\/\/www.diarioimagen.net\/index.php?rest_route=\/wp\/v2\/types\/post"}],"author":[{"embeddable":true,"href":"https:\/\/www.diarioimagen.net\/index.php?rest_route=\/wp\/v2\/users\/14"}],"replies":[{"embeddable":true,"href":"https:\/\/www.diarioimagen.net\/index.php?rest_route=%2Fwp%2Fv2%2Fcomments&post=685003"}],"version-history":[{"count":1,"href":"https:\/\/www.diarioimagen.net\/index.php?rest_route=\/wp\/v2\/posts\/685003\/revisions"}],"predecessor-version":[{"id":685005,"href":"https:\/\/www.diarioimagen.net\/index.php?rest_route=\/wp\/v2\/posts\/685003\/revisions\/685005"}],"wp:featuredmedia":[{"embeddable":true,"href":"https:\/\/www.diarioimagen.net\/index.php?rest_route=\/wp\/v2\/media\/685004"}],"wp:attachment":[{"href":"https:\/\/www.diarioimagen.net\/index.php?rest_route=%2Fwp%2Fv2%2Fmedia&parent=685003"}],"wp:term":[{"taxonomy":"category","embeddable":true,"href":"https:\/\/www.diarioimagen.net\/index.php?rest_route=%2Fwp%2Fv2%2Fcategories&post=685003"},{"taxonomy":"post_tag","embeddable":true,"href":"https:\/\/www.diarioimagen.net\/index.php?rest_route=%2Fwp%2Fv2%2Ftags&post=685003"}],"curies":[{"name":"wp","href":"https:\/\/api.w.org\/{rel}","templated":true}]}}