{"id":685031,"date":"2025-09-18T21:51:25","date_gmt":"2025-09-19T03:51:25","guid":{"rendered":"https:\/\/www.diarioimagen.net\/?p=685031"},"modified":"2025-09-18T21:51:25","modified_gmt":"2025-09-19T03:51:25","slug":"acciones-conjuntas-con-estados-senado-banobras-y-sict-fortalecen-la-educacion-en-el-pais-delgado","status":"publish","type":"post","link":"https:\/\/www.diarioimagen.net\/?p=685031","title":{"rendered":"Acciones conjuntas con estados,  Senado, Banobras y SICT fortalecen  la educaci\u00f3n en el pa\u00eds: Delgado"},"content":{"rendered":"<div id=\"attachment_685032\" style=\"width: 352px\" class=\"wp-caption alignnone\"><img loading=\"lazy\" decoding=\"async\" aria-describedby=\"caption-attachment-685032\" class=\"wp-image-685032 size-large\" src=\"https:\/\/www.diarioimagen.net\/wp-content\/uploads\/2025\/09\/SEP-ok-7-342x270.jpg\" alt=\"\" width=\"342\" height=\"270\" srcset=\"https:\/\/www.diarioimagen.net\/wp-content\/uploads\/2025\/09\/SEP-ok-7-342x270.jpg 342w, https:\/\/www.diarioimagen.net\/wp-content\/uploads\/2025\/09\/SEP-ok-7-240x189.jpg 240w, https:\/\/www.diarioimagen.net\/wp-content\/uploads\/2025\/09\/SEP-ok-7-768x606.jpg 768w, https:\/\/www.diarioimagen.net\/wp-content\/uploads\/2025\/09\/SEP-ok-7.jpg 1500w\" sizes=\"auto, (max-width: 342px) 100vw, 342px\" \/><p id=\"caption-attachment-685032\" class=\"wp-caption-text\">Mario Delgado, titular de la SEP, se reuni\u00f3 con la presidenta de la Comisi\u00f3n para la Igualdad de G\u00e9nero del Senado, Martha Luc\u00eda M\u00edcher Camarena.<\/p><\/div>\n<p>&nbsp;<\/p>\n<p>El secretario de Educaci\u00f3n P\u00fablica, Mario Delgado Carrillo, sostuvo diversos encuentros con representantes del Poder Legislativo, titulares del Poder Ejecutivo estatal y servidores p\u00fablicos federales, con el prop\u00f3sito de desarrollar acciones conjuntas orientadas al fortalecimiento del Sistema Educativo Nacional (SEN) y de la Nueva Escuela Mexicana (NEM), en beneficio de las comunidades educativas del pa\u00eds.<\/p>\n<p>En reuni\u00f3n con la presidenta de la Comisi\u00f3n para la Igualdad de G\u00e9nero del Senado de la Rep\u00fablica, Martha Luc\u00eda M\u00edcher Camarena, el titular de la SEP inform\u00f3 que se acord\u00f3 trabajar de manera conjunta en el impulso de medidas que consoliden el marco jur\u00eddico en materia educativa, con el objetivo de garantizar que ni\u00f1as, ni\u00f1os, adolescentes y j\u00f3venes cursen sus estudios en entornos seguros y libres de cualquier tipo de violencia.<\/p>\n<p>Con el objetivo de consolidar la NEM en todo el pa\u00eds, el secretario de Educaci\u00f3n P\u00fablica se reuni\u00f3, por separado, con el gobernador de San Luis Potos\u00ed, Ricardo Gallardo Cardona, y con la gobernadora de Guerrero, Evelyn Salgado Pineda, con quienes tambi\u00e9n analiz\u00f3 el estado que guarda el sector en ambas entidades.<\/p>\n<p>En la reuni\u00f3n con la gobernadora de Guerrero, Evelyn Salgado Pineda, la mandataria reafirm\u00f3 su compromiso de trabajar en coordinaci\u00f3n con el titular de la SEP para garantizar una educaci\u00f3n de calidad a ni\u00f1as, ni\u00f1os y j\u00f3venes de la entidad. Se\u00f1al\u00f3 que, para su administraci\u00f3n, la educaci\u00f3n es una prioridad en la transformaci\u00f3n del estado y agradeci\u00f3 el respaldo de la dependencia federal para impulsar programas y proyectos que atienden de manera directa las necesidades educativas del pueblo guerrerense.<\/p>\n<p>Para fortalecer la infraestructura educativa del pa\u00eds, el titular de la SEP sostuvo reuniones con el director general del Banco Nacional de Obras y Servicios P\u00fablicos (Banobras), Jorge Mendoza S\u00e1nchez, y con el titular de la Unidad de Proyectos de Infraestructura Urbana y Espacio P\u00fablico (UPIUEP) de la Secretar\u00eda de Infraestructura, Comunicaciones y Transportes (SICT), Rom\u00e1n Meyer Falc\u00f3n.<\/p>\n<p>Ambos encuentros forman parte de la estrategia interinstitucional impulsada por la Presidenta Claudia Sheinbaum Pardo, para garantizar que las comunidades educativas del pa\u00eds, en sus distintos niveles y modalidades, cuenten con espacios adecuados, seguros y funcionales.<\/p>\n<p>El trabajo coordinado entre la SEP y Banobras permite explorar mecanismos de financiamiento y ejecuci\u00f3n que ampl\u00eden la cobertura y calidad de las obras educativas a nivel nacional. Delgado Carrillo destac\u00f3 la importancia de vincular esfuerzos t\u00e9cnicos, financieros y sociales para transformar el entorno escolar, con base en los objetivos de la NEM.<\/p>\n<p>Durante el encuentro con el titular de la UPIUEP, se revisaron los avances de los proyectos de construcci\u00f3n, rehabilitaci\u00f3n y equipamiento que se realizan en coordinaci\u00f3n con el Instituto Nacional de la Infraestructura F\u00edsica Educativa (Inifed).<\/p>\n<p>\u201cLas obras priorizan el uso de materiales locales, la sustentabilidad y la seguridad estructural, para que las y los alumnos desarrollen un sentido de pertenencia con sus planteles educativos. Una infraestructura s\u00f3lida es fundamental para garantizar el derecho a la educaci\u00f3n\u201d, subray\u00f3 Delgado Carrillo.<\/p>\n<p>&nbsp;<\/p>\n<p>Estas acciones confirman el compromiso del Gobierno de M\u00e9xico de brindar espacios educativos dignos, seguros y funcionales en todo el pa\u00eds. La SEP continuar\u00e1 ampliando su presencia territorial mediante la construcci\u00f3n y rehabilitaci\u00f3n de planteles, con una perspectiva de equidad y bienestar.<\/p>\n<p>&nbsp;<\/p>\n<p>&nbsp;<\/p>\n<p><strong>\u00a0<\/strong><\/p>\n<p><strong>\u00a0<\/strong><\/p>\n","protected":false},"excerpt":{"rendered":"<p>&nbsp; El secretario de Educaci\u00f3n P\u00fablica, Mario Delgado Carrillo, sostuvo diversos encuentros con representantes del Poder Legislativo, titulares del Poder Ejecutivo estatal y servidores p\u00fablicos federales, con el prop\u00f3sito de desarrollar acciones conjuntas orientadas al fortalecimiento del Sistema Educativo Nacional (SEN) y de la Nueva Escuela Mexicana (NEM), en beneficio de las comunidades educativas del [&hellip;]<\/p>\n","protected":false},"author":14,"featured_media":685032,"comment_status":"open","ping_status":"open","sticky":false,"template":"","format":"standard","meta":{"_monsterinsights_skip_tracking":false,"_monsterinsights_sitenote_active":false,"_monsterinsights_sitenote_note":"","_monsterinsights_sitenote_category":0,"footnotes":""},"categories":[3],"tags":[],"class_list":["post-685031","post","type-post","status-publish","format-standard","has-post-thumbnail","hentry","category-nacional"],"_links":{"self":[{"href":"https:\/\/www.diarioimagen.net\/index.php?rest_route=\/wp\/v2\/posts\/685031","targetHints":{"allow":["GET"]}}],"collection":[{"href":"https:\/\/www.diarioimagen.net\/index.php?rest_route=\/wp\/v2\/posts"}],"about":[{"href":"https:\/\/www.diarioimagen.net\/index.php?rest_route=\/wp\/v2\/types\/post"}],"author":[{"embeddable":true,"href":"https:\/\/www.diarioimagen.net\/index.php?rest_route=\/wp\/v2\/users\/14"}],"replies":[{"embeddable":true,"href":"https:\/\/www.diarioimagen.net\/index.php?rest_route=%2Fwp%2Fv2%2Fcomments&post=685031"}],"version-history":[{"count":1,"href":"https:\/\/www.diarioimagen.net\/index.php?rest_route=\/wp\/v2\/posts\/685031\/revisions"}],"predecessor-version":[{"id":685033,"href":"https:\/\/www.diarioimagen.net\/index.php?rest_route=\/wp\/v2\/posts\/685031\/revisions\/685033"}],"wp:featuredmedia":[{"embeddable":true,"href":"https:\/\/www.diarioimagen.net\/index.php?rest_route=\/wp\/v2\/media\/685032"}],"wp:attachment":[{"href":"https:\/\/www.diarioimagen.net\/index.php?rest_route=%2Fwp%2Fv2%2Fmedia&parent=685031"}],"wp:term":[{"taxonomy":"category","embeddable":true,"href":"https:\/\/www.diarioimagen.net\/index.php?rest_route=%2Fwp%2Fv2%2Fcategories&post=685031"},{"taxonomy":"post_tag","embeddable":true,"href":"https:\/\/www.diarioimagen.net\/index.php?rest_route=%2Fwp%2Fv2%2Ftags&post=685031"}],"curies":[{"name":"wp","href":"https:\/\/api.w.org\/{rel}","templated":true}]}}