{"id":685200,"date":"2025-09-21T19:41:10","date_gmt":"2025-09-22T01:41:10","guid":{"rendered":"https:\/\/www.diarioimagen.net\/?p=685200"},"modified":"2025-09-21T19:41:10","modified_gmt":"2025-09-22T01:41:10","slug":"enrique-vargas-del-villar-garantia-de-triunfo-electoral-en-el-edomex","status":"publish","type":"post","link":"https:\/\/www.diarioimagen.net\/?p=685200","title":{"rendered":"\u00a0  Enrique Vargas del Villar, garant\u00eda  de triunfo electoral en el Edomex"},"content":{"rendered":"<p>&nbsp;<\/p>\n<ul>\n<li><strong>Agust\u00edn Belgodere destaca trayectoria<\/strong><\/li>\n<\/ul>\n<div id=\"attachment_685201\" style=\"width: 452px\" class=\"wp-caption alignnone\"><img loading=\"lazy\" decoding=\"async\" aria-describedby=\"caption-attachment-685201\" class=\"size-large wp-image-685201\" src=\"https:\/\/www.diarioimagen.net\/wp-content\/uploads\/2025\/09\/BAENA-2-ok-13-442x270.jpg\" alt=\"\" width=\"442\" height=\"270\" srcset=\"https:\/\/www.diarioimagen.net\/wp-content\/uploads\/2025\/09\/BAENA-2-ok-13-442x270.jpg 442w, https:\/\/www.diarioimagen.net\/wp-content\/uploads\/2025\/09\/BAENA-2-ok-13-240x147.jpg 240w, https:\/\/www.diarioimagen.net\/wp-content\/uploads\/2025\/09\/BAENA-2-ok-13-768x469.jpg 768w, https:\/\/www.diarioimagen.net\/wp-content\/uploads\/2025\/09\/BAENA-2-ok-13.jpg 1500w\" sizes=\"auto, (max-width: 442px) 100vw, 442px\" \/><p id=\"caption-attachment-685201\" class=\"wp-caption-text\">Enrique Vargas del Villar cuenta con el respaldo ciudadano para convertirse por tercera ocasi\u00f3n en el presidente municipal de este municipio.<\/p><\/div>\n<p>Por Arturo Baena<\/p>\n<p>&nbsp;<\/p>\n<p>Huixquilucan, M\u00e9x.\u2013 Enrique Vargas es un referente en la pol\u00edtica mexiquense. Es un hombre de palabra y de hechos que, en los procesos electorales del 2027, es garant\u00eda de triunfo y cuenta con el respaldo ciudadano para convertirse por tercera ocasi\u00f3n en el presidente municipal de este municipio.<\/p>\n<p>&nbsp;<\/p>\n<p>As\u00ed lo expresaron l\u00edderes sociales y empresariales a trav\u00e9s del ex regidor y luchador social, Agust\u00edn Belgodere, luego de se\u00f1alar que \u201cel actual senador de la Rep\u00fablica aparece entre los perfiles con mayor visibilidad pol\u00edtica en el municipio de cara al 2027 y al participar en la elecci\u00f3n no hay quien le gane, pues los huixquiluquenses saben de qu\u00e9 est\u00e1 hecho Enrique Vargas\u201d.<\/p>\n<p>&nbsp;<\/p>\n<p>Agust\u00edn Belgodere destac\u00f3 que \u201cen una encuesta de Massive Caller, realizada el 13 de agosto de 2025, se\u00f1ala que Vargas del Villar concentra el 55.9% de apoyo entre simpatizantes del PAN para ser candidato y luego alcalde, por tercera ocasi\u00f3n de uno de los municipios m\u00e1s importantes del Estado de M\u00e9xico, como lo es Huixquilucan\u201d.<\/p>\n<p>&nbsp;<\/p>\n<p>El tambi\u00e9n empresario record\u00f3 qu\u00e9 Vargas del Villar es uno de los pol\u00edticos m\u00e1s experimentados del municipio y del Estado de M\u00e9xico. \u201cHa sido diputado local, asesor en administraciones p\u00fablicas, dirigente en el PAN y actualmente senador, adem\u00e1s de haber gobernado Huixquilucan en dos periodos consecutivos, donde consolid\u00f3 una base pol\u00edtica s\u00f3lida y una estructura territorial que mantiene hasta hoy\u201d, puntualiz\u00f3<\/p>\n<p>&nbsp;<\/p>\n<p>En ese sentido, el senador mexiquense, efectivamente, ha expresado su inter\u00e9s de participar como candidato del PAN a la presidencia municipal de ese municipio.<\/p>\n<p>&nbsp;<\/p>\n<p>\u201cLos gobiernos panistas son los mejor calificados y que, desde 2016, Huixquilucan ha encabezado las evaluaciones como el municipio mejor administrado del Estado de M\u00e9xico y entre los primeros a nivel nacional\u201d, concluy\u00f3.<\/p>\n<p>&nbsp;<\/p>\n","protected":false},"excerpt":{"rendered":"<p>&nbsp; Agust\u00edn Belgodere destaca trayectoria Por Arturo Baena &nbsp; Huixquilucan, M\u00e9x.\u2013 Enrique Vargas es un referente en la pol\u00edtica mexiquense. Es un hombre de palabra y de hechos que, en los procesos electorales del 2027, es garant\u00eda de triunfo y cuenta con el respaldo ciudadano para convertirse por tercera ocasi\u00f3n en el presidente municipal de [&hellip;]<\/p>\n","protected":false},"author":14,"featured_media":685201,"comment_status":"open","ping_status":"open","sticky":false,"template":"","format":"standard","meta":{"_monsterinsights_skip_tracking":false,"_monsterinsights_sitenote_active":false,"_monsterinsights_sitenote_note":"","_monsterinsights_sitenote_category":0,"footnotes":""},"categories":[5],"tags":[],"class_list":["post-685200","post","type-post","status-publish","format-standard","has-post-thumbnail","hentry","category-estado-de-mexico"],"_links":{"self":[{"href":"https:\/\/www.diarioimagen.net\/index.php?rest_route=\/wp\/v2\/posts\/685200","targetHints":{"allow":["GET"]}}],"collection":[{"href":"https:\/\/www.diarioimagen.net\/index.php?rest_route=\/wp\/v2\/posts"}],"about":[{"href":"https:\/\/www.diarioimagen.net\/index.php?rest_route=\/wp\/v2\/types\/post"}],"author":[{"embeddable":true,"href":"https:\/\/www.diarioimagen.net\/index.php?rest_route=\/wp\/v2\/users\/14"}],"replies":[{"embeddable":true,"href":"https:\/\/www.diarioimagen.net\/index.php?rest_route=%2Fwp%2Fv2%2Fcomments&post=685200"}],"version-history":[{"count":1,"href":"https:\/\/www.diarioimagen.net\/index.php?rest_route=\/wp\/v2\/posts\/685200\/revisions"}],"predecessor-version":[{"id":685202,"href":"https:\/\/www.diarioimagen.net\/index.php?rest_route=\/wp\/v2\/posts\/685200\/revisions\/685202"}],"wp:featuredmedia":[{"embeddable":true,"href":"https:\/\/www.diarioimagen.net\/index.php?rest_route=\/wp\/v2\/media\/685201"}],"wp:attachment":[{"href":"https:\/\/www.diarioimagen.net\/index.php?rest_route=%2Fwp%2Fv2%2Fmedia&parent=685200"}],"wp:term":[{"taxonomy":"category","embeddable":true,"href":"https:\/\/www.diarioimagen.net\/index.php?rest_route=%2Fwp%2Fv2%2Fcategories&post=685200"},{"taxonomy":"post_tag","embeddable":true,"href":"https:\/\/www.diarioimagen.net\/index.php?rest_route=%2Fwp%2Fv2%2Ftags&post=685200"}],"curies":[{"name":"wp","href":"https:\/\/api.w.org\/{rel}","templated":true}]}}