{"id":685203,"date":"2025-09-21T20:18:53","date_gmt":"2025-09-22T02:18:53","guid":{"rendered":"https:\/\/www.diarioimagen.net\/?p=685203"},"modified":"2025-09-21T20:18:53","modified_gmt":"2025-09-22T02:18:53","slug":"ineficiente-propuesta-de-paquete-fiscal-2026-cristina-ruiz","status":"publish","type":"post","link":"https:\/\/www.diarioimagen.net\/?p=685203","title":{"rendered":"Ineficiente, propuesta de paquete\u00a0fiscal 2026: Cristina Ruiz"},"content":{"rendered":"<p>&nbsp;<\/p>\n<p><img loading=\"lazy\" decoding=\"async\" class=\"alignnone size-large wp-image-685204\" src=\"https:\/\/www.diarioimagen.net\/wp-content\/uploads\/2025\/09\/BAENA4-ok-393x270.jpg\" alt=\"\" width=\"393\" height=\"270\" srcset=\"https:\/\/www.diarioimagen.net\/wp-content\/uploads\/2025\/09\/BAENA4-ok-393x270.jpg 393w, https:\/\/www.diarioimagen.net\/wp-content\/uploads\/2025\/09\/BAENA4-ok-240x165.jpg 240w, https:\/\/www.diarioimagen.net\/wp-content\/uploads\/2025\/09\/BAENA4-ok-768x528.jpg 768w, https:\/\/www.diarioimagen.net\/wp-content\/uploads\/2025\/09\/BAENA4-ok.jpg 1500w\" sizes=\"auto, (max-width: 393px) 100vw, 393px\" \/><\/p>\n<p>Toluca,\u00a0 M\u00e9x. &#8211; Para el ejercicio fiscal 2026, la propuesta enviada por el Ejecutivo Federal a la C\u00e1mara de Diputados, el PRI del Estado de M\u00e9xico deja en claro que se opondr\u00e1 a todas aquellas maniobras que castigan a los trabajadores con mayor retenci\u00f3n de impuestos o que busquen aniquilar a las peque\u00f1as y medianas empresas, as\u00ed como poner en riesgo el futuro de millones de j\u00f3venes por los recortes al sector educativo. La presidenta del Comit\u00e9 Directivo Estatal, Cristina Ruiz Sandoval, asegur\u00f3 que el PRI defender\u00e1 a las y los mexicanos del presupuesto que envi\u00f3 Morena porque es ficticio, irresponsable y dise\u00f1ado sobre un marco macroecon\u00f3mico poco cre\u00edble.<\/p>\n<p>&nbsp;<\/p>\n<p>Proyecta un crecimiento econ\u00f3mico de 1.8 y 2.8%, cuando hoy las principales estimaciones de agencias calificadoras y bancos lo estiman en 1.2% y para este a\u00f1o en apenas 0.4%, agreg\u00f3.<\/p>\n<p>&nbsp;<\/p>\n<p>Es ineficiente e irresponsable porque contin\u00faa endeudando al pa\u00eds al proyectar un d\u00e9ficit total de 1.58 billones de pesos (4.1% del PIB), y un endeudamiento interno neto de 1.77 billones de pesos.<\/p>\n<p>&nbsp;<\/p>\n","protected":false},"excerpt":{"rendered":"<p>&nbsp; Toluca,\u00a0 M\u00e9x. &#8211; Para el ejercicio fiscal 2026, la propuesta enviada por el Ejecutivo Federal a la C\u00e1mara de Diputados, el PRI del Estado de M\u00e9xico deja en claro que se opondr\u00e1 a todas aquellas maniobras que castigan a los trabajadores con mayor retenci\u00f3n de impuestos o que busquen aniquilar a las peque\u00f1as y [&hellip;]<\/p>\n","protected":false},"author":14,"featured_media":0,"comment_status":"open","ping_status":"open","sticky":false,"template":"","format":"standard","meta":{"_monsterinsights_skip_tracking":false,"_monsterinsights_sitenote_active":false,"_monsterinsights_sitenote_note":"","_monsterinsights_sitenote_category":0,"footnotes":""},"categories":[5],"tags":[],"class_list":["post-685203","post","type-post","status-publish","format-standard","hentry","category-estado-de-mexico"],"_links":{"self":[{"href":"https:\/\/www.diarioimagen.net\/index.php?rest_route=\/wp\/v2\/posts\/685203","targetHints":{"allow":["GET"]}}],"collection":[{"href":"https:\/\/www.diarioimagen.net\/index.php?rest_route=\/wp\/v2\/posts"}],"about":[{"href":"https:\/\/www.diarioimagen.net\/index.php?rest_route=\/wp\/v2\/types\/post"}],"author":[{"embeddable":true,"href":"https:\/\/www.diarioimagen.net\/index.php?rest_route=\/wp\/v2\/users\/14"}],"replies":[{"embeddable":true,"href":"https:\/\/www.diarioimagen.net\/index.php?rest_route=%2Fwp%2Fv2%2Fcomments&post=685203"}],"version-history":[{"count":1,"href":"https:\/\/www.diarioimagen.net\/index.php?rest_route=\/wp\/v2\/posts\/685203\/revisions"}],"predecessor-version":[{"id":685205,"href":"https:\/\/www.diarioimagen.net\/index.php?rest_route=\/wp\/v2\/posts\/685203\/revisions\/685205"}],"wp:attachment":[{"href":"https:\/\/www.diarioimagen.net\/index.php?rest_route=%2Fwp%2Fv2%2Fmedia&parent=685203"}],"wp:term":[{"taxonomy":"category","embeddable":true,"href":"https:\/\/www.diarioimagen.net\/index.php?rest_route=%2Fwp%2Fv2%2Fcategories&post=685203"},{"taxonomy":"post_tag","embeddable":true,"href":"https:\/\/www.diarioimagen.net\/index.php?rest_route=%2Fwp%2Fv2%2Ftags&post=685203"}],"curies":[{"name":"wp","href":"https:\/\/api.w.org\/{rel}","templated":true}]}}