{"id":685236,"date":"2025-09-21T20:51:59","date_gmt":"2025-09-22T02:51:59","guid":{"rendered":"https:\/\/www.diarioimagen.net\/?p=685236"},"modified":"2025-09-21T20:51:59","modified_gmt":"2025-09-22T02:51:59","slug":"sectur-y-consejo-mx-firman-convenio-de-colaboracion-para-el-uso-de-la-marca-mexico","status":"publish","type":"post","link":"https:\/\/www.diarioimagen.net\/?p=685236","title":{"rendered":"Sectur y Consejo MX firman  convenio de colaboraci\u00f3n para  el uso de la marca M\u00e9xico"},"content":{"rendered":"<ul>\n<li><strong>Oportunidades de desarrollo<\/strong><\/li>\n<li><strong>Esta alianza permitir\u00e1 a la juventud promover la riqueza cultural, la diversidad y el talento de M\u00e9xico en eventos empresariales <\/strong><\/li>\n<\/ul>\n<div id=\"attachment_685237\" style=\"width: 415px\" class=\"wp-caption alignnone\"><img loading=\"lazy\" decoding=\"async\" aria-describedby=\"caption-attachment-685237\" class=\"size-large wp-image-685237\" src=\"https:\/\/www.diarioimagen.net\/wp-content\/uploads\/2025\/09\/SECTUR-ok-7-405x270.jpg\" alt=\"\" width=\"405\" height=\"270\" srcset=\"https:\/\/www.diarioimagen.net\/wp-content\/uploads\/2025\/09\/SECTUR-ok-7-405x270.jpg 405w, https:\/\/www.diarioimagen.net\/wp-content\/uploads\/2025\/09\/SECTUR-ok-7-240x160.jpg 240w, https:\/\/www.diarioimagen.net\/wp-content\/uploads\/2025\/09\/SECTUR-ok-7-768x512.jpg 768w, https:\/\/www.diarioimagen.net\/wp-content\/uploads\/2025\/09\/SECTUR-ok-7.jpg 1500w\" sizes=\"auto, (max-width: 405px) 100vw, 405px\" \/><p id=\"caption-attachment-685237\" class=\"wp-caption-text\">Josefina Rodr\u00edguez Zamora, titular de la Sectur, firm\u00f3 un convenio de uso de la marca M\u00e9xico con el Consejo de J\u00f3venes Pro M\u00e9xico A.C..<\/p><\/div>\n<p>&nbsp;<\/p>\n<p>La secretaria de Turismo del Gobierno de M\u00e9xico, Josefina Rodr\u00edguez Zamora, anunci\u00f3 la firma del convenio de uso de la marca M\u00e9xico con el Consejo de J\u00f3venes Pro M\u00e9xico A.C. (Conajo MX).<\/p>\n<p>\u201cHoy la presidenta nos ha pedido que generemos algo con el turismo y lo hacemos a trav\u00e9s la Prosperidad Compartida. Ustedes impulsan la Prosperidad Compartida desde cada una de sus trincheras; hoy queremos que en el sector tur\u00edstico sea para todas y todos\u201d, declar\u00f3.<\/p>\n<p>La titular de la Secretar\u00eda de Turismo refiri\u00f3 que esta alianza refleja el valor de sumar esfuerzos entre los tres niveles de gobierno, la iniciativa privada y las organizaciones juveniles para generar oportunidades reales de desarrollo.<\/p>\n<p>\u201cCon este convenio, Sectur le otorga a Conajo la licencia de uso no exclusivo para utilizar, de forma gratuita y sin fines de lucro, la marca M\u00e9xico y con ello ayudarnos a informar, difundir y promover esta marca, emple\u00e1ndola en los eventos y reuniones empresariales enfocadas en la promoci\u00f3n de la cultura y tradiciones de nuestro pa\u00eds\u201d, coment\u00f3.<\/p>\n<p>Asimismo, hizo un llamado a las y los integrantes del Consejo a sumarse de manera activa a la gran misi\u00f3n de posicionar la marca como un referente mundial. Destac\u00f3 que esta alianza representa una oportunidad \u00fanica para que la juventud mexicana proyecte al pa\u00eds con orgullo, transmitiendo su riqueza cultural, su diversidad y su talento en cada espacio donde se abra una ventana de promoci\u00f3n.<\/p>\n<p>\u201cEsta alianza reafirma nuestro compromiso con una juventud unida, competitiva y protagonista del desarrollo nacional, que contribuir\u00e1 a una Prosperidad Compartida para M\u00e9xico y consolidar\u00e1 al turismo como un motor econ\u00f3mico y social\u201d, mencion\u00f3.<\/p>\n<p>Subray\u00f3 que la actividad tur\u00edstica es la principal empleadora de j\u00f3venes en el pa\u00eds y que su dinamismo ofrece espacios en m\u00faltiples \u00e1reas, incluido el turismo deportivo, un segmento en crecimiento que promueve bienestar, eventos internacionales y derrama econ\u00f3mica.<\/p>\n<p>Rodr\u00edguez Zamora resalt\u00f3 que el convenio abre un espacio para escuchar a la juventud, fortalecer el di\u00e1logo entre los sectores p\u00fablico y privado y transformar ideas en acciones que impacten en sus comunidades.<\/p>\n<p>La secretaria de Turismo les dese\u00f3 mucho \u00e9xito en todas sus actividades y reiter\u00f3 que siempre podr\u00e1n contar con la Secretar\u00eda de Turismo para seguir impulsando iniciativas conjuntas, asegurando que ser\u00e1 un gusto continuar trabajando en nuevos proyectos.<\/p>\n<p>Celebr\u00f3 la labor del Consejo Nacional de J\u00f3venes como una plataforma que articula el liderazgo juvenil en los \u00e1mbitos pol\u00edtico, social, econ\u00f3mico y cultural, demostrando que las y los j\u00f3venes son agentes de transformaci\u00f3n para M\u00e9xico.<\/p>\n<p>En su intervenci\u00f3n, el presidente fundador de Conajo MX, Ronaldo El\u00edas \u00c1guila, subray\u00f3 que el turismo no s\u00f3lo representa una fuente econ\u00f3mica, sino tambi\u00e9n una poderosa herramienta de desarrollo para nuestro pa\u00eds. Asimismo, reconoci\u00f3 la labor de la secretaria Josefina Rodr\u00edguez Zamora en el impulso a los proyectos de j\u00f3venes empresarios del sector tur\u00edstico y de quienes, con su trabajo, alientan a m\u00e1s j\u00f3venes a integrarse a esta industria.<\/p>\n<p>\u201cA trav\u00e9s de acciones de capacitaci\u00f3n y acompa\u00f1amiento a los j\u00f3venes emprendedores, as\u00ed como de la promoci\u00f3n de proyectos innovadores en comunidades locales, ind\u00edgenas y en las grandes ciudades, impulsamos la creaci\u00f3n de empleos dignos y sostenibles que fortalecen el tejido social\u201d, manifest\u00f3.<\/p>\n<p>La Secretar\u00eda de Turismo refrenda su respaldo a las y los j\u00f3venes como actores estrat\u00e9gicos del sector, convencidos de que su talento y liderazgo son esenciales para consolidar al turismo como motor econ\u00f3mico y social del pa\u00eds.<\/p>\n<p>&nbsp;<\/p>\n<p>&nbsp;<\/p>\n<p>&nbsp;<\/p>\n<p>&nbsp;<\/p>\n","protected":false},"excerpt":{"rendered":"<p>Oportunidades de desarrollo Esta alianza permitir\u00e1 a la juventud promover la riqueza cultural, la diversidad y el talento de M\u00e9xico en eventos empresariales &nbsp; La secretaria de Turismo del Gobierno de M\u00e9xico, Josefina Rodr\u00edguez Zamora, anunci\u00f3 la firma del convenio de uso de la marca M\u00e9xico con el Consejo de J\u00f3venes Pro M\u00e9xico A.C. (Conajo [&hellip;]<\/p>\n","protected":false},"author":14,"featured_media":685237,"comment_status":"open","ping_status":"open","sticky":false,"template":"","format":"standard","meta":{"_monsterinsights_skip_tracking":false,"_monsterinsights_sitenote_active":false,"_monsterinsights_sitenote_note":"","_monsterinsights_sitenote_category":0,"footnotes":""},"categories":[3],"tags":[],"class_list":["post-685236","post","type-post","status-publish","format-standard","has-post-thumbnail","hentry","category-nacional"],"_links":{"self":[{"href":"https:\/\/www.diarioimagen.net\/index.php?rest_route=\/wp\/v2\/posts\/685236","targetHints":{"allow":["GET"]}}],"collection":[{"href":"https:\/\/www.diarioimagen.net\/index.php?rest_route=\/wp\/v2\/posts"}],"about":[{"href":"https:\/\/www.diarioimagen.net\/index.php?rest_route=\/wp\/v2\/types\/post"}],"author":[{"embeddable":true,"href":"https:\/\/www.diarioimagen.net\/index.php?rest_route=\/wp\/v2\/users\/14"}],"replies":[{"embeddable":true,"href":"https:\/\/www.diarioimagen.net\/index.php?rest_route=%2Fwp%2Fv2%2Fcomments&post=685236"}],"version-history":[{"count":1,"href":"https:\/\/www.diarioimagen.net\/index.php?rest_route=\/wp\/v2\/posts\/685236\/revisions"}],"predecessor-version":[{"id":685238,"href":"https:\/\/www.diarioimagen.net\/index.php?rest_route=\/wp\/v2\/posts\/685236\/revisions\/685238"}],"wp:featuredmedia":[{"embeddable":true,"href":"https:\/\/www.diarioimagen.net\/index.php?rest_route=\/wp\/v2\/media\/685237"}],"wp:attachment":[{"href":"https:\/\/www.diarioimagen.net\/index.php?rest_route=%2Fwp%2Fv2%2Fmedia&parent=685236"}],"wp:term":[{"taxonomy":"category","embeddable":true,"href":"https:\/\/www.diarioimagen.net\/index.php?rest_route=%2Fwp%2Fv2%2Fcategories&post=685236"},{"taxonomy":"post_tag","embeddable":true,"href":"https:\/\/www.diarioimagen.net\/index.php?rest_route=%2Fwp%2Fv2%2Ftags&post=685236"}],"curies":[{"name":"wp","href":"https:\/\/api.w.org\/{rel}","templated":true}]}}