{"id":685248,"date":"2025-09-21T20:57:02","date_gmt":"2025-09-22T02:57:02","guid":{"rendered":"https:\/\/www.diarioimagen.net\/?p=685248"},"modified":"2025-09-21T20:57:02","modified_gmt":"2025-09-22T02:57:02","slug":"gestion-cercana-incluyente-y-progresista-clave-para-transformar-la-uaemex-zarza-delgado","status":"publish","type":"post","link":"https:\/\/www.diarioimagen.net\/?p=685248","title":{"rendered":"Gesti\u00f3n cercana, incluyente y progresista,  clave para transformar la UAEM\u00e9x: Zarza Delgado"},"content":{"rendered":"<p><strong>\u00a0<\/strong><\/p>\n<ul>\n<li><strong>La rectora de la M\u00e1xima Casa de Estudios mexiquense encabez\u00f3 la presentaci\u00f3n de dos proyectos Rector\u00eda-Centro Cultural Universitario y Reforma a la Ley de la UAEM\u00e9x<\/strong><\/li>\n<\/ul>\n<div id=\"attachment_685249\" style=\"width: 415px\" class=\"wp-caption alignnone\"><img loading=\"lazy\" decoding=\"async\" aria-describedby=\"caption-attachment-685249\" class=\"size-large wp-image-685249\" src=\"https:\/\/www.diarioimagen.net\/wp-content\/uploads\/2025\/09\/UAEM-3-405x270.jpg\" alt=\"\" width=\"405\" height=\"270\" srcset=\"https:\/\/www.diarioimagen.net\/wp-content\/uploads\/2025\/09\/UAEM-3-405x270.jpg 405w, https:\/\/www.diarioimagen.net\/wp-content\/uploads\/2025\/09\/UAEM-3-240x160.jpg 240w, https:\/\/www.diarioimagen.net\/wp-content\/uploads\/2025\/09\/UAEM-3-768x512.jpg 768w, https:\/\/www.diarioimagen.net\/wp-content\/uploads\/2025\/09\/UAEM-3-1536x1024.jpg 1536w, https:\/\/www.diarioimagen.net\/wp-content\/uploads\/2025\/09\/UAEM-3-2048x1365.jpg 2048w\" sizes=\"auto, (max-width: 405px) 100vw, 405px\" \/><p id=\"caption-attachment-685249\" class=\"wp-caption-text\">La rectora de la UAEM\u00e9x, Martha Patricia Zarza Delgado, encabez\u00f3 la presentaci\u00f3n de dos proyectos para la Transformaci\u00f3n Universitaria.<\/p><\/div>\n<p>Toluca, M\u00e9x.- En la b\u00fasqueda de la construcci\u00f3n de una instituci\u00f3n cercana, incluyente y progresista que atienda las necesidades de todos los sectores de su comunidad, la rectora de la Universidad Aut\u00f3noma del Estado de M\u00e9xico (UAEM\u00e9x), Martha Patricia Zarza Delgado, encabez\u00f3 la presentaci\u00f3n de dos proyectos para la Transformaci\u00f3n Universitaria: Rector\u00eda-Centro Cultural Universitario y Reforma a la Ley de la UAEM\u00e9x.<\/p>\n<p>En conferencia de prensa, la rectora indic\u00f3 que resultado de los movimientos estudiantiles, la M\u00e1xima Casa de Estudios mexiquense enfrenta un proceso de transformaci\u00f3n que requiere de establecer rutas para la atenci\u00f3n de las inquietudes de su comunidad.<\/p>\n<p>En el Museo Universitario \u201cLeopoldo Flores\u201d, puntualiz\u00f3 que estos proyectos, as\u00ed como la integraci\u00f3n del Plan Rector de Desarrollo Institucional 2025-2029, pretenden crear una universidad cercana que elimine las barreras, facilite la participaci\u00f3n de su comunidad y fortalezca la vinculaci\u00f3n con la sociedad mexiquense, una universidad incluyente que reconozca y abrace su diversidad, una universidad progresista que pone en el centro de la acci\u00f3n a las personas que la integran.<\/p>\n<p>Ambas iniciativas, dijo, est\u00e1n basadas en los valores de la transformaci\u00f3n universitaria, donde la participaci\u00f3n de todas y todos sus integrantes es elemental. \u201cCon la participaci\u00f3n de las y los universitarios, con el respaldo de la sociedad mexiquense y con la determinaci\u00f3n de construir una mejor instituci\u00f3n pondremos los cimientos para tener la UAEM\u00e9x que durante tantos a\u00f1os hemos so\u00f1ado\u201d, destac\u00f3.<\/p>\n<p>Por su parte, la secretaria de Identidad y Cultura, Cynthia Ortega Salgado, detall\u00f3 que, concibiendo a las artes y la cultura como un bien p\u00fablico, el proyecto de Rector\u00eda-Centro Cultural Universitario se consolidar\u00e1 como un espacio participativo, que reconozca la pluralidad de las voces de la comunidad verde y oro, as\u00ed como la de las y los mexiquenses.<\/p>\n<p>La adecuaci\u00f3n de los espacios del hist\u00f3rico edificio universitario ser\u00e1 desarrollada de manera conjunta con el Instituto Nacional de Antropolog\u00eda e Historia (INAH) y constar\u00e1 de nueve espacios in\u00e9ditos: espacios de dibujo, arte multimedia, ciencias, literatura, consultorio para la atenci\u00f3n y salud mental, librer\u00eda universitaria, biblioteca de acceso abierto, centro de investigaci\u00f3n en la imagen y cafeter\u00eda.<\/p>\n<p>Sobre la Reforma a la Ley de la UAEM\u00e9x, la titular de la Consejer\u00eda Jur\u00eddica Universitaria, Evangelina Sales S\u00e1nchez, expres\u00f3 que, para la construcci\u00f3n de una instituci\u00f3n justa, \u00e9tica, participativa e incluyente, se propone la integraci\u00f3n del Anteproyecto de Reforma a la Ley de la instituci\u00f3n, con el objetivo de establecer instrumentos jur\u00eddicos que den soluciones al acontecer actual.<\/p>\n<p>Por ello, se comenzar\u00e1 un diagn\u00f3stico a partir de una amplia discusi\u00f3n y construcci\u00f3n colectiva, donde estudiantes, personal administrativo y acad\u00e9micos podr\u00e1n incorporar sus propuestas para la construcci\u00f3n del anteproyecto de reforma.<\/p>\n<p>La administraci\u00f3n encabezada por la rectora Zarza Delgado asume la necesidad de reformar el marco normativo universitario, a fin de construir una instituci\u00f3n m\u00e1s justa, \u00e9tica, participativa e incluyente.<\/p>\n<p>Por ello, invita a la comunidad universitaria a formar parte del Diagn\u00f3stico Participativo para la integraci\u00f3n del Anteproyecto de Reforma a la Ley de la Universidad, m\u00e1ximo instrumento jur\u00eddico de la instituci\u00f3n, con el objetivo de que existan instrumentos que den soluciones al acontecer actual, incorporen valores, conceptos y procedimientos fundamentales para el desarrollo de la Universidad en los contextos nacional e internacional, sin perder de vista su esencia y el cumplimiento de sus fines como instituci\u00f3n de educaci\u00f3n en la formaci\u00f3n de personas \u00e9ticas, cr\u00edticas y preparadas.<\/p>\n<p>&#8216;<\/p>\n","protected":false},"excerpt":{"rendered":"<p>\u00a0 La rectora de la M\u00e1xima Casa de Estudios mexiquense encabez\u00f3 la presentaci\u00f3n de dos proyectos Rector\u00eda-Centro Cultural Universitario y Reforma a la Ley de la UAEM\u00e9x Toluca, M\u00e9x.- En la b\u00fasqueda de la construcci\u00f3n de una instituci\u00f3n cercana, incluyente y progresista que atienda las necesidades de todos los sectores de su comunidad, la rectora [&hellip;]<\/p>\n","protected":false},"author":14,"featured_media":685249,"comment_status":"open","ping_status":"open","sticky":false,"template":"","format":"standard","meta":{"_monsterinsights_skip_tracking":false,"_monsterinsights_sitenote_active":false,"_monsterinsights_sitenote_note":"","_monsterinsights_sitenote_category":0,"footnotes":""},"categories":[16,5],"tags":[],"class_list":["post-685248","post","type-post","status-publish","format-standard","has-post-thumbnail","hentry","category-destacadas","category-estado-de-mexico"],"_links":{"self":[{"href":"https:\/\/www.diarioimagen.net\/index.php?rest_route=\/wp\/v2\/posts\/685248","targetHints":{"allow":["GET"]}}],"collection":[{"href":"https:\/\/www.diarioimagen.net\/index.php?rest_route=\/wp\/v2\/posts"}],"about":[{"href":"https:\/\/www.diarioimagen.net\/index.php?rest_route=\/wp\/v2\/types\/post"}],"author":[{"embeddable":true,"href":"https:\/\/www.diarioimagen.net\/index.php?rest_route=\/wp\/v2\/users\/14"}],"replies":[{"embeddable":true,"href":"https:\/\/www.diarioimagen.net\/index.php?rest_route=%2Fwp%2Fv2%2Fcomments&post=685248"}],"version-history":[{"count":1,"href":"https:\/\/www.diarioimagen.net\/index.php?rest_route=\/wp\/v2\/posts\/685248\/revisions"}],"predecessor-version":[{"id":685250,"href":"https:\/\/www.diarioimagen.net\/index.php?rest_route=\/wp\/v2\/posts\/685248\/revisions\/685250"}],"wp:featuredmedia":[{"embeddable":true,"href":"https:\/\/www.diarioimagen.net\/index.php?rest_route=\/wp\/v2\/media\/685249"}],"wp:attachment":[{"href":"https:\/\/www.diarioimagen.net\/index.php?rest_route=%2Fwp%2Fv2%2Fmedia&parent=685248"}],"wp:term":[{"taxonomy":"category","embeddable":true,"href":"https:\/\/www.diarioimagen.net\/index.php?rest_route=%2Fwp%2Fv2%2Fcategories&post=685248"},{"taxonomy":"post_tag","embeddable":true,"href":"https:\/\/www.diarioimagen.net\/index.php?rest_route=%2Fwp%2Fv2%2Ftags&post=685248"}],"curies":[{"name":"wp","href":"https:\/\/api.w.org\/{rel}","templated":true}]}}