{"id":685254,"date":"2025-09-21T21:01:30","date_gmt":"2025-09-22T03:01:30","guid":{"rendered":"https:\/\/www.diarioimagen.net\/?p=685254"},"modified":"2025-09-21T21:01:30","modified_gmt":"2025-09-22T03:01:30","slug":"inicia-historica-campana-de-vacunacion-contra-el-papilomavirus","status":"publish","type":"post","link":"https:\/\/www.diarioimagen.net\/?p=685254","title":{"rendered":"Inicia hist\u00f3rica campa\u00f1a de vacunaci\u00f3n contra el papilomavirus"},"content":{"rendered":"<p>&nbsp;<\/p>\n<ul>\n<li><strong>Prevenci\u00f3n, pilar central de la pol\u00edtica sanitaria<\/strong><\/li>\n<li><strong>El objetivo es inmunizar a m\u00e1s de 2.5 millones de ni\u00f1as y ni\u00f1os en todo M\u00e9xico<\/strong><\/li>\n<\/ul>\n<p><img loading=\"lazy\" decoding=\"async\" class=\"alignnone size-large wp-image-685255\" src=\"https:\/\/www.diarioimagen.net\/wp-content\/uploads\/2025\/09\/VACUNA-VPH-216x270.jpeg\" alt=\"\" width=\"216\" height=\"270\" srcset=\"https:\/\/www.diarioimagen.net\/wp-content\/uploads\/2025\/09\/VACUNA-VPH-216x270.jpeg 216w, https:\/\/www.diarioimagen.net\/wp-content\/uploads\/2025\/09\/VACUNA-VPH-192x240.jpeg 192w, https:\/\/www.diarioimagen.net\/wp-content\/uploads\/2025\/09\/VACUNA-VPH-768x961.jpeg 768w, https:\/\/www.diarioimagen.net\/wp-content\/uploads\/2025\/09\/VACUNA-VPH.jpeg 780w\" sizes=\"auto, (max-width: 216px) 100vw, 216px\" \/><\/p>\n<p>La Secretar\u00eda de Salud federal arranc\u00f3 la Campa\u00f1a Nacional de Vacunaci\u00f3n contra el Virus del Papiloma Humano (VPH) 2025, una estrategia hist\u00f3rica que busca proteger la salud de m\u00e1s de 2.5 millones ni\u00f1as, ni\u00f1os y adolescentes de todo el pa\u00eds, para colocar a la prevenci\u00f3n como pilar central de la pol\u00edtica sanitaria.<\/p>\n<p>El secretario de Salud, David Kershenobich, resalt\u00f3 que la vacunaci\u00f3n contra el VPH, anteriormente dirigida solo a ni\u00f1as de quinto a\u00f1o de primaria, se ampl\u00eda ahora tambi\u00e9n a los ni\u00f1os, luego de alcanzar una cobertura del 95 por ciento en la poblaci\u00f3n femenina.<\/p>\n<p>Explic\u00f3 que, adem\u00e1s de la aplicaci\u00f3n en ni\u00f1as y ni\u00f1os de quinto grado de primaria, la campa\u00f1a contempla la vacunaci\u00f3n de personas de 11 a 49 a\u00f1os que viven con VIH, as\u00ed como de mujeres adolescentes de 10 a 19 a\u00f1os v\u00edctimas de violencia sexual, con el objetivo de garantizar la equidad en el acceso a la prevenci\u00f3n.<\/p>\n<p>\u201cEs una medida de equidad, porque esta vacuna protege no solo contra el c\u00e1ncer c\u00e9rvico-uterino, sino tambi\u00e9n contra otros tipos de c\u00e1ncer. Se trata de una acci\u00f3n hist\u00f3rica, porque pocas enfermedades cancerosas pueden prevenirse con la aplicaci\u00f3n de una vacuna\u201d, a\u00f1adi\u00f3.<\/p>\n<p>El funcionario federal record\u00f3 que esta campa\u00f1a constituye un paso hist\u00f3rico en la salud p\u00fablica del pa\u00eds, evocando el episodio de la expedici\u00f3n de 1803-1806 contra la viruela, donde ni\u00f1os mexicanos fueron protagonistas de la primera gran campa\u00f1a internacional de vacunaci\u00f3n.<\/p>\n<p>\u201cHoy, como en aquel entonces, los ni\u00f1os son protagonistas de la historia. Con esta campa\u00f1a estamos sembrando salud para las futuras generaciones, convencidos de que cada dosis aplicada es una oportunidad para prevenir el c\u00e1ncer y construir un futuro m\u00e1s saludable\u201d, afirm\u00f3.<\/p>\n<p>El secretario de Salud destac\u00f3 que la meta es lograr que el 95 por ciento de la poblaci\u00f3n mexicana cuente con esquemas completos contra enfermedades prevenibles, como el sarampi\u00f3n, y anunci\u00f3 jornadas masivas de vacunaci\u00f3n, entre ellas la que se realiza el 17, 18 y 19 de septiembre en el Estadio Ol\u00edmpico Universitario, para facilitar el acceso a la poblaci\u00f3n.<\/p>\n<p>Con esta Campa\u00f1a Nacional contra el Virus del Papiloma Humano, M\u00e9xico reafirma su compromiso con la prevenci\u00f3n, la equidad y la protecci\u00f3n de la salud de la ni\u00f1ez y la adolescencia, garantizando un futuro m\u00e1s justo, m\u00e1s humano y m\u00e1s saludable para todas y todos.<\/p>\n<p><strong>\u00a0<\/strong><\/p>\n<p><strong>Qu\u00e9 es el papilomavirus<\/strong><\/p>\n<p>&nbsp;<\/p>\n<p>Los virus del papiloma humano (VPH) o papilomavirus son un grupo de m\u00e1s de 150 virus, de los cuales aproximadamente 35 se asocian con lesiones, tanto benignas como malignas (c\u00e1ncer).<\/p>\n<p>Estos virus se transmiten al tener relaciones sexuales orales, vaginales o anales con una persona infectada por lo que se considera una enfermedad de transmisi\u00f3n sexual y es tan com\u00fan que casi todos los hombres y mujeres lo contraen en alg\u00fan momento de sus vidas.<\/p>\n<p>En muchas ocasiones el VPH puede no generar problemas de salud pero los virus 16 y 18 causan casi el 70% de los casos de c\u00e1nceres cervicales, mientras que los tipos 6 y 11 causan el 90% de las verrugas genitales. Adem\u00e1s de lo anterior algunos papilomavirus pueden provocar c\u00e1ncer de vulva, vagina, pene, ano u orofar\u00edngeo.<\/p>\n<p>Si bien, no existe tratamiento para el VPH, los problemas de salud que genera pueden tratarse; en el caso de las verrugas genitales pueden ser atendidas por el m\u00e9dico con el fin de evitar su crecimiento y cantidad, mientras que para identificar las etapas iniciales de c\u00e1ncer cervicouterino se debe realizar cada a\u00f1o la prueba de Papanicolau.<\/p>\n<p>&nbsp;<\/p>\n<p><strong>\u00bfQu\u00e9 lo causa y c\u00f3mo se previene?<\/strong><\/p>\n<p>&nbsp;<\/p>\n<p>El virus del papiloma humano (VPH) es el principal causante del c\u00e1ncer cervicouterino. Este virus se transmite principalmente por contacto sexual y, aunque en la mayor\u00eda de los casos el cuerpo lo elimina de forma natural, algunos tipos de VPH pueden provocar lesiones precancerosas en el cuello uterino si no se detectan y tratan a tiempo.<\/p>\n<p>La buena noticia es que el c\u00e1ncer de cuello uterino es uno de los pocos tipos de c\u00e1ncer totalmente prevenibles mediante estrategias accesibles como:<\/p>\n<p>Vacunaci\u00f3n contra el VPH: En M\u00e9xico, la vacuna est\u00e1 disponible gratuitamente para ni\u00f1as de 9 a 14 a\u00f1os en escuelas p\u00fablicas y centros de salud, y desde 2023 tambi\u00e9n se ha comenzado a aplicar a mujeres de hasta 49 a\u00f1os en algunos estados prioritarios como parte de un plan intensivo de cobertura nacional.<\/p>\n<p>Papanicolaou y pruebas de VPH: El tamizaje mediante Papanicolaou (Pap) debe realizarse regularmente en mujeres a partir de los 25 a\u00f1os. En algunos estados, se ha incorporado tambi\u00e9n la prueba de detecci\u00f3n de VPH como herramienta complementaria.<\/p>\n<p>&nbsp;<\/p>\n<p>&nbsp;<\/p>\n<p>&nbsp;<\/p>\n<p>&nbsp;<\/p>\n<p>&nbsp;<\/p>\n","protected":false},"excerpt":{"rendered":"<p>&nbsp; Prevenci\u00f3n, pilar central de la pol\u00edtica sanitaria El objetivo es inmunizar a m\u00e1s de 2.5 millones de ni\u00f1as y ni\u00f1os en todo M\u00e9xico La Secretar\u00eda de Salud federal arranc\u00f3 la Campa\u00f1a Nacional de Vacunaci\u00f3n contra el Virus del Papiloma Humano (VPH) 2025, una estrategia hist\u00f3rica que busca proteger la salud de m\u00e1s de 2.5 [&hellip;]<\/p>\n","protected":false},"author":14,"featured_media":0,"comment_status":"open","ping_status":"open","sticky":false,"template":"","format":"standard","meta":{"_monsterinsights_skip_tracking":false,"_monsterinsights_sitenote_active":false,"_monsterinsights_sitenote_note":"","_monsterinsights_sitenote_category":0,"footnotes":""},"categories":[16,877],"tags":[],"class_list":["post-685254","post","type-post","status-publish","format-standard","hentry","category-destacadas","category-salud"],"_links":{"self":[{"href":"https:\/\/www.diarioimagen.net\/index.php?rest_route=\/wp\/v2\/posts\/685254","targetHints":{"allow":["GET"]}}],"collection":[{"href":"https:\/\/www.diarioimagen.net\/index.php?rest_route=\/wp\/v2\/posts"}],"about":[{"href":"https:\/\/www.diarioimagen.net\/index.php?rest_route=\/wp\/v2\/types\/post"}],"author":[{"embeddable":true,"href":"https:\/\/www.diarioimagen.net\/index.php?rest_route=\/wp\/v2\/users\/14"}],"replies":[{"embeddable":true,"href":"https:\/\/www.diarioimagen.net\/index.php?rest_route=%2Fwp%2Fv2%2Fcomments&post=685254"}],"version-history":[{"count":1,"href":"https:\/\/www.diarioimagen.net\/index.php?rest_route=\/wp\/v2\/posts\/685254\/revisions"}],"predecessor-version":[{"id":685256,"href":"https:\/\/www.diarioimagen.net\/index.php?rest_route=\/wp\/v2\/posts\/685254\/revisions\/685256"}],"wp:attachment":[{"href":"https:\/\/www.diarioimagen.net\/index.php?rest_route=%2Fwp%2Fv2%2Fmedia&parent=685254"}],"wp:term":[{"taxonomy":"category","embeddable":true,"href":"https:\/\/www.diarioimagen.net\/index.php?rest_route=%2Fwp%2Fv2%2Fcategories&post=685254"},{"taxonomy":"post_tag","embeddable":true,"href":"https:\/\/www.diarioimagen.net\/index.php?rest_route=%2Fwp%2Fv2%2Ftags&post=685254"}],"curies":[{"name":"wp","href":"https:\/\/api.w.org\/{rel}","templated":true}]}}