{"id":685398,"date":"2025-09-22T21:11:04","date_gmt":"2025-09-23T03:11:04","guid":{"rendered":"https:\/\/www.diarioimagen.net\/?p=685398"},"modified":"2025-09-22T21:11:04","modified_gmt":"2025-09-23T03:11:04","slug":"urge-fortalecer-el-tejido-social-entre-las-familias-naucalpenses-david-parra","status":"publish","type":"post","link":"https:\/\/www.diarioimagen.net\/?p=685398","title":{"rendered":"Urge fortalecer el tejido social entre  las familias naucalpenses: David Parra"},"content":{"rendered":"<ul>\n<li><strong>Destaca labor de la asociaci\u00f3n civil Proyecto Social Naucalpan<\/strong><\/li>\n<\/ul>\n<div id=\"attachment_685399\" style=\"width: 421px\" class=\"wp-caption alignnone\"><img loading=\"lazy\" decoding=\"async\" aria-describedby=\"caption-attachment-685399\" class=\"wp-image-685399 size-large\" src=\"https:\/\/www.diarioimagen.net\/wp-content\/uploads\/2025\/09\/BAENA-1-ok-15-411x270.jpg\" alt=\"\" width=\"411\" height=\"270\" srcset=\"https:\/\/www.diarioimagen.net\/wp-content\/uploads\/2025\/09\/BAENA-1-ok-15-411x270.jpg 411w, https:\/\/www.diarioimagen.net\/wp-content\/uploads\/2025\/09\/BAENA-1-ok-15-240x158.jpg 240w, https:\/\/www.diarioimagen.net\/wp-content\/uploads\/2025\/09\/BAENA-1-ok-15-768x505.jpg 768w, https:\/\/www.diarioimagen.net\/wp-content\/uploads\/2025\/09\/BAENA-1-ok-15.jpg 1500w\" sizes=\"auto, (max-width: 411px) 100vw, 411px\" \/><p id=\"caption-attachment-685399\" class=\"wp-caption-text\"><br \/>\u00a0<br \/>David Parra asegur\u00f3 que muy pronto llegar\u00e1n servicios esenciales a los naucalpenses para el fortalecimiento familiar, con el apoyo del sector privado y social.<\/p><\/div>\n<p>&nbsp;<\/p>\n<p>Por Arturo Baena<\/p>\n<p>&nbsp;<\/p>\n<p>Naucalpan, M\u00e9x.- En zonas ejidales, residenciales y populares, a\u00fan hay carencias de toda \u00edndole y hacia estos sectores, seguiremos, como lo hemos hecho por d\u00e9cadas, brindando jornadas asistenciales a trav\u00e9s de la asociaci\u00f3n civil Proyecto Social Naucalpan.<\/p>\n<p>&nbsp;<\/p>\n<p>Afirm\u00f3 lo anterior el luchador social y presidente de esa asociaci\u00f3n, David Parra S\u00e1nchez, luego de anunciar que al t\u00e9rmino de la sanitizaci\u00f3n de escuelas de esta localidad, se proyecta llevar a cabo jornadas asistenciales a las familias m\u00e1s vulnerables de Naucalpan.<\/p>\n<p>&nbsp;<\/p>\n<p>Y es que con el apoyo del sector privado y social, David Parra asegur\u00f3 que muy pronto llegar\u00e1n servicios esenciales a los naucalpenses para el fortalecimiento familiar. \u201c\u00a1Ya no m\u00e1s injusticias para ellos!\u201d, apunt\u00f3.<\/p>\n<p>&nbsp;<\/p>\n<p>Efectivamente, propios y extra\u00f1os, reconocen el lado humanista de David Parra, un hombre entregado en la lucha social que, con cargo o sin \u00e9l, busca el bienestar de los menos desfavorecidos.<\/p>\n<p>&nbsp;<\/p>\n<p>\u201cEs satisfactorio poder ayudar, en la medida de nuestras posibilidades, a las familias naucalpenses. En verdad es desgarrador ver a hombres, mujeres, abuelitos, ni\u00f1os y j\u00f3venes, no tener recursos para comprar comida, medicamentos y otros insumos para su subsistencia. Seguiremos en esta lucha para encontrar la fortaleza del tejido social de los naucalpenses\u201d, reiter\u00f3.<\/p>\n<p>&nbsp;<\/p>\n<p>Parra S\u00e1nchez reiter\u00f3 su compromiso de seguir caminando por todo el territorio y buscar que ese municipio vuelva a ser la joya de la corona.<\/p>\n<p>&nbsp;<\/p>\n<p><strong>\u00a0<\/strong><\/p>\n","protected":false},"excerpt":{"rendered":"<p>Destaca labor de la asociaci\u00f3n civil Proyecto Social Naucalpan &nbsp; Por Arturo Baena &nbsp; Naucalpan, M\u00e9x.- En zonas ejidales, residenciales y populares, a\u00fan hay carencias de toda \u00edndole y hacia estos sectores, seguiremos, como lo hemos hecho por d\u00e9cadas, brindando jornadas asistenciales a trav\u00e9s de la asociaci\u00f3n civil Proyecto Social Naucalpan. &nbsp; Afirm\u00f3 lo anterior [&hellip;]<\/p>\n","protected":false},"author":14,"featured_media":685399,"comment_status":"open","ping_status":"open","sticky":false,"template":"","format":"standard","meta":{"_monsterinsights_skip_tracking":false,"_monsterinsights_sitenote_active":false,"_monsterinsights_sitenote_note":"","_monsterinsights_sitenote_category":0,"footnotes":""},"categories":[5],"tags":[],"class_list":["post-685398","post","type-post","status-publish","format-standard","has-post-thumbnail","hentry","category-estado-de-mexico"],"_links":{"self":[{"href":"https:\/\/www.diarioimagen.net\/index.php?rest_route=\/wp\/v2\/posts\/685398","targetHints":{"allow":["GET"]}}],"collection":[{"href":"https:\/\/www.diarioimagen.net\/index.php?rest_route=\/wp\/v2\/posts"}],"about":[{"href":"https:\/\/www.diarioimagen.net\/index.php?rest_route=\/wp\/v2\/types\/post"}],"author":[{"embeddable":true,"href":"https:\/\/www.diarioimagen.net\/index.php?rest_route=\/wp\/v2\/users\/14"}],"replies":[{"embeddable":true,"href":"https:\/\/www.diarioimagen.net\/index.php?rest_route=%2Fwp%2Fv2%2Fcomments&post=685398"}],"version-history":[{"count":1,"href":"https:\/\/www.diarioimagen.net\/index.php?rest_route=\/wp\/v2\/posts\/685398\/revisions"}],"predecessor-version":[{"id":685400,"href":"https:\/\/www.diarioimagen.net\/index.php?rest_route=\/wp\/v2\/posts\/685398\/revisions\/685400"}],"wp:featuredmedia":[{"embeddable":true,"href":"https:\/\/www.diarioimagen.net\/index.php?rest_route=\/wp\/v2\/media\/685399"}],"wp:attachment":[{"href":"https:\/\/www.diarioimagen.net\/index.php?rest_route=%2Fwp%2Fv2%2Fmedia&parent=685398"}],"wp:term":[{"taxonomy":"category","embeddable":true,"href":"https:\/\/www.diarioimagen.net\/index.php?rest_route=%2Fwp%2Fv2%2Fcategories&post=685398"},{"taxonomy":"post_tag","embeddable":true,"href":"https:\/\/www.diarioimagen.net\/index.php?rest_route=%2Fwp%2Fv2%2Ftags&post=685398"}],"curies":[{"name":"wp","href":"https:\/\/api.w.org\/{rel}","templated":true}]}}