{"id":685600,"date":"2025-09-23T19:18:48","date_gmt":"2025-09-24T01:18:48","guid":{"rendered":"https:\/\/www.diarioimagen.net\/?p=685600"},"modified":"2025-09-23T19:18:48","modified_gmt":"2025-09-24T01:18:48","slug":"los-policias-contaran-con-mejor-preparacion-azucena-cisneros","status":"publish","type":"post","link":"https:\/\/www.diarioimagen.net\/?p=685600","title":{"rendered":"\u00a0  Los polic\u00edas contar\u00e1n con mejor  preparaci\u00f3n: Azucena Cisneros"},"content":{"rendered":"<ul>\n<li><strong>Busca gobierno de Ecatepec su profesionalizaci\u00f3n <\/strong><\/li>\n<\/ul>\n<div id=\"attachment_685601\" style=\"width: 333px\" class=\"wp-caption alignnone\"><img loading=\"lazy\" decoding=\"async\" aria-describedby=\"caption-attachment-685601\" class=\"wp-image-685601 size-large\" src=\"https:\/\/www.diarioimagen.net\/wp-content\/uploads\/2025\/09\/BAENA2-ok-1-323x270.jpg\" alt=\"\" width=\"323\" height=\"270\" srcset=\"https:\/\/www.diarioimagen.net\/wp-content\/uploads\/2025\/09\/BAENA2-ok-1-323x270.jpg 323w, https:\/\/www.diarioimagen.net\/wp-content\/uploads\/2025\/09\/BAENA2-ok-1-240x201.jpg 240w, https:\/\/www.diarioimagen.net\/wp-content\/uploads\/2025\/09\/BAENA2-ok-1-768x642.jpg 768w, https:\/\/www.diarioimagen.net\/wp-content\/uploads\/2025\/09\/BAENA2-ok-1-1536x1284.jpg 1536w, https:\/\/www.diarioimagen.net\/wp-content\/uploads\/2025\/09\/BAENA2-ok-1-2048x1713.jpg 2048w\" sizes=\"auto, (max-width: 323px) 100vw, 323px\" \/><p id=\"caption-attachment-685601\" class=\"wp-caption-text\">Polic\u00edas de Ecatepec estar\u00e1n un mes de internamiento en la Unidad Naval de Operaciones Especiales de Marina, ubicada en Valle de Bravo.<\/p><\/div>\n<p>&nbsp;<\/p>\n<p>Ecatepec, M\u00e9x.- La polic\u00eda de este municipio envi\u00f3 20 elementos a un adiestramiento especializado con la Secretar\u00eda de Marina para una capacitaci\u00f3n integral que incluye formaci\u00f3n en \u00e9tica y valores, t\u00e9cnicas policiales, control psicol\u00f3gico y adiestramiento f\u00edsico, en busca de profesionalizar su desempe\u00f1o como polic\u00eda cercana a la gente e incrementar sus capacidades ante situaciones de crisis.<\/p>\n<p>&nbsp;<\/p>\n<p>La presidenta municipal Azucena Cisneros Coss despidi\u00f3 a las y los uniformados quienes estar\u00e1n un mes de internamiento en la Unidad Naval de Operaciones Especiales de Marina, ubicada en Valle de Bravo para el curso y certificaci\u00f3n del \u201cAdiestramiento T\u00e1ctico Policial\u201d.<\/p>\n<p>&nbsp;<\/p>\n<p>\u201cSon 20 polic\u00edas que hoy parten a la Marina a un internamiento, a una capacitaci\u00f3n integral, son nuestros elementos que tienen grandes capacidades, toda la intenci\u00f3n y el coraz\u00f3n puesto en superar estas pruebas que tendr\u00e1n\u201d, explic\u00f3.<\/p>\n<p>&nbsp;<\/p>\n<p>La alcaldesa mostr\u00f3 su respaldo a las y los uniformados, quienes dijo, regresar\u00e1n con grandes capacidades aprendidas, pero sin perder la empat\u00eda social hacia la poblaci\u00f3n.<\/p>\n<p>&nbsp;<\/p>\n<p>Son 3 mujeres y 17 hombres, que forman parte de la polic\u00eda de sectores, del Grupo de Operaciones Especiales y Moto patrullas, quienes fueron elegidos por su perfil, experiencia, desempe\u00f1o y antig\u00fcedad; previamente aprobaron control de confianza y deb\u00edan contar con \u00f3ptimas condiciones de salud ya que estar\u00e1n en un intenso adiestramiento.<\/p>\n<p>&nbsp;<\/p>\n<p>Al frente de los uniformados va como jefa de grupo, la oficial Arely Jazm\u00edn Rosales Vite, de 37 a\u00f1os, quien lleva seis a\u00f1os en la corporaci\u00f3n y est\u00e1 adscrita a la Direcci\u00f3n Operativa.<\/p>\n<p>&nbsp;<\/p>\n<p>En la Unidad Naval de Operaciones Especiales de Marina, las y los polic\u00edas de Ecatepec van a recibir una capacitaci\u00f3n en Valores, Derechos Humanos Internacionales, Soga R\u00e1pida y rapel, Combate cercano en interiores, Tiro de reacci\u00f3n y de combate, Tiro de precisi\u00f3n, Desplazamientos t\u00e1cticos y Combate urbano.<\/p>\n<p>&nbsp;<\/p>\n<p>Al respecto, el comisario de Seguridad Ciudadana y Tr\u00e1nsito Municipal, el capit\u00e1n de nav\u00edo, Edgar Machado Pe\u00f1a explic\u00f3 que las y los uniformados recibir\u00e1n capacitaci\u00f3n en \u00e9tica y valores, adem\u00e1s de un adiestramiento en el uso adecuado de arma de fuego corta y larga, y t\u00e9cnicas de intervenci\u00f3n en espacios cerrados y de alta peligrosidad.<\/p>\n<p>&nbsp;<\/p>\n<p>&nbsp;<\/p>\n<p>&nbsp;<\/p>\n","protected":false},"excerpt":{"rendered":"<p>Busca gobierno de Ecatepec su profesionalizaci\u00f3n &nbsp; Ecatepec, M\u00e9x.- La polic\u00eda de este municipio envi\u00f3 20 elementos a un adiestramiento especializado con la Secretar\u00eda de Marina para una capacitaci\u00f3n integral que incluye formaci\u00f3n en \u00e9tica y valores, t\u00e9cnicas policiales, control psicol\u00f3gico y adiestramiento f\u00edsico, en busca de profesionalizar su desempe\u00f1o como polic\u00eda cercana a la [&hellip;]<\/p>\n","protected":false},"author":14,"featured_media":685601,"comment_status":"open","ping_status":"open","sticky":false,"template":"","format":"standard","meta":{"_monsterinsights_skip_tracking":false,"_monsterinsights_sitenote_active":false,"_monsterinsights_sitenote_note":"","_monsterinsights_sitenote_category":0,"footnotes":""},"categories":[5],"tags":[],"class_list":["post-685600","post","type-post","status-publish","format-standard","has-post-thumbnail","hentry","category-estado-de-mexico"],"_links":{"self":[{"href":"https:\/\/www.diarioimagen.net\/index.php?rest_route=\/wp\/v2\/posts\/685600","targetHints":{"allow":["GET"]}}],"collection":[{"href":"https:\/\/www.diarioimagen.net\/index.php?rest_route=\/wp\/v2\/posts"}],"about":[{"href":"https:\/\/www.diarioimagen.net\/index.php?rest_route=\/wp\/v2\/types\/post"}],"author":[{"embeddable":true,"href":"https:\/\/www.diarioimagen.net\/index.php?rest_route=\/wp\/v2\/users\/14"}],"replies":[{"embeddable":true,"href":"https:\/\/www.diarioimagen.net\/index.php?rest_route=%2Fwp%2Fv2%2Fcomments&post=685600"}],"version-history":[{"count":1,"href":"https:\/\/www.diarioimagen.net\/index.php?rest_route=\/wp\/v2\/posts\/685600\/revisions"}],"predecessor-version":[{"id":685602,"href":"https:\/\/www.diarioimagen.net\/index.php?rest_route=\/wp\/v2\/posts\/685600\/revisions\/685602"}],"wp:featuredmedia":[{"embeddable":true,"href":"https:\/\/www.diarioimagen.net\/index.php?rest_route=\/wp\/v2\/media\/685601"}],"wp:attachment":[{"href":"https:\/\/www.diarioimagen.net\/index.php?rest_route=%2Fwp%2Fv2%2Fmedia&parent=685600"}],"wp:term":[{"taxonomy":"category","embeddable":true,"href":"https:\/\/www.diarioimagen.net\/index.php?rest_route=%2Fwp%2Fv2%2Fcategories&post=685600"},{"taxonomy":"post_tag","embeddable":true,"href":"https:\/\/www.diarioimagen.net\/index.php?rest_route=%2Fwp%2Fv2%2Ftags&post=685600"}],"curies":[{"name":"wp","href":"https:\/\/api.w.org\/{rel}","templated":true}]}}