{"id":685603,"date":"2025-09-23T19:20:03","date_gmt":"2025-09-24T01:20:03","guid":{"rendered":"https:\/\/www.diarioimagen.net\/?p=685603"},"modified":"2025-09-23T19:20:03","modified_gmt":"2025-09-24T01:20:03","slug":"ciberespacio-herramienta-para-la-educacion-raciel-perez-cruz","status":"publish","type":"post","link":"https:\/\/www.diarioimagen.net\/?p=685603","title":{"rendered":"Ciberespacio, herramienta para  la educaci\u00f3n: Raciel P\u00e9rez Cruz"},"content":{"rendered":"<ul>\n<li><strong>Entregan equipo de c\u00f3mputo al k\u00ednder Juan Dewey<\/strong><\/li>\n<\/ul>\n<div id=\"attachment_685604\" style=\"width: 415px\" class=\"wp-caption alignnone\"><img loading=\"lazy\" decoding=\"async\" aria-describedby=\"caption-attachment-685604\" class=\"wp-image-685604 size-large\" src=\"https:\/\/www.diarioimagen.net\/wp-content\/uploads\/2025\/09\/BAENA-3-ok-13-405x270.jpg\" alt=\"\" width=\"405\" height=\"270\" srcset=\"https:\/\/www.diarioimagen.net\/wp-content\/uploads\/2025\/09\/BAENA-3-ok-13-405x270.jpg 405w, https:\/\/www.diarioimagen.net\/wp-content\/uploads\/2025\/09\/BAENA-3-ok-13-240x160.jpg 240w, https:\/\/www.diarioimagen.net\/wp-content\/uploads\/2025\/09\/BAENA-3-ok-13-768x512.jpg 768w, https:\/\/www.diarioimagen.net\/wp-content\/uploads\/2025\/09\/BAENA-3-ok-13.jpg 1500w\" sizes=\"auto, (max-width: 405px) 100vw, 405px\" \/><p id=\"caption-attachment-685604\" class=\"wp-caption-text\">La comunidad estudiantil del k\u00ednder Juan Dewey cuenta con herramientas que les permitir\u00e1n ampliar su conocimiento a trav\u00e9s de la implementaci\u00f3n de tecnolog\u00eda como el internet.<\/p><\/div>\n<p><strong>\u00a0<\/strong><\/p>\n<p>Tlalnepantla, M\u00e9x. &#8211; Con nuevos equipos de c\u00f3mputo, la comunidad estudiantil del k\u00ednder Juan Dewey cuenta con herramientas que les permitir\u00e1n ampliar su conocimiento a trav\u00e9s de la implementaci\u00f3n de tecnolog\u00eda como el internet y as\u00ed contribuyan al desarrollo social, econ\u00f3mico, cultural del pa\u00eds y del municipio.<\/p>\n<p>&nbsp;<\/p>\n<p>Al convivir con padres de familia, alumnado, maestros y directivos, el alcalde Raciel P\u00e9rez Cruz record\u00f3 que cuando visit\u00f3 este plantel educativo en su calidad de presidente electo, se comprometi\u00f3 con la aportaci\u00f3n de un centro de c\u00f3mputo y hoy dicho compromiso se materializa.<\/p>\n<p>&nbsp;<\/p>\n<p>\u201cEl tener estos equipos contribuye a su formaci\u00f3n, les permite adquirir conocimientos en esa basta carretera que significa el ciberespacio para acceder, conocer y documentarse, queremos que las ni\u00f1as y ni\u00f1os de Nuestra Ciudad, llegado el momento, se conviertan en ciudadanas y ciudadanos de bien\u201d, expres\u00f3 el mun\u00edcipe.<\/p>\n<p>&nbsp;<\/p>\n<p>P\u00e9rez Cruz anunci\u00f3 que para seguir beneficiando a toda la comunidad estudiantil, as\u00ed como a las y los vecinos de esta instituci\u00f3n educativa que se ubica en la colonia Santa Mar\u00eda Tlayacampa , se llevar\u00e1 a cabo la rehabilitaci\u00f3n de esta vialidad con el objetivo de que todas y todos, puedan transitar de manera m\u00e1s segura y eficaz.<\/p>\n<p>&nbsp;<\/p>\n<p>La directora del Jard\u00edn de Ni\u00f1os Juan Dewey, Yulizeth P\u00e9rez Garc\u00eda, apunt\u00f3 que este espacio no solo es un lugar de aprendizaje, sino tambi\u00e9n un punto de sue\u00f1os, esperanza y aprendizaje para todas las alumnas y alumnos.<\/p>\n<p>&nbsp;<\/p>\n<p>Afirm\u00f3 que la visita del presidente Municipal, Raciel P\u00e9rez Cruz \u201crepresenta un gesto muy significativo para toda nuestra comunidad escolar y las familias. Nos llena de alegr\u00eda saber que contamos con su apoyo, compromiso e inter\u00e9s en el bienestar y desarrollo de nuestras ni\u00f1as y ni\u00f1os\u201d.<\/p>\n<p>&nbsp;<\/p>\n<p>&nbsp;<\/p>\n<p><strong>\u00a0<\/strong><\/p>\n<p>&nbsp;<\/p>\n","protected":false},"excerpt":{"rendered":"<p>Entregan equipo de c\u00f3mputo al k\u00ednder Juan Dewey \u00a0 Tlalnepantla, M\u00e9x. &#8211; Con nuevos equipos de c\u00f3mputo, la comunidad estudiantil del k\u00ednder Juan Dewey cuenta con herramientas que les permitir\u00e1n ampliar su conocimiento a trav\u00e9s de la implementaci\u00f3n de tecnolog\u00eda como el internet y as\u00ed contribuyan al desarrollo social, econ\u00f3mico, cultural del pa\u00eds y del [&hellip;]<\/p>\n","protected":false},"author":14,"featured_media":685604,"comment_status":"open","ping_status":"open","sticky":false,"template":"","format":"standard","meta":{"_monsterinsights_skip_tracking":false,"_monsterinsights_sitenote_active":false,"_monsterinsights_sitenote_note":"","_monsterinsights_sitenote_category":0,"footnotes":""},"categories":[5],"tags":[],"class_list":["post-685603","post","type-post","status-publish","format-standard","has-post-thumbnail","hentry","category-estado-de-mexico"],"_links":{"self":[{"href":"https:\/\/www.diarioimagen.net\/index.php?rest_route=\/wp\/v2\/posts\/685603","targetHints":{"allow":["GET"]}}],"collection":[{"href":"https:\/\/www.diarioimagen.net\/index.php?rest_route=\/wp\/v2\/posts"}],"about":[{"href":"https:\/\/www.diarioimagen.net\/index.php?rest_route=\/wp\/v2\/types\/post"}],"author":[{"embeddable":true,"href":"https:\/\/www.diarioimagen.net\/index.php?rest_route=\/wp\/v2\/users\/14"}],"replies":[{"embeddable":true,"href":"https:\/\/www.diarioimagen.net\/index.php?rest_route=%2Fwp%2Fv2%2Fcomments&post=685603"}],"version-history":[{"count":1,"href":"https:\/\/www.diarioimagen.net\/index.php?rest_route=\/wp\/v2\/posts\/685603\/revisions"}],"predecessor-version":[{"id":685605,"href":"https:\/\/www.diarioimagen.net\/index.php?rest_route=\/wp\/v2\/posts\/685603\/revisions\/685605"}],"wp:featuredmedia":[{"embeddable":true,"href":"https:\/\/www.diarioimagen.net\/index.php?rest_route=\/wp\/v2\/media\/685604"}],"wp:attachment":[{"href":"https:\/\/www.diarioimagen.net\/index.php?rest_route=%2Fwp%2Fv2%2Fmedia&parent=685603"}],"wp:term":[{"taxonomy":"category","embeddable":true,"href":"https:\/\/www.diarioimagen.net\/index.php?rest_route=%2Fwp%2Fv2%2Fcategories&post=685603"},{"taxonomy":"post_tag","embeddable":true,"href":"https:\/\/www.diarioimagen.net\/index.php?rest_route=%2Fwp%2Fv2%2Ftags&post=685603"}],"curies":[{"name":"wp","href":"https:\/\/api.w.org\/{rel}","templated":true}]}}