{"id":685606,"date":"2025-09-23T19:21:15","date_gmt":"2025-09-24T01:21:15","guid":{"rendered":"https:\/\/www.diarioimagen.net\/?p=685606"},"modified":"2025-09-23T19:21:15","modified_gmt":"2025-09-24T01:21:15","slug":"la-reforestacion-es-una-prioridad-en-huixquilucan","status":"publish","type":"post","link":"https:\/\/www.diarioimagen.net\/?p=685606","title":{"rendered":"La reforestaci\u00f3n es una prioridad en Huixquilucan"},"content":{"rendered":"<p>&nbsp;<\/p>\n<div id=\"attachment_685607\" style=\"width: 389px\" class=\"wp-caption alignnone\"><img loading=\"lazy\" decoding=\"async\" aria-describedby=\"caption-attachment-685607\" class=\"wp-image-685607 size-large\" src=\"https:\/\/www.diarioimagen.net\/wp-content\/uploads\/2025\/09\/BAENA-4-ok-13-379x270.jpg\" alt=\"\" width=\"379\" height=\"270\" srcset=\"https:\/\/www.diarioimagen.net\/wp-content\/uploads\/2025\/09\/BAENA-4-ok-13-379x270.jpg 379w, https:\/\/www.diarioimagen.net\/wp-content\/uploads\/2025\/09\/BAENA-4-ok-13-240x171.jpg 240w, https:\/\/www.diarioimagen.net\/wp-content\/uploads\/2025\/09\/BAENA-4-ok-13-768x547.jpg 768w, https:\/\/www.diarioimagen.net\/wp-content\/uploads\/2025\/09\/BAENA-4-ok-13-90x65.jpg 90w, https:\/\/www.diarioimagen.net\/wp-content\/uploads\/2025\/09\/BAENA-4-ok-13.jpg 1500w\" sizes=\"auto, (max-width: 379px) 100vw, 379px\" \/><p id=\"caption-attachment-685607\" class=\"wp-caption-text\">La reforestaci\u00f3n es una prioridad en Huixquilucan<\/p><\/div>\n<p>Huixquilucan, M\u00e9x. &#8211; Durante la presente temporada de lluvias y a trav\u00e9s de tres jornadas de reforestaci\u00f3n, el Gobierno de Huixquilucan ha plantado m\u00e1s de 400 \u00e1rboles end\u00e9micos en las inmediaciones de la Presa El Capul\u00edn, con el objetivo de seguir avanzando en la remediaci\u00f3n y saneamiento de este vaso regulador, adem\u00e1s de crecer la barrera natural que se est\u00e1 creando para detener los microorganismos que emana y evitar que lleguen a las zonas habitacionales aleda\u00f1as a ella. Al visitar el fraccionamiento Balcones de la Herradura, aleda\u00f1o a la Presa El Capul\u00edn, la alcaldesa Romina Contreras Carrasco, inform\u00f3 que se mantiene la comunicaci\u00f3n entre los tres niveles de gobierno para continuar saneando este cuerpo de agua, pues el objetivo es que no se escatime ning\u00fan esfuerzo para eliminar los malos olores que aquejan a la poblaci\u00f3n, principalmente, durante la \u00e9poca de estiaje.<\/p>\n<p>&nbsp;<\/p>\n<p>Se\u00f1al\u00f3 que, en lo que respecta al gobierno municipal, durante 2025, se concluy\u00f3 la construcci\u00f3n de un colector marginal de 2.5 kil\u00f3metros que conduce las aguas residuales de Balcones de la Herradura hasta la planta de tratamiento \u201cEl Capul\u00edn\u201d; con la intenci\u00f3n de evitar que las descargas lleguen al r\u00edo, y se mantiene un esfuerzo permanente por parte de Aguas de Huixquilucan para atender esta situaci\u00f3n, en beneficio de las familias que viven alrededor de la presa.<\/p>\n","protected":false},"excerpt":{"rendered":"<p>&nbsp; Huixquilucan, M\u00e9x. &#8211; Durante la presente temporada de lluvias y a trav\u00e9s de tres jornadas de reforestaci\u00f3n, el Gobierno de Huixquilucan ha plantado m\u00e1s de 400 \u00e1rboles end\u00e9micos en las inmediaciones de la Presa El Capul\u00edn, con el objetivo de seguir avanzando en la remediaci\u00f3n y saneamiento de este vaso regulador, adem\u00e1s de crecer [&hellip;]<\/p>\n","protected":false},"author":14,"featured_media":685607,"comment_status":"open","ping_status":"open","sticky":false,"template":"","format":"standard","meta":{"_monsterinsights_skip_tracking":false,"_monsterinsights_sitenote_active":false,"_monsterinsights_sitenote_note":"","_monsterinsights_sitenote_category":0,"footnotes":""},"categories":[5],"tags":[],"class_list":["post-685606","post","type-post","status-publish","format-standard","has-post-thumbnail","hentry","category-estado-de-mexico"],"_links":{"self":[{"href":"https:\/\/www.diarioimagen.net\/index.php?rest_route=\/wp\/v2\/posts\/685606","targetHints":{"allow":["GET"]}}],"collection":[{"href":"https:\/\/www.diarioimagen.net\/index.php?rest_route=\/wp\/v2\/posts"}],"about":[{"href":"https:\/\/www.diarioimagen.net\/index.php?rest_route=\/wp\/v2\/types\/post"}],"author":[{"embeddable":true,"href":"https:\/\/www.diarioimagen.net\/index.php?rest_route=\/wp\/v2\/users\/14"}],"replies":[{"embeddable":true,"href":"https:\/\/www.diarioimagen.net\/index.php?rest_route=%2Fwp%2Fv2%2Fcomments&post=685606"}],"version-history":[{"count":1,"href":"https:\/\/www.diarioimagen.net\/index.php?rest_route=\/wp\/v2\/posts\/685606\/revisions"}],"predecessor-version":[{"id":685608,"href":"https:\/\/www.diarioimagen.net\/index.php?rest_route=\/wp\/v2\/posts\/685606\/revisions\/685608"}],"wp:featuredmedia":[{"embeddable":true,"href":"https:\/\/www.diarioimagen.net\/index.php?rest_route=\/wp\/v2\/media\/685607"}],"wp:attachment":[{"href":"https:\/\/www.diarioimagen.net\/index.php?rest_route=%2Fwp%2Fv2%2Fmedia&parent=685606"}],"wp:term":[{"taxonomy":"category","embeddable":true,"href":"https:\/\/www.diarioimagen.net\/index.php?rest_route=%2Fwp%2Fv2%2Fcategories&post=685606"},{"taxonomy":"post_tag","embeddable":true,"href":"https:\/\/www.diarioimagen.net\/index.php?rest_route=%2Fwp%2Fv2%2Ftags&post=685606"}],"curies":[{"name":"wp","href":"https:\/\/api.w.org\/{rel}","templated":true}]}}