{"id":685612,"date":"2025-09-23T19:43:24","date_gmt":"2025-09-24T01:43:24","guid":{"rendered":"https:\/\/www.diarioimagen.net\/?p=685612"},"modified":"2025-09-23T19:43:24","modified_gmt":"2025-09-24T01:43:24","slug":"delfina-gomez-entrega-informe-de-labores-a-congreso-mexiquense","status":"publish","type":"post","link":"https:\/\/www.diarioimagen.net\/?p=685612","title":{"rendered":"\u00a0  Delfina G\u00f3mez entrega Informe  de Labores a Congreso mexiquense"},"content":{"rendered":"<ul>\n<li><strong>Segundo a\u00f1o de gobierno<\/strong><\/li>\n<li><strong>Se informa con honestidad y transparencia sobre los principales avances y logros de su gesti\u00f3n<\/strong><\/li>\n<\/ul>\n<div id=\"attachment_685613\" style=\"width: 415px\" class=\"wp-caption alignnone\"><img loading=\"lazy\" decoding=\"async\" aria-describedby=\"caption-attachment-685613\" class=\"wp-image-685613 size-large\" src=\"https:\/\/www.diarioimagen.net\/wp-content\/uploads\/2025\/09\/EDOMEX-1-ok-12-405x270.jpg\" alt=\"\" width=\"405\" height=\"270\" srcset=\"https:\/\/www.diarioimagen.net\/wp-content\/uploads\/2025\/09\/EDOMEX-1-ok-12-405x270.jpg 405w, https:\/\/www.diarioimagen.net\/wp-content\/uploads\/2025\/09\/EDOMEX-1-ok-12-240x160.jpg 240w, https:\/\/www.diarioimagen.net\/wp-content\/uploads\/2025\/09\/EDOMEX-1-ok-12-768x511.jpg 768w, https:\/\/www.diarioimagen.net\/wp-content\/uploads\/2025\/09\/EDOMEX-1-ok-12.jpg 1500w\" sizes=\"auto, (max-width: 405px) 100vw, 405px\" \/><p id=\"caption-attachment-685613\" class=\"wp-caption-text\">Por segunda ocasi\u00f3n, la gobernadora Delfina G\u00f3mez asisti\u00f3 al Poder Legislativo para informar sobre los avances y resultados de su gesti\u00f3n, reafirmando con ello su compromiso con la institucionalidad republicana.<\/p><\/div>\n<p>&nbsp;<\/p>\n<p>Toluca, Estado de M\u00e9xico.\u2013 La Gobernadora Delfina G\u00f3mez \u00c1lvarez acudi\u00f3 al Congreso del Estado de M\u00e9xico para entregar su Segundo Informe de Labores, en cumplimiento de lo que establece la Constituci\u00f3n local. Es la segunda ocasi\u00f3n que la Mandataria asiste al Poder Legislativo para informar sobre los avances y resultados de su gesti\u00f3n, reafirmando con ello su compromiso con la institucionalidad republicana.<\/p>\n<p>&nbsp;<\/p>\n<p>\u201cHoy rindo cuentas ante esta soberan\u00eda popular mediante este acto republicano para entregar de manera impresa y electr\u00f3nica el estado que guarda la administraci\u00f3n p\u00fablica durante el periodo 2024-2025, informando con honestidad y transparencia sobre los principales avances y logros en las obras y acciones que emprendimos desde el Gobierno del Estado de M\u00e9xico en este a\u00f1o de gesti\u00f3n administrativa\u201d, afirm\u00f3 la Gobernadora Delfina G\u00f3mez.<\/p>\n<p>&nbsp;<\/p>\n<p>En el recinto legislativo, la recibieron el legislador Francisco V\u00e1zquez Rodr\u00edguez, presidente de la Junta de Coordinaci\u00f3n Pol\u00edtica, y la legisladora Martha Azucena Camacho Reynoso, presidenta de la Mesa Directiva del Congreso mexiquense, quienes atestiguaron la entrega del documento y destacaron la relevancia de este ejercicio para evaluar los resultados de este segundo a\u00f1o de gesti\u00f3n.<\/p>\n<p>&nbsp;<\/p>\n<p>Con este acto, la Gobernadora G\u00f3mez \u00c1lvarez refrend\u00f3 su disposici\u00f3n de mantener una relaci\u00f3n de respeto y colaboraci\u00f3n institucional con la LXII Legislatura, convencida de que el di\u00e1logo entre poderes es esencial para consolidar la transformaci\u00f3n y avanzar en el bienestar de las y los mexiquenses. En esta ocasi\u00f3n, como el a\u00f1o anterior, estuvo acompa\u00f1ada por Horacio Duarte Olivares, Secretario General de Gobierno, quien es responsable seg\u00fan sus facultades, de la relaci\u00f3n con el Poder Legislativo mexiquense. Tambi\u00e9n estuvo presente H\u00e9ctor Macedo Garc\u00eda, Presidente del Tribunal Superior de Justicia del Estado de M\u00e9xico.<\/p>\n<p>&nbsp;<\/p>\n<p>&nbsp;<\/p>\n<p>Asimismo, asistieron los integrantes de la Junta de Coordinaci\u00f3n Pol\u00edtica de la LXII Legislatura mexiquense: Jos\u00e9 Alberto Couttolenc Buentello, Vicepresidente y Coordinador Parlamentario del Partido Verde Ecologista de M\u00e9xico; El\u00edas Rescala Jim\u00e9nez, Vicepresidente y Coordinador Parlamentario del Partido Revolucionario Institucional; \u00d3scar Gonz\u00e1lez Y\u00e1\u00f1ez, Secretario y Coordinador Parlamentario del Partido de Trabajo; Pablo Fern\u00e1ndez de Cevallos Gonz\u00e1lez, Vocal y Coordinador Parlamentario del Partido Acci\u00f3n Nacional; Juan Manuel Zepeda Hern\u00e1ndez, Vocal y Coordinador Parlamentario de Movimiento Ciudadano, y Omar Ortega \u00c1lvarez, Vocal y Coordinador Parlamentario del Partido de la Revoluci\u00f3n Democr\u00e1tica.<\/p>\n<p>&nbsp;<\/p>\n<blockquote><p>&nbsp;<\/p>\n<p>Gobernadora llevar\u00e1 su Informe a tres regiones del Edomex<\/p>\n<p>TOLUCA, Estado de M\u00e9xico.\u2013 Para imprimir su sello de vocaci\u00f3n y di\u00e1logo permanente con la ciudadan\u00eda, la rendici\u00f3n de cuentas no se quedar\u00e1 en el acto formal, por lo que la gobernadoraa Delfina G\u00f3mez decidi\u00f3 llevar el informe al territorio con tres encuentros regionales:<\/p>\n<p>&nbsp;<\/p>\n<ul>\n<li>El 23 de septiembre en Temascaltepec, municipio enclavado en la Regi\u00f3n Valle de Bravo, Pueblo con Encanto rodeado de monta\u00f1as, considerado la puerta al sur mexiquense y con fuerte vocaci\u00f3n agr\u00edcola y artesanal.<\/li>\n<\/ul>\n<p>&nbsp;<\/p>\n<ul>\n<li>El 24 en Atlacomulco, cabecera de la Regi\u00f3n Norte, zona estrat\u00e9gica que agrupa municipios con industria en expansi\u00f3n e identidad cultural reconocida.<\/li>\n<\/ul>\n<p>&nbsp;<\/p>\n<ul>\n<li>Y el 25 en Texcoco, en la Regi\u00f3n Oriente del Valle de M\u00e9xico, municipio conurbado y urbano que concentra m\u00e1s de 230 mil habitantes, y del cual es originaria la propia Gobernadora.<\/li>\n<\/ul>\n<p>&nbsp;<\/p>\n<p>&nbsp;<\/p>\n<p>En estos di\u00e1logos, la gobernadora informar\u00e1 con un enfoque regional acerca del avance de la pobreza, el crecimiento en la creaci\u00f3n de empleos formales, los resultados y el n\u00famero de operativos de seguridad implementados en las comunidades, la entrega de m\u00e1s y mejores patrullas y obras en materia de movilidad y transporte p\u00fablico.<\/p>\n<p>&nbsp;<\/p>\n<p>&nbsp;<\/p>\n<p>Con esta din\u00e1mica in\u00e9dita, la Mandataria acerca directamente a la ciudadan\u00eda los principales avances y tambi\u00e9n los pendientes de su administraci\u00f3n. Al visitar regiones tan distintas entre s\u00ed \u2014rurales, urbanas y conurbadas\u2014, la Gobernadora Delfina G\u00f3mez reafirma la esencia de su gobierno: ser una administraci\u00f3n de territorio, que escucha de frente a las y los mexiquenses y que rinde cuentas con hechos, cara a cara con el pueblo en todo el Estado de M\u00e9xico.<\/p><\/blockquote>\n","protected":false},"excerpt":{"rendered":"<p>Segundo a\u00f1o de gobierno Se informa con honestidad y transparencia sobre los principales avances y logros de su gesti\u00f3n &nbsp; Toluca, Estado de M\u00e9xico.\u2013 La Gobernadora Delfina G\u00f3mez \u00c1lvarez acudi\u00f3 al Congreso del Estado de M\u00e9xico para entregar su Segundo Informe de Labores, en cumplimiento de lo que establece la Constituci\u00f3n local. Es la segunda [&hellip;]<\/p>\n","protected":false},"author":14,"featured_media":685613,"comment_status":"open","ping_status":"open","sticky":false,"template":"","format":"standard","meta":{"_monsterinsights_skip_tracking":false,"_monsterinsights_sitenote_active":false,"_monsterinsights_sitenote_note":"","_monsterinsights_sitenote_category":0,"footnotes":""},"categories":[16,5],"tags":[],"class_list":["post-685612","post","type-post","status-publish","format-standard","has-post-thumbnail","hentry","category-destacadas","category-estado-de-mexico"],"_links":{"self":[{"href":"https:\/\/www.diarioimagen.net\/index.php?rest_route=\/wp\/v2\/posts\/685612","targetHints":{"allow":["GET"]}}],"collection":[{"href":"https:\/\/www.diarioimagen.net\/index.php?rest_route=\/wp\/v2\/posts"}],"about":[{"href":"https:\/\/www.diarioimagen.net\/index.php?rest_route=\/wp\/v2\/types\/post"}],"author":[{"embeddable":true,"href":"https:\/\/www.diarioimagen.net\/index.php?rest_route=\/wp\/v2\/users\/14"}],"replies":[{"embeddable":true,"href":"https:\/\/www.diarioimagen.net\/index.php?rest_route=%2Fwp%2Fv2%2Fcomments&post=685612"}],"version-history":[{"count":1,"href":"https:\/\/www.diarioimagen.net\/index.php?rest_route=\/wp\/v2\/posts\/685612\/revisions"}],"predecessor-version":[{"id":685614,"href":"https:\/\/www.diarioimagen.net\/index.php?rest_route=\/wp\/v2\/posts\/685612\/revisions\/685614"}],"wp:featuredmedia":[{"embeddable":true,"href":"https:\/\/www.diarioimagen.net\/index.php?rest_route=\/wp\/v2\/media\/685613"}],"wp:attachment":[{"href":"https:\/\/www.diarioimagen.net\/index.php?rest_route=%2Fwp%2Fv2%2Fmedia&parent=685612"}],"wp:term":[{"taxonomy":"category","embeddable":true,"href":"https:\/\/www.diarioimagen.net\/index.php?rest_route=%2Fwp%2Fv2%2Fcategories&post=685612"},{"taxonomy":"post_tag","embeddable":true,"href":"https:\/\/www.diarioimagen.net\/index.php?rest_route=%2Fwp%2Fv2%2Ftags&post=685612"}],"curies":[{"name":"wp","href":"https:\/\/api.w.org\/{rel}","templated":true}]}}