{"id":685640,"date":"2025-09-23T20:51:15","date_gmt":"2025-09-24T02:51:15","guid":{"rendered":"https:\/\/www.diarioimagen.net\/?p=685640"},"modified":"2025-09-23T20:51:45","modified_gmt":"2025-09-24T02:51:45","slug":"estudiantes-de-posgrado-de-la-uaemex-ganan-premio-estatal-de-contraloria-social-2025","status":"publish","type":"post","link":"https:\/\/www.diarioimagen.net\/?p=685640","title":{"rendered":"Estudiantes de posgrado de la UAEM\u00e9x  ganan Premio Estatal de Contralor\u00eda Social 2025"},"content":{"rendered":"<p><strong>\u00a0<\/strong><\/p>\n<p><strong>\u00a0<\/strong><\/p>\n<ul>\n<li><strong>La secretaria de la Contralor\u00eda del Gobierno del Estado de M\u00e9xico, Hilda Salazar Gil, reconoci\u00f3 a Amelia Palma, por haber obtenido el primer lugar, y a Daniel Antol\u00edn, el tercer lugar, en la Categor\u00eda Acciones de Vigilancia Ciudadana en la Gesti\u00f3n P\u00fablica<\/strong><\/li>\n<\/ul>\n<p><img loading=\"lazy\" decoding=\"async\" class=\"alignnone wp-image-685641 size-large\" src=\"https:\/\/www.diarioimagen.net\/wp-content\/uploads\/2025\/09\/UAEM-1-8-405x270.jpg\" alt=\"\" width=\"405\" height=\"270\" srcset=\"https:\/\/www.diarioimagen.net\/wp-content\/uploads\/2025\/09\/UAEM-1-8-405x270.jpg 405w, https:\/\/www.diarioimagen.net\/wp-content\/uploads\/2025\/09\/UAEM-1-8-240x160.jpg 240w, https:\/\/www.diarioimagen.net\/wp-content\/uploads\/2025\/09\/UAEM-1-8-768x512.jpg 768w, https:\/\/www.diarioimagen.net\/wp-content\/uploads\/2025\/09\/UAEM-1-8-1536x1023.jpg 1536w, https:\/\/www.diarioimagen.net\/wp-content\/uploads\/2025\/09\/UAEM-1-8-2048x1364.jpg 2048w\" sizes=\"auto, (max-width: 405px) 100vw, 405px\" \/><\/p>\n<p>Toluca, M\u00e9x.- Por sus propuestas que fomentan la transparencia y la rendici\u00f3n de cuentas, adem\u00e1s de incidir en el combate a la corrupci\u00f3n, estudiantes de la Maestr\u00eda en Contralor\u00eda Gubernamental de la Universidad Aut\u00f3noma del Estado de M\u00e9xico (UAEM\u00e9x) fueron galardonados con el Premio Estatal de Contralor\u00eda Social 2025.<\/p>\n<p>Durante la ceremonia de premiaci\u00f3n de la decimos\u00e9ptima edici\u00f3n de este galard\u00f3n, la secretaria de la Contralor\u00eda del Gobierno del Estado de M\u00e9xico, Hilda Salazar Gil, reconoci\u00f3 a Amelia Palma Vald\u00e9z, por haber obtenido el primer lugar, y a Daniel Antol\u00edn Villalba, el tercer lugar, en la Categor\u00eda Acciones de Vigilancia Ciudadana en la Gesti\u00f3n P\u00fablica.<\/p>\n<p>Ante el director de Transparencia Universitaria, Hugo Edgar Chaparro Campos, que acudi\u00f3 al evento en representaci\u00f3n de la rectora de la UAEM\u00e9x, Martha Patricia Zarza Delgado, Salazar Gil coment\u00f3 que el Plan de Desarrollo del Estado de M\u00e9xico 2023-2029 establece como prioridad consolidar un gobierno cercano, abierto y participativo, donde la voz de la ciudadan\u00eda ocupa un lugar central en la vida p\u00fablica.<\/p>\n<p>En este sentido, resalt\u00f3 que los Comit\u00e9s Ciudadanos de Control y Vigilancia (COCICOVI), as\u00ed como la sociedad organizada, cumplen con la consigna de la gobernadora mexiquense, Delfina G\u00f3mez \u00c1lvarez, relativa a que escuchar, dialogar y trabajar en comunidad sienta las bases para una verdadera transformaci\u00f3n p\u00fablica.<\/p>\n<p>La secretaria de la Contralor\u00eda estatal felicit\u00f3 a los seis participantes provenientes de los municipios de Toluca, Tenango del Valle, Metepec, Morelos y Zinacantepec, quienes sobresalieron entre los m\u00e1s de 22 mil ciudadanas y ciudadanos que, desde sus comunidades, vigilan, supervisan y recuerdan que la contralor\u00eda social es un ejercicio de responsabilidad democr\u00e1tica.<\/p>\n<p>Como representante de las y los galardonados en la Categor\u00eda Acciones de Vigilancia Ciudadana en la Gesti\u00f3n P\u00fablica, Amelia Palma Vald\u00e9z expres\u00f3 su agradecimiento a la M\u00e1xima Casa de Estudios mexiquense, instituci\u00f3n constituida por profesionales que aportan a la construcci\u00f3n de una cultura de responsabilidad p\u00fablica que permita la mejora continua y la vigilancia en su actuar.<\/p>\n<p>Asimismo, resalt\u00f3 que este premio representa un compromiso para continuar trabajando con la certeza de que la transparencia es una herramienta indispensable para construir un estado m\u00e1s justo, cercano y confiable, por lo que, dijo, es elemental multiplicar esfuerzos para generar m\u00e1s proyectos y propuestas que beneficien a la sociedad mexiquense.<\/p>\n<p>&nbsp;<\/p>\n<p>&nbsp;<\/p>\n<p>&nbsp;<\/p>\n<h2><strong>Conmemora UAEM\u00e9x el LVI Aniversario Luctuoso de Adolfo L\u00f3pez Mateos<\/strong><\/h2>\n<p>&nbsp;<\/p>\n<p>Toluca, M\u00e9x.- En el Plantel \u201cLic. Adolfo L\u00f3pez Mateos\u201d de la Escuela Preparatoria de la Universidad Aut\u00f3noma del Estado de M\u00e9xico (UAEM\u00e9x) se llev\u00f3 a cabo la ceremonia solemne conmemorativa al LVI aniversario luctuoso de quien fuera presidente de M\u00e9xico de 1958 a 1964 y uno de los mexiquenses m\u00e1s destacados del siglo XX, Adolfo L\u00f3pez Mateos.<\/p>\n<p>Durante el acto, que encabezaron la titular de la Consejer\u00eda Jur\u00eddica Universitaria, Evangelina Sales S\u00e1nchez, y el director de dicho plantel, Arturo Mej\u00eda Zamora, se realizaron honores a la bandera y mont\u00f3 guardia de honor en el busto erigido en memoria del originario de Atizap\u00e1n de Zaragoza, como parte del reconocimiento a su legado pol\u00edtico, educativo y cultural.<\/p>\n<p>Cabe recordar que Adolfo L\u00f3pez Mateos fue estudiante, bibliotecario, profesor de literatura e historia y director del Instituto Cient\u00edfico y Literario, antecedente de la Universidad Aut\u00f3noma del Estado de M\u00e9xico.<\/p>\n<p>&nbsp;<\/p>\n<p>&nbsp;<\/p>\n","protected":false},"excerpt":{"rendered":"<p>\u00a0 \u00a0 La secretaria de la Contralor\u00eda del Gobierno del Estado de M\u00e9xico, Hilda Salazar Gil, reconoci\u00f3 a Amelia Palma, por haber obtenido el primer lugar, y a Daniel Antol\u00edn, el tercer lugar, en la Categor\u00eda Acciones de Vigilancia Ciudadana en la Gesti\u00f3n P\u00fablica Toluca, M\u00e9x.- Por sus propuestas que fomentan la transparencia y la [&hellip;]<\/p>\n","protected":false},"author":14,"featured_media":685641,"comment_status":"open","ping_status":"open","sticky":false,"template":"","format":"standard","meta":{"_monsterinsights_skip_tracking":false,"_monsterinsights_sitenote_active":false,"_monsterinsights_sitenote_note":"","_monsterinsights_sitenote_category":0,"footnotes":""},"categories":[16,5],"tags":[],"class_list":["post-685640","post","type-post","status-publish","format-standard","has-post-thumbnail","hentry","category-destacadas","category-estado-de-mexico"],"_links":{"self":[{"href":"https:\/\/www.diarioimagen.net\/index.php?rest_route=\/wp\/v2\/posts\/685640","targetHints":{"allow":["GET"]}}],"collection":[{"href":"https:\/\/www.diarioimagen.net\/index.php?rest_route=\/wp\/v2\/posts"}],"about":[{"href":"https:\/\/www.diarioimagen.net\/index.php?rest_route=\/wp\/v2\/types\/post"}],"author":[{"embeddable":true,"href":"https:\/\/www.diarioimagen.net\/index.php?rest_route=\/wp\/v2\/users\/14"}],"replies":[{"embeddable":true,"href":"https:\/\/www.diarioimagen.net\/index.php?rest_route=%2Fwp%2Fv2%2Fcomments&post=685640"}],"version-history":[{"count":1,"href":"https:\/\/www.diarioimagen.net\/index.php?rest_route=\/wp\/v2\/posts\/685640\/revisions"}],"predecessor-version":[{"id":685642,"href":"https:\/\/www.diarioimagen.net\/index.php?rest_route=\/wp\/v2\/posts\/685640\/revisions\/685642"}],"wp:featuredmedia":[{"embeddable":true,"href":"https:\/\/www.diarioimagen.net\/index.php?rest_route=\/wp\/v2\/media\/685641"}],"wp:attachment":[{"href":"https:\/\/www.diarioimagen.net\/index.php?rest_route=%2Fwp%2Fv2%2Fmedia&parent=685640"}],"wp:term":[{"taxonomy":"category","embeddable":true,"href":"https:\/\/www.diarioimagen.net\/index.php?rest_route=%2Fwp%2Fv2%2Fcategories&post=685640"},{"taxonomy":"post_tag","embeddable":true,"href":"https:\/\/www.diarioimagen.net\/index.php?rest_route=%2Fwp%2Fv2%2Ftags&post=685640"}],"curies":[{"name":"wp","href":"https:\/\/api.w.org\/{rel}","templated":true}]}}