{"id":685791,"date":"2025-09-24T20:58:06","date_gmt":"2025-09-25T02:58:06","guid":{"rendered":"https:\/\/www.diarioimagen.net\/?p=685791"},"modified":"2025-09-24T20:58:06","modified_gmt":"2025-09-25T02:58:06","slug":"redoblar-esfuerzos-para-erradicar-explotacion-sexual-demanda-el-pt","status":"publish","type":"post","link":"https:\/\/www.diarioimagen.net\/?p=685791","title":{"rendered":"Redoblar esfuerzos para erradicar  explotaci\u00f3n sexual, demanda el PT"},"content":{"rendered":"<ul>\n<li><strong>\u201cFalta camino por recorrer\u201d<\/strong><\/li>\n<\/ul>\n<p><strong>\u00a0<\/strong><\/p>\n<div id=\"attachment_685792\" style=\"width: 250px\" class=\"wp-caption alignnone\"><img loading=\"lazy\" decoding=\"async\" aria-describedby=\"caption-attachment-685792\" class=\"wp-image-685792 size-medium\" src=\"https:\/\/www.diarioimagen.net\/wp-content\/uploads\/2025\/09\/BAENA-3-ok-14-240x222.jpg\" alt=\"\" width=\"240\" height=\"222\" srcset=\"https:\/\/www.diarioimagen.net\/wp-content\/uploads\/2025\/09\/BAENA-3-ok-14-240x222.jpg 240w, https:\/\/www.diarioimagen.net\/wp-content\/uploads\/2025\/09\/BAENA-3-ok-14-292x270.jpg 292w, https:\/\/www.diarioimagen.net\/wp-content\/uploads\/2025\/09\/BAENA-3-ok-14-768x710.jpg 768w, https:\/\/www.diarioimagen.net\/wp-content\/uploads\/2025\/09\/BAENA-3-ok-14.jpg 1500w\" sizes=\"auto, (max-width: 240px) 100vw, 240px\" \/><p id=\"caption-attachment-685792\" class=\"wp-caption-text\"><br \/>Ang\u00e9lica Rivadeneyra Villarreal expres\u00f3 su preocupaci\u00f3n por los pendientes que a\u00fan persisten para garantizar que las infancias y adolescencias vivan libres de violencias.<\/p><\/div>\n<p>Toluca M\u00e9x.- En el marco del D\u00eda Internacional contra la Explotaci\u00f3n Sexual de Ni\u00f1as, Ni\u00f1os y Adolescentes, Ang\u00e9lica Rivadeneyra Villarreal, integrante de la Comisi\u00f3n Ejecutiva Nacional del Partido del Trabajo (PT), expres\u00f3 su preocupaci\u00f3n por los pendientes que a\u00fan persisten para garantizar que las infancias y adolescencias de M\u00e9xico vivan libres de todo tipo de violencias. Subray\u00f3 que, a pesar de los avances, la realidad demuestra que falta un camino importante por recorrer en la protecci\u00f3n integral de este sector.<\/p>\n<p>&nbsp;<\/p>\n<p>Rivadeneyra Villarreal destac\u00f3 que uno de los mayores desaf\u00edos radica en frenar el turismo de depredaci\u00f3n sexual, fen\u00f3meno que coloca a M\u00e9xico como uno de los pa\u00edses de preferencia para los explotadores. En ese sentido, hizo un llamado a reforzar los trabajos de inteligencia, articular esfuerzos institucionales y mejorar las capacidades de investigaci\u00f3n para erradicar estas redes delictivas que vulneran de manera sistem\u00e1tica la dignidad de ni\u00f1as, ni\u00f1os y adolescentes.<\/p>\n<p>&nbsp;<\/p>\n<p>La dirigente petista reconoci\u00f3 que en los \u00faltimos a\u00f1os se han impulsado diversas pol\u00edticas p\u00fablicas y acciones legislativas orientadas a la protecci\u00f3n de las infancias; sin embargo, consider\u00f3 que estas medidas a\u00fan son insuficientes. \u201cLos avances existen, pero no alcanzan. Tenemos que ser mucho m\u00e1s contundentes si realmente queremos que las nuevas generaciones crezcan en un entorno sano y libre de abusos\u201d, enfatiz\u00f3.<\/p>\n<p>&nbsp;<\/p>\n<p>Asimismo, record\u00f3 que la lucha contra la explotaci\u00f3n sexual infantil no debe ser responsabilidad exclusiva del gobierno, sino un esfuerzo conjunto que involucre a la sociedad en su conjunto: familias, comunidades, instituciones educativas, sector privado y organizaciones de la sociedad civil. \u201cLa protecci\u00f3n de nuestras ni\u00f1as, ni\u00f1os y adolescentes debe estar en el centro de todas las agendas, porque se trata del presente y del futuro de nuestro pa\u00eds\u201d, asegur\u00f3.<\/p>\n<p>&nbsp;<\/p>\n<p>Finalmente, Ang\u00e9lica Rivadeneyra llam\u00f3 a atender de manera inmediata los pendientes que persisten en la materia. \u201cPor amor a nuestras infancias sanas y saludables, debemos cerrar filas y garantizar que vivan libres de violencia, con todas las condiciones para desarrollarse plenamente\u201d, concluy\u00f3.<\/p>\n<p><strong>\u00a0<\/strong><\/p>\n<p>&nbsp;<\/p>\n","protected":false},"excerpt":{"rendered":"<p>\u201cFalta camino por recorrer\u201d \u00a0 Toluca M\u00e9x.- En el marco del D\u00eda Internacional contra la Explotaci\u00f3n Sexual de Ni\u00f1as, Ni\u00f1os y Adolescentes, Ang\u00e9lica Rivadeneyra Villarreal, integrante de la Comisi\u00f3n Ejecutiva Nacional del Partido del Trabajo (PT), expres\u00f3 su preocupaci\u00f3n por los pendientes que a\u00fan persisten para garantizar que las infancias y adolescencias de M\u00e9xico vivan [&hellip;]<\/p>\n","protected":false},"author":14,"featured_media":685792,"comment_status":"open","ping_status":"open","sticky":false,"template":"","format":"standard","meta":{"_monsterinsights_skip_tracking":false,"_monsterinsights_sitenote_active":false,"_monsterinsights_sitenote_note":"","_monsterinsights_sitenote_category":0,"footnotes":""},"categories":[5],"tags":[],"class_list":["post-685791","post","type-post","status-publish","format-standard","has-post-thumbnail","hentry","category-estado-de-mexico"],"_links":{"self":[{"href":"https:\/\/www.diarioimagen.net\/index.php?rest_route=\/wp\/v2\/posts\/685791","targetHints":{"allow":["GET"]}}],"collection":[{"href":"https:\/\/www.diarioimagen.net\/index.php?rest_route=\/wp\/v2\/posts"}],"about":[{"href":"https:\/\/www.diarioimagen.net\/index.php?rest_route=\/wp\/v2\/types\/post"}],"author":[{"embeddable":true,"href":"https:\/\/www.diarioimagen.net\/index.php?rest_route=\/wp\/v2\/users\/14"}],"replies":[{"embeddable":true,"href":"https:\/\/www.diarioimagen.net\/index.php?rest_route=%2Fwp%2Fv2%2Fcomments&post=685791"}],"version-history":[{"count":1,"href":"https:\/\/www.diarioimagen.net\/index.php?rest_route=\/wp\/v2\/posts\/685791\/revisions"}],"predecessor-version":[{"id":685793,"href":"https:\/\/www.diarioimagen.net\/index.php?rest_route=\/wp\/v2\/posts\/685791\/revisions\/685793"}],"wp:featuredmedia":[{"embeddable":true,"href":"https:\/\/www.diarioimagen.net\/index.php?rest_route=\/wp\/v2\/media\/685792"}],"wp:attachment":[{"href":"https:\/\/www.diarioimagen.net\/index.php?rest_route=%2Fwp%2Fv2%2Fmedia&parent=685791"}],"wp:term":[{"taxonomy":"category","embeddable":true,"href":"https:\/\/www.diarioimagen.net\/index.php?rest_route=%2Fwp%2Fv2%2Fcategories&post=685791"},{"taxonomy":"post_tag","embeddable":true,"href":"https:\/\/www.diarioimagen.net\/index.php?rest_route=%2Fwp%2Fv2%2Ftags&post=685791"}],"curies":[{"name":"wp","href":"https:\/\/api.w.org\/{rel}","templated":true}]}}