{"id":685861,"date":"2025-09-24T21:28:09","date_gmt":"2025-09-25T03:28:09","guid":{"rendered":"https:\/\/www.diarioimagen.net\/?p=685861"},"modified":"2025-09-24T21:28:09","modified_gmt":"2025-09-25T03:28:09","slug":"aumenta-inflacion-a-3-74-anual-en-primera-quincena-de-septiembre","status":"publish","type":"post","link":"https:\/\/www.diarioimagen.net\/?p=685861","title":{"rendered":"Aumenta inflaci\u00f3n a 3.74% anual  en primera quincena de septiembre"},"content":{"rendered":"<ul>\n<li><strong>Impulsada por la estacionalidad del regreso a clases<\/strong><\/li>\n<\/ul>\n<p><strong><img loading=\"lazy\" decoding=\"async\" class=\"alignnone wp-image-685862 size-large\" src=\"https:\/\/www.diarioimagen.net\/wp-content\/uploads\/2025\/09\/INFLACION-ok-405x270.jpg\" alt=\"\" width=\"405\" height=\"270\" srcset=\"https:\/\/www.diarioimagen.net\/wp-content\/uploads\/2025\/09\/INFLACION-ok-405x270.jpg 405w, https:\/\/www.diarioimagen.net\/wp-content\/uploads\/2025\/09\/INFLACION-ok-240x160.jpg 240w, https:\/\/www.diarioimagen.net\/wp-content\/uploads\/2025\/09\/INFLACION-ok-768x511.jpg 768w, https:\/\/www.diarioimagen.net\/wp-content\/uploads\/2025\/09\/INFLACION-ok.jpg 1500w\" sizes=\"auto, (max-width: 405px) 100vw, 405px\" \/>\u00a0<\/strong><\/p>\n<p>&nbsp;<\/p>\n<p>El Instituto Nacional de Estad\u00edstica y Geograf\u00eda (Inegi) report\u00f3 que la inflaci\u00f3n general de M\u00e9xico se aceler\u00f3 en la primera quincena de septiembre, a 3.74 por ciento anual, impulsada por la estacionalidad del regreso a clases, con el incremento de precios en la educaci\u00f3n; as\u00ed como el aumento del pollo, carne de res, vivienda propia, alimentos cocinados, loncher\u00edas, fondas, torter\u00edas y taquer\u00edas.<\/p>\n<p>En v\u00edsperas de que el Banco de M\u00e9xico (BdeM) d\u00e9 a conocer su decisi\u00f3n de pol\u00edtica monetaria, los precios al consumidor se elevaron, luego de que su variaci\u00f3n en agosto fue de 3.57 por ciento anual, pero acumul\u00f3 cinco lecturas anuales dentro del objetivo de estabilidad de precios del banco central (3 por ciento +\/- un punto porcentual).<\/p>\n<p>El \u00edndice nacional de precios al consumidor (INPC) present\u00f3 una variaci\u00f3n quincenal de 0.18 por ciento en la primera mitad de septiembre del presente a\u00f1o, lo que provoc\u00f3 que el aumento de precios se aceleraran.<\/p>\n<p>El comportamiento de la inflaci\u00f3n vino de la mano del \u00edndice subyacente, que excluye de su c\u00e1lculo la energ\u00eda y los alimentos frescos, as\u00ed como determina la trayectoria de los precios en el mediano y largo plazo, pues aument\u00f3 0.22 por ciento quincenal y aument\u00f3 a 4.26 por ciento anual en los primeros 15 d\u00edas de septiembre, sumando ocho lecturas arriba de 4 por ciento.<\/p>\n<p>Y es que los precios al alza que destacaron por su incidencia sobre la inflaci\u00f3n general en la primera quincena de septiembre fueron primaria, al subir 5.75 por ciento quincenal; universidad, 1.63 por ciento; vivienda propia, 0.11 por ciento; preparatoria y secundaria, 2.71 y 5.48 por ciento, en ese orden; loncher\u00edas, fondas, torter\u00edas y taquer\u00edas (0.20 por ciento); preescolar, 5.89 por ciento; pollo y carne, 0.50 y 0.43 por ciento, respectivamente.<\/p>\n<p>Por su parte, el \u00edndice no subyacente, que incluye productos agropecuarios y energ\u00e9ticos, subi\u00f3 0.03 por ciento quincenal para llevar a su medici\u00f3n frente a la primera quincena de septiembre de 2024 en 2.01 por ciento, alentada por el descenso de las frutas y verduras y la desaceleraci\u00f3n de los precios de la energ\u00eda.<\/p>\n<p>Principalmente en los descensos de los precios del jitomate de 1.40 por ciento quincenal; aguacate, 5.94 por ciento; gas dom\u00e9stico LP, 0.52 por ciento; huevo, 0.66 por ciento, principalmente.<\/p>\n<p><strong>\u00a0<\/strong><\/p>\n","protected":false},"excerpt":{"rendered":"<p>Impulsada por la estacionalidad del regreso a clases \u00a0 &nbsp; El Instituto Nacional de Estad\u00edstica y Geograf\u00eda (Inegi) report\u00f3 que la inflaci\u00f3n general de M\u00e9xico se aceler\u00f3 en la primera quincena de septiembre, a 3.74 por ciento anual, impulsada por la estacionalidad del regreso a clases, con el incremento de precios en la educaci\u00f3n; as\u00ed [&hellip;]<\/p>\n","protected":false},"author":14,"featured_media":685862,"comment_status":"open","ping_status":"open","sticky":false,"template":"","format":"standard","meta":{"_monsterinsights_skip_tracking":false,"_monsterinsights_sitenote_active":false,"_monsterinsights_sitenote_note":"","_monsterinsights_sitenote_category":0,"footnotes":""},"categories":[8],"tags":[],"class_list":["post-685861","post","type-post","status-publish","format-standard","has-post-thumbnail","hentry","category-finanzas"],"_links":{"self":[{"href":"https:\/\/www.diarioimagen.net\/index.php?rest_route=\/wp\/v2\/posts\/685861","targetHints":{"allow":["GET"]}}],"collection":[{"href":"https:\/\/www.diarioimagen.net\/index.php?rest_route=\/wp\/v2\/posts"}],"about":[{"href":"https:\/\/www.diarioimagen.net\/index.php?rest_route=\/wp\/v2\/types\/post"}],"author":[{"embeddable":true,"href":"https:\/\/www.diarioimagen.net\/index.php?rest_route=\/wp\/v2\/users\/14"}],"replies":[{"embeddable":true,"href":"https:\/\/www.diarioimagen.net\/index.php?rest_route=%2Fwp%2Fv2%2Fcomments&post=685861"}],"version-history":[{"count":1,"href":"https:\/\/www.diarioimagen.net\/index.php?rest_route=\/wp\/v2\/posts\/685861\/revisions"}],"predecessor-version":[{"id":685863,"href":"https:\/\/www.diarioimagen.net\/index.php?rest_route=\/wp\/v2\/posts\/685861\/revisions\/685863"}],"wp:featuredmedia":[{"embeddable":true,"href":"https:\/\/www.diarioimagen.net\/index.php?rest_route=\/wp\/v2\/media\/685862"}],"wp:attachment":[{"href":"https:\/\/www.diarioimagen.net\/index.php?rest_route=%2Fwp%2Fv2%2Fmedia&parent=685861"}],"wp:term":[{"taxonomy":"category","embeddable":true,"href":"https:\/\/www.diarioimagen.net\/index.php?rest_route=%2Fwp%2Fv2%2Fcategories&post=685861"},{"taxonomy":"post_tag","embeddable":true,"href":"https:\/\/www.diarioimagen.net\/index.php?rest_route=%2Fwp%2Fv2%2Ftags&post=685861"}],"curies":[{"name":"wp","href":"https:\/\/api.w.org\/{rel}","templated":true}]}}