{"id":685994,"date":"2025-09-25T20:36:56","date_gmt":"2025-09-26T02:36:56","guid":{"rendered":"https:\/\/www.diarioimagen.net\/?p=685994"},"modified":"2025-09-25T20:36:56","modified_gmt":"2025-09-26T02:36:56","slug":"la-educacion-y-la-seguridad-van-de-la-mano-senala-la-alcaldesa-de-ecatepec","status":"publish","type":"post","link":"https:\/\/www.diarioimagen.net\/?p=685994","title":{"rendered":"La educaci\u00f3n y la seguridad van de la  mano, se\u00f1ala la alcaldesa de Ecatepec"},"content":{"rendered":"<ul>\n<li><strong>Colocan primera piedra del CBTIS 295<\/strong><\/li>\n<\/ul>\n<p><strong>\u00a0<\/strong><\/p>\n<p><img loading=\"lazy\" decoding=\"async\" class=\"alignnone wp-image-685996 size-large\" src=\"https:\/\/www.diarioimagen.net\/wp-content\/uploads\/2025\/09\/BAENA-1-ok-18-296x270.jpg\" alt=\"\" width=\"296\" height=\"270\" srcset=\"https:\/\/www.diarioimagen.net\/wp-content\/uploads\/2025\/09\/BAENA-1-ok-18-296x270.jpg 296w, https:\/\/www.diarioimagen.net\/wp-content\/uploads\/2025\/09\/BAENA-1-ok-18-240x219.jpg 240w, https:\/\/www.diarioimagen.net\/wp-content\/uploads\/2025\/09\/BAENA-1-ok-18-768x700.jpg 768w, https:\/\/www.diarioimagen.net\/wp-content\/uploads\/2025\/09\/BAENA-1-ok-18-1536x1401.jpg 1536w, https:\/\/www.diarioimagen.net\/wp-content\/uploads\/2025\/09\/BAENA-1-ok-18-2048x1867.jpg 2048w\" sizes=\"auto, (max-width: 296px) 100vw, 296px\" \/><\/p>\n<p>&nbsp;<\/p>\n<p>Ecatepec, M\u00e9x.- A fin de brindar mejores oportunidades para los j\u00f3venes de Ecatepec, la alcaldesa Azucena Cisneros Coss y el secretario de Educaci\u00f3n P\u00fablica, Mario Delgado Carrillo, colocaron la primera piedra del Centro de Bachillerato Tecnol\u00f3gico, Industrial y de Servicios (CBTIS) 295, que recibir\u00e1 a 300 estudiantes, el cual tendr\u00e1 una oferta acad\u00e9mica innovadora<\/p>\n<p>&nbsp;<\/p>\n<p>En Ciudad Cuauht\u00e9moc, con el respaldo del gobierno federal y como parte de las obras del Plan Oriente Edomex, se construye el plantel en un terreno de casi seis mil metros cuadrados y con una inversi\u00f3n de m\u00e1s de 67 millones de pesos<\/p>\n<p>&nbsp;<\/p>\n<p>Durante el evento, la presidenta municipal inform\u00f3 que en Ecatepec s\u00f3lo 17 por ciento de los j\u00f3venes se grad\u00faan en una carrera universitaria y 33 por ciento concluyen la preparatoria, por ello la importancia de la construcci\u00f3n del CBTIS, que ser\u00e1 el quinto plantel de este tipo en el municipio.<\/p>\n<p>&nbsp;<\/p>\n<p>\u201cLa educaci\u00f3n es el cimiento de toda sociedad, la de un destino distinto, de una vida con oportunidades y de una juventud que se aleja de la violencia\u201d, se\u00f1al\u00f3 Cisneros Coss.<\/p>\n<p>&nbsp;<\/p>\n<p>Refiri\u00f3 que la construcci\u00f3n del CBTIS es parte de la estrategia de seguridad y en Ecatepec se est\u00e1 trabajando con todas las instituciones. \u201cLa educaci\u00f3n y la seguridad van de la mano, atender las causas de la violencia es lo m\u00e1s importante\u201d, dijo.<\/p>\n<p>&nbsp;<\/p>\n<p>El titular de la SEP indic\u00f3 que el objetivo es que \u201cning\u00fan joven de Ecatepec se quede sin estudiar (\u2026). Ecatepec debe de estar en el centro del desarrollo\u201d.<\/p>\n<p>&nbsp;<\/p>\n<p><strong>\u00a0<\/strong><\/p>\n<p>&nbsp;<\/p>\n","protected":false},"excerpt":{"rendered":"<p>Colocan primera piedra del CBTIS 295 \u00a0 &nbsp; Ecatepec, M\u00e9x.- A fin de brindar mejores oportunidades para los j\u00f3venes de Ecatepec, la alcaldesa Azucena Cisneros Coss y el secretario de Educaci\u00f3n P\u00fablica, Mario Delgado Carrillo, colocaron la primera piedra del Centro de Bachillerato Tecnol\u00f3gico, Industrial y de Servicios (CBTIS) 295, que recibir\u00e1 a 300 estudiantes, [&hellip;]<\/p>\n","protected":false},"author":14,"featured_media":685996,"comment_status":"open","ping_status":"open","sticky":false,"template":"","format":"standard","meta":{"_monsterinsights_skip_tracking":false,"_monsterinsights_sitenote_active":false,"_monsterinsights_sitenote_note":"","_monsterinsights_sitenote_category":0,"footnotes":""},"categories":[5],"tags":[],"class_list":["post-685994","post","type-post","status-publish","format-standard","has-post-thumbnail","hentry","category-estado-de-mexico"],"_links":{"self":[{"href":"https:\/\/www.diarioimagen.net\/index.php?rest_route=\/wp\/v2\/posts\/685994","targetHints":{"allow":["GET"]}}],"collection":[{"href":"https:\/\/www.diarioimagen.net\/index.php?rest_route=\/wp\/v2\/posts"}],"about":[{"href":"https:\/\/www.diarioimagen.net\/index.php?rest_route=\/wp\/v2\/types\/post"}],"author":[{"embeddable":true,"href":"https:\/\/www.diarioimagen.net\/index.php?rest_route=\/wp\/v2\/users\/14"}],"replies":[{"embeddable":true,"href":"https:\/\/www.diarioimagen.net\/index.php?rest_route=%2Fwp%2Fv2%2Fcomments&post=685994"}],"version-history":[{"count":1,"href":"https:\/\/www.diarioimagen.net\/index.php?rest_route=\/wp\/v2\/posts\/685994\/revisions"}],"predecessor-version":[{"id":686003,"href":"https:\/\/www.diarioimagen.net\/index.php?rest_route=\/wp\/v2\/posts\/685994\/revisions\/686003"}],"wp:featuredmedia":[{"embeddable":true,"href":"https:\/\/www.diarioimagen.net\/index.php?rest_route=\/wp\/v2\/media\/685996"}],"wp:attachment":[{"href":"https:\/\/www.diarioimagen.net\/index.php?rest_route=%2Fwp%2Fv2%2Fmedia&parent=685994"}],"wp:term":[{"taxonomy":"category","embeddable":true,"href":"https:\/\/www.diarioimagen.net\/index.php?rest_route=%2Fwp%2Fv2%2Fcategories&post=685994"},{"taxonomy":"post_tag","embeddable":true,"href":"https:\/\/www.diarioimagen.net\/index.php?rest_route=%2Fwp%2Fv2%2Ftags&post=685994"}],"curies":[{"name":"wp","href":"https:\/\/api.w.org\/{rel}","templated":true}]}}