{"id":686180,"date":"2025-09-28T20:52:49","date_gmt":"2025-09-29T02:52:49","guid":{"rendered":"https:\/\/www.diarioimagen.net\/?p=686180"},"modified":"2025-09-28T20:52:49","modified_gmt":"2025-09-29T02:52:49","slug":"reconocen-programa-accion-por-la-educacion-en-huixquilucan","status":"publish","type":"post","link":"https:\/\/www.diarioimagen.net\/?p=686180","title":{"rendered":"Reconocen programa \u201cAcci\u00f3n por la Educaci\u00f3n\u201d, en Huixquilucan"},"content":{"rendered":"<div id=\"attachment_686181\" style=\"width: 424px\" class=\"wp-caption alignnone\"><img loading=\"lazy\" decoding=\"async\" aria-describedby=\"caption-attachment-686181\" class=\"wp-image-686181 size-large\" src=\"https:\/\/www.diarioimagen.net\/wp-content\/uploads\/2025\/09\/BAENA-4-OK-16-414x270.jpg\" alt=\"\" width=\"414\" height=\"270\" srcset=\"https:\/\/www.diarioimagen.net\/wp-content\/uploads\/2025\/09\/BAENA-4-OK-16-414x270.jpg 414w, https:\/\/www.diarioimagen.net\/wp-content\/uploads\/2025\/09\/BAENA-4-OK-16-240x157.jpg 240w, https:\/\/www.diarioimagen.net\/wp-content\/uploads\/2025\/09\/BAENA-4-OK-16-768x501.jpg 768w, https:\/\/www.diarioimagen.net\/wp-content\/uploads\/2025\/09\/BAENA-4-OK-16.jpg 1250w\" sizes=\"auto, (max-width: 414px) 100vw, 414px\" \/><p id=\"caption-attachment-686181\" class=\"wp-caption-text\">Reconocen programa \u201cAcci\u00f3n por la Educaci\u00f3n\u201d, en Huixquilucan<\/p><\/div>\n<p>&nbsp;<\/p>\n<p>Huixquilucan, M\u00e9x &#8211; Padres de familia de las comunidades de Magdalena Chichicaspa y Piedra Grande reconocieron los resultados del programa \u201cAcci\u00f3n por la Educaci\u00f3n\u201d, en beneficio de m\u00e1s de 200 estudiantes, pues la inversi\u00f3n que realiza Huixquilucan en educaci\u00f3n permite dotar a la comunidad estudiantil de las herramientas y condiciones necesarias para su formaci\u00f3n acad\u00e9mica. Al visitar el Telebachillerato Comunitario No. 356, ubicado en comunidad de Magdalena Chichicaspa, la presidenta municipal, Romina Contreras Carrasco, entreg\u00f3 50 pupitres y tres pintarrones, as\u00ed como una cisterna con capacidad para almacenar cinco mil litros, para que la escuela cuente con suministro de agua en sus instalaciones y que los estudiantes puedan realizar sus actividades diarias sin contratiempos, principalmente, en \u00e9poca de estiaje.<\/p>\n<p>&nbsp;<\/p>\n<p>&nbsp;<\/p>\n<p>&nbsp;<\/p>\n<p>\u201cSin duda alguna, \u00e9sta es una mejora tangible para el plantel, lo que impactar\u00e1 positivamente en toda la comunidad que acude a aprender y ense\u00f1ar. Queremos que nuestros j\u00f3venes estudien en mejores condiciones educativas, por lo que, en esta segunda etapa de \u2018Acci\u00f3n por la Educaci\u00f3n\u2019, que naci\u00f3 en los recorridos de \u2018Huixquilucan Contigo 24\/7\u2019, se cubren las necesidades de los alumnos, maestros y padres de familia, al ofrecer espacios dignos y seguros\u201d, se\u00f1al\u00f3 Romina Contreras.<\/p>\n<p>&nbsp;<\/p>\n<p>Entre los trabajos que se llevaron a cabo en este plantel, destacan la aplicaci\u00f3n de pintura en salones y el aula de usos m\u00faltiples, reemplazo de l\u00e1mparas y malla cicl\u00f3nica, colocaci\u00f3n de concertina, rehabilitaci\u00f3n de sanitarios y limpieza de tinacos.<\/p>\n","protected":false},"excerpt":{"rendered":"<p>&nbsp; Huixquilucan, M\u00e9x &#8211; Padres de familia de las comunidades de Magdalena Chichicaspa y Piedra Grande reconocieron los resultados del programa \u201cAcci\u00f3n por la Educaci\u00f3n\u201d, en beneficio de m\u00e1s de 200 estudiantes, pues la inversi\u00f3n que realiza Huixquilucan en educaci\u00f3n permite dotar a la comunidad estudiantil de las herramientas y condiciones necesarias para su formaci\u00f3n [&hellip;]<\/p>\n","protected":false},"author":14,"featured_media":686181,"comment_status":"open","ping_status":"open","sticky":false,"template":"","format":"standard","meta":{"_monsterinsights_skip_tracking":false,"_monsterinsights_sitenote_active":false,"_monsterinsights_sitenote_note":"","_monsterinsights_sitenote_category":0,"footnotes":""},"categories":[5],"tags":[],"class_list":["post-686180","post","type-post","status-publish","format-standard","has-post-thumbnail","hentry","category-estado-de-mexico"],"_links":{"self":[{"href":"https:\/\/www.diarioimagen.net\/index.php?rest_route=\/wp\/v2\/posts\/686180","targetHints":{"allow":["GET"]}}],"collection":[{"href":"https:\/\/www.diarioimagen.net\/index.php?rest_route=\/wp\/v2\/posts"}],"about":[{"href":"https:\/\/www.diarioimagen.net\/index.php?rest_route=\/wp\/v2\/types\/post"}],"author":[{"embeddable":true,"href":"https:\/\/www.diarioimagen.net\/index.php?rest_route=\/wp\/v2\/users\/14"}],"replies":[{"embeddable":true,"href":"https:\/\/www.diarioimagen.net\/index.php?rest_route=%2Fwp%2Fv2%2Fcomments&post=686180"}],"version-history":[{"count":1,"href":"https:\/\/www.diarioimagen.net\/index.php?rest_route=\/wp\/v2\/posts\/686180\/revisions"}],"predecessor-version":[{"id":686182,"href":"https:\/\/www.diarioimagen.net\/index.php?rest_route=\/wp\/v2\/posts\/686180\/revisions\/686182"}],"wp:featuredmedia":[{"embeddable":true,"href":"https:\/\/www.diarioimagen.net\/index.php?rest_route=\/wp\/v2\/media\/686181"}],"wp:attachment":[{"href":"https:\/\/www.diarioimagen.net\/index.php?rest_route=%2Fwp%2Fv2%2Fmedia&parent=686180"}],"wp:term":[{"taxonomy":"category","embeddable":true,"href":"https:\/\/www.diarioimagen.net\/index.php?rest_route=%2Fwp%2Fv2%2Fcategories&post=686180"},{"taxonomy":"post_tag","embeddable":true,"href":"https:\/\/www.diarioimagen.net\/index.php?rest_route=%2Fwp%2Fv2%2Ftags&post=686180"}],"curies":[{"name":"wp","href":"https:\/\/api.w.org\/{rel}","templated":true}]}}