{"id":686230,"date":"2025-09-28T23:10:29","date_gmt":"2025-09-29T05:10:29","guid":{"rendered":"https:\/\/www.diarioimagen.net\/?p=686230"},"modified":"2025-09-28T23:10:29","modified_gmt":"2025-09-29T05:10:29","slug":"uaemex-escucha-voces-de-universitarios-para-transformarse-en-una-institucion-mas-progresista","status":"publish","type":"post","link":"https:\/\/www.diarioimagen.net\/?p=686230","title":{"rendered":"UAEM\u00e9x escucha voces de universitarios para  \u00a0transformarse en una instituci\u00f3n m\u00e1s progresista"},"content":{"rendered":"<p><strong>\u00a0<\/strong><\/p>\n<p><strong>&#8211; La rectora Martha Patricia Zarza Delgado inaugur\u00f3 los Foros de Consulta a la Comunidad Universitaria para la Formulaci\u00f3n del Plan Rector de Desarrollo Institucional 2025-2029, en las que participaron estudiantes de todo el estado<\/strong><\/p>\n<div id=\"attachment_686231\" style=\"width: 418px\" class=\"wp-caption alignnone\"><img loading=\"lazy\" decoding=\"async\" aria-describedby=\"caption-attachment-686231\" class=\"wp-image-686231 size-large\" src=\"https:\/\/www.diarioimagen.net\/wp-content\/uploads\/2025\/09\/UAEM-1-11-408x270.jpg\" alt=\"\" width=\"408\" height=\"270\" srcset=\"https:\/\/www.diarioimagen.net\/wp-content\/uploads\/2025\/09\/UAEM-1-11-408x270.jpg 408w, https:\/\/www.diarioimagen.net\/wp-content\/uploads\/2025\/09\/UAEM-1-11-240x159.jpg 240w, https:\/\/www.diarioimagen.net\/wp-content\/uploads\/2025\/09\/UAEM-1-11-768x509.jpg 768w, https:\/\/www.diarioimagen.net\/wp-content\/uploads\/2025\/09\/UAEM-1-11-1536x1017.jpg 1536w, https:\/\/www.diarioimagen.net\/wp-content\/uploads\/2025\/09\/UAEM-1-11-2048x1356.jpg 2048w\" sizes=\"auto, (max-width: 408px) 100vw, 408px\" \/><p id=\"caption-attachment-686231\" class=\"wp-caption-text\">La rectora de la UAEM\u00e9x, Martha Patricia Zarza Delgado, inaugur\u00f3 los Foros de Consulta a la Comunidad Universitaria para la Formulaci\u00f3n del Plan Rector de Desarrollo Institucional.<\/p><\/div>\n<p>Texcoco, M\u00e9x.- Conformar una instituci\u00f3n progresista e incluyente a partir de las voces de todas y todos los integrantes de la comunidad de la Universidad Aut\u00f3noma del Estado de M\u00e9xico (UAEM\u00e9x) es el prop\u00f3sito de la Administraci\u00f3n 2025-2029 de esta casa de estudios, sostuvo la rectora Martha Patricia Zarza Delgado, al inaugurar los Foros de Consulta a la Comunidad Universitaria para la Formulaci\u00f3n del Plan Rector de Desarrollo Institucional (PRDI).<\/p>\n<p>En el Centro Universitario UAEM Texcoco, Zarza Delgado destac\u00f3 que la M\u00e1xima Casa de Estudios mexiquense vive una transformaci\u00f3n basada en la escucha activa, la horizontalidad y el establecimiento de v\u00edas institucionales que den cabida a todas las demandas y sugerencias de la comunidad verde y oro.<\/p>\n<p>Acompa\u00f1ada de la secretaria de Desarrollo y Fortalecimiento Institucional, Mar\u00eda de las Mercedes Portilla Luja, la rectora precis\u00f3 que, en este sentido, el PRDI 2025-2029 es una ruta de evoluci\u00f3n y renovaci\u00f3n que debe ser el reflejo de las voces de todos sus espacios acad\u00e9micos y de investigaci\u00f3n, sustentado en la construcci\u00f3n de una universidad incluyente y progresista.<\/p>\n<p>Por ello, dijo, la participaci\u00f3n activa de las y los casi 120 mil integrantes de la comunidad verde y oro es elemental, pues la conformaci\u00f3n de este proyecto institucional s\u00f3lo ser\u00e1 posible si las bases las establecen quienes conocen los retos diarios de la vida universitaria y las oportunidades que surgen del cambio.<\/p>\n<p>Zarza Delgado explic\u00f3 que las y los universitarios podr\u00e1n participar en los foros de consulta que se centran en seis grandes ejes tem\u00e1ticos, fundamentales para el desarrollo integral de la instituci\u00f3n y que reflejan la complejidad de su misi\u00f3n institucional: academia; ciencia; identidad y cultura; vinculaci\u00f3n, extensi\u00f3n y promoci\u00f3n de la empleabilidad; gobernanza y administraci\u00f3n universitaria, as\u00ed como igualdad sustantiva, g\u00e9nero y cultura de paz.<\/p>\n<p>La rectora de la Aut\u00f3noma mexiquense detall\u00f3 que el PRDI 2025-2029 es un proyecto de la comunidad verde y oro, por lo que convoc\u00f3 a la participaci\u00f3n para establecer rutas hacia la excelencia. \u201cEl futuro de la universidad est\u00e1 en nuestras manos. Estoy convencida que hoy, m\u00e1s que nunca, trabajaremos para la construcci\u00f3n de una universidad cercana, incluyente y progresista\u201d, dijo.<\/p>\n<p>Los Foros de Consulta a la Comunidad Universitaria para la Formulaci\u00f3n del Plan Rector de Desarrollo Institucional (PRDI) 2025-2029 se llevaron a cabo los d\u00edas 25 y 26 de septiembre en un total de 11 sedes, en las que participaron universitarios de todo el Estado de M\u00e9xico.<\/p>\n<p>&nbsp;<\/p>\n<p>&nbsp;<\/p>\n","protected":false},"excerpt":{"rendered":"<p>\u00a0 &#8211; La rectora Martha Patricia Zarza Delgado inaugur\u00f3 los Foros de Consulta a la Comunidad Universitaria para la Formulaci\u00f3n del Plan Rector de Desarrollo Institucional 2025-2029, en las que participaron estudiantes de todo el estado Texcoco, M\u00e9x.- Conformar una instituci\u00f3n progresista e incluyente a partir de las voces de todas y todos los integrantes [&hellip;]<\/p>\n","protected":false},"author":14,"featured_media":686231,"comment_status":"open","ping_status":"open","sticky":false,"template":"","format":"standard","meta":{"_monsterinsights_skip_tracking":false,"_monsterinsights_sitenote_active":false,"_monsterinsights_sitenote_note":"","_monsterinsights_sitenote_category":0,"footnotes":""},"categories":[16,5],"tags":[],"class_list":["post-686230","post","type-post","status-publish","format-standard","has-post-thumbnail","hentry","category-destacadas","category-estado-de-mexico"],"_links":{"self":[{"href":"https:\/\/www.diarioimagen.net\/index.php?rest_route=\/wp\/v2\/posts\/686230","targetHints":{"allow":["GET"]}}],"collection":[{"href":"https:\/\/www.diarioimagen.net\/index.php?rest_route=\/wp\/v2\/posts"}],"about":[{"href":"https:\/\/www.diarioimagen.net\/index.php?rest_route=\/wp\/v2\/types\/post"}],"author":[{"embeddable":true,"href":"https:\/\/www.diarioimagen.net\/index.php?rest_route=\/wp\/v2\/users\/14"}],"replies":[{"embeddable":true,"href":"https:\/\/www.diarioimagen.net\/index.php?rest_route=%2Fwp%2Fv2%2Fcomments&post=686230"}],"version-history":[{"count":1,"href":"https:\/\/www.diarioimagen.net\/index.php?rest_route=\/wp\/v2\/posts\/686230\/revisions"}],"predecessor-version":[{"id":686232,"href":"https:\/\/www.diarioimagen.net\/index.php?rest_route=\/wp\/v2\/posts\/686230\/revisions\/686232"}],"wp:featuredmedia":[{"embeddable":true,"href":"https:\/\/www.diarioimagen.net\/index.php?rest_route=\/wp\/v2\/media\/686231"}],"wp:attachment":[{"href":"https:\/\/www.diarioimagen.net\/index.php?rest_route=%2Fwp%2Fv2%2Fmedia&parent=686230"}],"wp:term":[{"taxonomy":"category","embeddable":true,"href":"https:\/\/www.diarioimagen.net\/index.php?rest_route=%2Fwp%2Fv2%2Fcategories&post=686230"},{"taxonomy":"post_tag","embeddable":true,"href":"https:\/\/www.diarioimagen.net\/index.php?rest_route=%2Fwp%2Fv2%2Ftags&post=686230"}],"curies":[{"name":"wp","href":"https:\/\/api.w.org\/{rel}","templated":true}]}}