{"id":686386,"date":"2025-09-29T20:40:37","date_gmt":"2025-09-30T02:40:37","guid":{"rendered":"https:\/\/www.diarioimagen.net\/?p=686386"},"modified":"2025-09-29T20:40:37","modified_gmt":"2025-09-30T02:40:37","slug":"el-dialogo-herramienta-necesaria-para-el-desarrollo-ciudadano-david-parra-sanchez","status":"publish","type":"post","link":"https:\/\/www.diarioimagen.net\/?p=686386","title":{"rendered":"El di\u00e1logo, herramienta necesaria para el  desarrollo ciudadano: David Parra S\u00e1nchez"},"content":{"rendered":"<ul>\n<li><strong>Encuentro con vecinos de Vista del Valle, en Naucalpan<\/strong><\/li>\n<\/ul>\n<div id=\"attachment_686387\" style=\"width: 457px\" class=\"wp-caption alignnone\"><img loading=\"lazy\" decoding=\"async\" aria-describedby=\"caption-attachment-686387\" class=\"wp-image-686387 size-large\" src=\"https:\/\/www.diarioimagen.net\/wp-content\/uploads\/2025\/09\/BAENA-1-ok-20-447x270.jpg\" alt=\"\" width=\"447\" height=\"270\" srcset=\"https:\/\/www.diarioimagen.net\/wp-content\/uploads\/2025\/09\/BAENA-1-ok-20-447x270.jpg 447w, https:\/\/www.diarioimagen.net\/wp-content\/uploads\/2025\/09\/BAENA-1-ok-20-240x145.jpg 240w, https:\/\/www.diarioimagen.net\/wp-content\/uploads\/2025\/09\/BAENA-1-ok-20-768x464.jpg 768w, https:\/\/www.diarioimagen.net\/wp-content\/uploads\/2025\/09\/BAENA-1-ok-20-1536x928.jpg 1536w, https:\/\/www.diarioimagen.net\/wp-content\/uploads\/2025\/09\/BAENA-1-ok-20-2048x1238.jpg 2048w\" sizes=\"auto, (max-width: 447px) 100vw, 447px\" \/><p id=\"caption-attachment-686387\" class=\"wp-caption-text\">El presidente de la asociaci\u00f3n civil Proyecto Social Naucalpan, David Parra S\u00e1nchez, sostuvo un encuentro con vecinos de Vista del Valle, en donde le plantearon inquietudes, propuestas y necesidades de la comunidad.<\/p><\/div>\n<p>&nbsp;<\/p>\n<p>Naucalpan, M\u00e9x.- El di\u00e1logo implica mucho m\u00e1s que un simple intercambio de ideas, no es una conversaci\u00f3n, es una herramienta necesaria para lograr el empoderamiento de las familias naucalpenses y ese es el objetivo de la asociaci\u00f3n civil, Proyecto Social Naucalpan.<\/p>\n<p>&nbsp;<\/p>\n<p>As\u00ed lo expres\u00f3 el presidente de la misma, David Parra S\u00e1nchez, al sostener un encuentro con vecinos de Vista del Valle, en donde le plantearon inquietudes, propuestas y necesidades de la comunidad.<\/p>\n<p>&nbsp;<\/p>\n<p>Ah\u00ed, Parra S\u00e1nchez escuch\u00f3 con atenci\u00f3n a los vecinos y se comprometi\u00f3, a trav\u00e9s del Proyecto Social Naucalpan, a seguir trabajando en favor de la ciudadan\u00eda.<\/p>\n<p>&nbsp;<\/p>\n<p>\u201cNos queda claro que s\u00f3lo a trav\u00e9s del di\u00e1logo y el contacto directo con las familias de Naucalpan es como podremos regresar a nuestro municipio a los primeros lugares no s\u00f3lo del Estado de M\u00e9xico, sino de Am\u00e9rica Latina y s\u00e9 que pronto lo lograremos\u201d, dijo.<\/p>\n<p>&nbsp;<\/p>\n<p>Por otra parte, David Parra remarc\u00f3 que \u00abayudar a las personas, les permite sobreponerse a los obst\u00e1culos y tener un mayor control sobre su vida y la de sus familias y en ello (el ayudar) no daremos ni un paso atr\u00e1s\u00bb.<\/p>\n<p>&nbsp;<\/p>\n<p>Finalmente, David Parra reiter\u00f3 su compromiso de buscar la justicia social y el empoderamiento de todas y cada uno de los habitantes de Naucalpan.<\/p>\n<p>&nbsp;<\/p>\n<p>&nbsp;<\/p>\n<p>&nbsp;<\/p>\n<p>&nbsp;<\/p>\n","protected":false},"excerpt":{"rendered":"<p>Encuentro con vecinos de Vista del Valle, en Naucalpan &nbsp; Naucalpan, M\u00e9x.- El di\u00e1logo implica mucho m\u00e1s que un simple intercambio de ideas, no es una conversaci\u00f3n, es una herramienta necesaria para lograr el empoderamiento de las familias naucalpenses y ese es el objetivo de la asociaci\u00f3n civil, Proyecto Social Naucalpan. &nbsp; As\u00ed lo expres\u00f3 [&hellip;]<\/p>\n","protected":false},"author":14,"featured_media":686387,"comment_status":"open","ping_status":"open","sticky":false,"template":"","format":"standard","meta":{"_monsterinsights_skip_tracking":false,"_monsterinsights_sitenote_active":false,"_monsterinsights_sitenote_note":"","_monsterinsights_sitenote_category":0,"footnotes":""},"categories":[5],"tags":[],"class_list":["post-686386","post","type-post","status-publish","format-standard","has-post-thumbnail","hentry","category-estado-de-mexico"],"_links":{"self":[{"href":"https:\/\/www.diarioimagen.net\/index.php?rest_route=\/wp\/v2\/posts\/686386","targetHints":{"allow":["GET"]}}],"collection":[{"href":"https:\/\/www.diarioimagen.net\/index.php?rest_route=\/wp\/v2\/posts"}],"about":[{"href":"https:\/\/www.diarioimagen.net\/index.php?rest_route=\/wp\/v2\/types\/post"}],"author":[{"embeddable":true,"href":"https:\/\/www.diarioimagen.net\/index.php?rest_route=\/wp\/v2\/users\/14"}],"replies":[{"embeddable":true,"href":"https:\/\/www.diarioimagen.net\/index.php?rest_route=%2Fwp%2Fv2%2Fcomments&post=686386"}],"version-history":[{"count":1,"href":"https:\/\/www.diarioimagen.net\/index.php?rest_route=\/wp\/v2\/posts\/686386\/revisions"}],"predecessor-version":[{"id":686388,"href":"https:\/\/www.diarioimagen.net\/index.php?rest_route=\/wp\/v2\/posts\/686386\/revisions\/686388"}],"wp:featuredmedia":[{"embeddable":true,"href":"https:\/\/www.diarioimagen.net\/index.php?rest_route=\/wp\/v2\/media\/686387"}],"wp:attachment":[{"href":"https:\/\/www.diarioimagen.net\/index.php?rest_route=%2Fwp%2Fv2%2Fmedia&parent=686386"}],"wp:term":[{"taxonomy":"category","embeddable":true,"href":"https:\/\/www.diarioimagen.net\/index.php?rest_route=%2Fwp%2Fv2%2Fcategories&post=686386"},{"taxonomy":"post_tag","embeddable":true,"href":"https:\/\/www.diarioimagen.net\/index.php?rest_route=%2Fwp%2Fv2%2Ftags&post=686386"}],"curies":[{"name":"wp","href":"https:\/\/api.w.org\/{rel}","templated":true}]}}