{"id":686581,"date":"2025-09-30T19:10:34","date_gmt":"2025-10-01T01:10:34","guid":{"rendered":"https:\/\/www.diarioimagen.net\/?p=686581"},"modified":"2025-09-30T19:16:16","modified_gmt":"2025-10-01T01:16:16","slug":"movimiento-antorchista-lucra-con-la-miseria-y-las-necesidades-de-la-laguna-chiconautla","status":"publish","type":"post","link":"https:\/\/www.diarioimagen.net\/?p=686581","title":{"rendered":"Movimiento Antorchista lucra con la miseria  y las necesidades de La Laguna Chiconautla"},"content":{"rendered":"<ul>\n<li><strong>Invasi\u00f3n de predios en el ex Lago de Texcoco<\/strong><\/li>\n<\/ul>\n<p><strong>\u00a0<\/strong><\/p>\n<div id=\"attachment_686582\" style=\"width: 379px\" class=\"wp-caption alignnone\"><img loading=\"lazy\" decoding=\"async\" aria-describedby=\"caption-attachment-686582\" class=\"wp-image-686582 size-large\" src=\"https:\/\/www.diarioimagen.net\/wp-content\/uploads\/2025\/09\/BAENA-1-OK-21-369x270.jpg\" alt=\"\" width=\"369\" height=\"270\" srcset=\"https:\/\/www.diarioimagen.net\/wp-content\/uploads\/2025\/09\/BAENA-1-OK-21-369x270.jpg 369w, https:\/\/www.diarioimagen.net\/wp-content\/uploads\/2025\/09\/BAENA-1-OK-21-240x176.jpg 240w, https:\/\/www.diarioimagen.net\/wp-content\/uploads\/2025\/09\/BAENA-1-OK-21-768x563.jpg 768w, https:\/\/www.diarioimagen.net\/wp-content\/uploads\/2025\/09\/BAENA-1-OK-21-90x65.jpg 90w, https:\/\/www.diarioimagen.net\/wp-content\/uploads\/2025\/09\/BAENA-1-OK-21.jpg 1500w\" sizes=\"auto, (max-width: 369px) 100vw, 369px\" \/><p id=\"caption-attachment-686582\" class=\"wp-caption-text\">En la colonia La Laguna de Chiconautla, personas de escasos recursos econ\u00f3micos compraron y construyeron viviendas a pesar de no contar con los servicios p\u00fablicos b\u00e1sicos.<\/p><\/div>\n<p>Ecatepec, M\u00e9x.- Habitantes de la colonia La Laguna Chiconautla se enfrentan no s\u00f3lo a la marginaci\u00f3n y carencia de servicios p\u00fablicos, sino al uso pol\u00edtico por parte de dirigentes del Movimiento Antorchista, que promovieron la invasi\u00f3n de estos predios no aptos para ser urbanizados, pues pertenec\u00edan al ex Lago de Texcoco.<\/p>\n<p>&nbsp;<\/p>\n<p>El autollamado Movimiento Antorchista \u2013antes Antorcha Popular-, junto con comuneros y ejidatarios, impuls\u00f3 la venta irregular de terrenos ubicados en La Laguna Chiconautla, en los l\u00edmites de Ecatepec con Acolman, donde personas de escasos recursos econ\u00f3micos compraron y construyeron viviendas, a pesar de no contar con los servicios p\u00fablicos b\u00e1sicos, como drenaje y agua potable.<\/p>\n<p>&nbsp;<\/p>\n<p>Entre los dirigentes antorchistas de La Laguna Chiconautla destaca Susana Garc\u00eda Esparza, quien nunca logr\u00f3 mejorar las condiciones de vida de los habitantes de la comunidad, a quienes la organizaci\u00f3n exig\u00eda \u201caportaciones\u201d diversas, supuestamente para realizar obras y acciones de beneficio comunitario.<\/p>\n<p>&nbsp;<\/p>\n<p>Garc\u00eda Esparza fue regidora durante la administraci\u00f3n del ex alcalde Indalecio R\u00edos y posteriormente se desempe\u00f1\u00f3 como directora del Instituto Municipal de las Mujeres e Igualdad de G\u00e9nero (IMMIG) de Ecatepec, en el gobierno del ex alcalde Fernando Vilchis Contreras, sobre quien pesan m\u00faltiples se\u00f1alamientos de irregularidades cometidas durante su gesti\u00f3n,<\/p>\n<p>&nbsp;<\/p>\n<p>A pesar de ello, las condiciones de vida de los habitantes de La Laguna Chiconautla no mejoraron y, por el contrario, se agravaron por el olvido del entonces gobierno municipal y de los propios dirigentes de esa organizaci\u00f3n social. En seis a\u00f1os de gobierno, Vilchis Contreras ni siquiera visit\u00f3 la comunidad y muchos menos hubo obra p\u00fablica.<\/p>\n<p>&nbsp;<\/p>\n<p>Actualmente, los mismos l\u00edderes antorchistas que olvidaron a La Laguna Chiconautla promueven, de nueva cuenta, protestas y manifestaciones contra el gobierno municipal, pese a que ellos impulsaron la invasi\u00f3n de los terrenos y lucraron \u2013y contin\u00faan lucrando- con las necesidades de los pobladores.<\/p>\n<p>&nbsp;<\/p>\n","protected":false},"excerpt":{"rendered":"<p>Invasi\u00f3n de predios en el ex Lago de Texcoco \u00a0 Ecatepec, M\u00e9x.- Habitantes de la colonia La Laguna Chiconautla se enfrentan no s\u00f3lo a la marginaci\u00f3n y carencia de servicios p\u00fablicos, sino al uso pol\u00edtico por parte de dirigentes del Movimiento Antorchista, que promovieron la invasi\u00f3n de estos predios no aptos para ser urbanizados, pues [&hellip;]<\/p>\n","protected":false},"author":14,"featured_media":686582,"comment_status":"open","ping_status":"open","sticky":false,"template":"","format":"standard","meta":{"_monsterinsights_skip_tracking":false,"_monsterinsights_sitenote_active":false,"_monsterinsights_sitenote_note":"","_monsterinsights_sitenote_category":0,"footnotes":""},"categories":[5],"tags":[],"class_list":["post-686581","post","type-post","status-publish","format-standard","has-post-thumbnail","hentry","category-estado-de-mexico"],"_links":{"self":[{"href":"https:\/\/www.diarioimagen.net\/index.php?rest_route=\/wp\/v2\/posts\/686581","targetHints":{"allow":["GET"]}}],"collection":[{"href":"https:\/\/www.diarioimagen.net\/index.php?rest_route=\/wp\/v2\/posts"}],"about":[{"href":"https:\/\/www.diarioimagen.net\/index.php?rest_route=\/wp\/v2\/types\/post"}],"author":[{"embeddable":true,"href":"https:\/\/www.diarioimagen.net\/index.php?rest_route=\/wp\/v2\/users\/14"}],"replies":[{"embeddable":true,"href":"https:\/\/www.diarioimagen.net\/index.php?rest_route=%2Fwp%2Fv2%2Fcomments&post=686581"}],"version-history":[{"count":1,"href":"https:\/\/www.diarioimagen.net\/index.php?rest_route=\/wp\/v2\/posts\/686581\/revisions"}],"predecessor-version":[{"id":686583,"href":"https:\/\/www.diarioimagen.net\/index.php?rest_route=\/wp\/v2\/posts\/686581\/revisions\/686583"}],"wp:featuredmedia":[{"embeddable":true,"href":"https:\/\/www.diarioimagen.net\/index.php?rest_route=\/wp\/v2\/media\/686582"}],"wp:attachment":[{"href":"https:\/\/www.diarioimagen.net\/index.php?rest_route=%2Fwp%2Fv2%2Fmedia&parent=686581"}],"wp:term":[{"taxonomy":"category","embeddable":true,"href":"https:\/\/www.diarioimagen.net\/index.php?rest_route=%2Fwp%2Fv2%2Fcategories&post=686581"},{"taxonomy":"post_tag","embeddable":true,"href":"https:\/\/www.diarioimagen.net\/index.php?rest_route=%2Fwp%2Fv2%2Ftags&post=686581"}],"curies":[{"name":"wp","href":"https:\/\/api.w.org\/{rel}","templated":true}]}}