{"id":686627,"date":"2025-09-30T20:30:06","date_gmt":"2025-10-01T02:30:06","guid":{"rendered":"https:\/\/www.diarioimagen.net\/?p=686627"},"modified":"2025-09-30T20:30:06","modified_gmt":"2025-10-01T02:30:06","slug":"fortalece-turismo-de-cdmx-experiencias-y-promocion-cultural-en-tourism-expo-japan-2025","status":"publish","type":"post","link":"https:\/\/www.diarioimagen.net\/?p=686627","title":{"rendered":"Fortalece Turismo de CDMX  experiencias y promoci\u00f3n cultural  en Tourism Expo Japan 2025"},"content":{"rendered":"<ul>\n<li><strong>Celebrada en Aichi,<\/strong><\/li>\n<\/ul>\n<p><strong>\u00a0<\/strong><\/p>\n<div id=\"attachment_686628\" style=\"width: 338px\" class=\"wp-caption alignnone\"><img loading=\"lazy\" decoding=\"async\" aria-describedby=\"caption-attachment-686628\" class=\"wp-image-686628 size-large\" src=\"https:\/\/www.diarioimagen.net\/wp-content\/uploads\/2025\/09\/SECTUR-2-ok-328x270.jpg\" alt=\"\" width=\"328\" height=\"270\" srcset=\"https:\/\/www.diarioimagen.net\/wp-content\/uploads\/2025\/09\/SECTUR-2-ok-328x270.jpg 328w, https:\/\/www.diarioimagen.net\/wp-content\/uploads\/2025\/09\/SECTUR-2-ok-240x198.jpg 240w, https:\/\/www.diarioimagen.net\/wp-content\/uploads\/2025\/09\/SECTUR-2-ok-768x633.jpg 768w, https:\/\/www.diarioimagen.net\/wp-content\/uploads\/2025\/09\/SECTUR-2-ok.jpg 1500w\" sizes=\"auto, (max-width: 328px) 100vw, 328px\" \/><p id=\"caption-attachment-686628\" class=\"wp-caption-text\">Durante Tourism Expo Japan 2025, celebrada en Aichi, se concretaron m\u00e1s de 75 reuniones estrat\u00e9gicas y una destacada participaci\u00f3n en el mercado B2B y B2C.<\/p><\/div>\n<p>&nbsp;<\/p>\n<p>&nbsp;<\/p>\n<p>&nbsp;<\/p>\n<p>La delegaci\u00f3n de la Ciudad de M\u00e9xico particip\u00f3 con gran \u00e9xito en la Tourism Expo Japan 2025, celebrada en Aichi, una de las ferias tur\u00edsticas m\u00e1s importantes de Asia-Pac\u00edfico organizada por la Asociaci\u00f3n de Viajes y Turismo de Jap\u00f3n (JATA), agencias japonesas y la Organizaci\u00f3n Nacional de Turismo de Jap\u00f3n (JNTO).<\/p>\n<p>&nbsp;<\/p>\n<p>Durante la feria se concretaron m\u00e1s de 75 citas de negocios con tour operadores, agencias de viaje y socios estrat\u00e9gicos del sector tur\u00edstico japon\u00e9s, as\u00ed como una intensa promoci\u00f3n hacia el mercado B2B y B2C, posicionando a la capital mexicana como un destino cultural, diverso y competitivo.<\/p>\n<p>&nbsp;<\/p>\n<p>En el evento se atendi\u00f3 al p\u00fablico japon\u00e9s, se comparti\u00f3 la riqueza cultural, hist\u00f3rica, gastron\u00f3mica y urbana de la capital. Adem\u00e1s, entre los logros se encuentra la firma de una carta de intenci\u00f3n con Vive Frida Luxury Tour &amp; DMC, encabezada por su CEO Milay Nogueira, para impulsar experiencias culturales vinculadas a Frida Kahlo en el mercado japon\u00e9s; y otra con la empresa HIS (H.I.S. International Tours M\u00e9xico), una de las agencias de viajes m\u00e1s importantes de Jap\u00f3n, para desarrollar acciones conjuntas de promoci\u00f3n tur\u00edstica.<\/p>\n<p>&nbsp;<\/p>\n<p>Asimismo, se sostuvo una reuni\u00f3n con el Vicealcalde de Nagoya que permiti\u00f3 reforzar los lazos institucionales y el compromiso de ambas ciudades de cara al 50 aniversario de hermanamiento en 2028.<\/p>\n<p>&nbsp;<\/p>\n<p>Entre los beneficios y pr\u00f3ximos pasos se incluye el desarrollo de paquetes tur\u00edsticos y rutas de conectividad entre Jap\u00f3n y la Ciudad de M\u00e9xico, el impulso de la promoci\u00f3n cultural y art\u00edstica con productos diferenciados como el Museo Casa Kahlo y experiencias inmersivas, as\u00ed como la planeaci\u00f3n de intercambios culturales, acad\u00e9micos y tur\u00edsticos con Nagoya y la organizaci\u00f3n de un gran evento conmemorativo en 2028. Tambi\u00e9n se dar\u00e1 seguimiento a los contactos generados en las citas de negocio, con el objetivo de transformarlos en colaboraciones comerciales de alto impacto.<\/p>\n<p>&nbsp;<\/p>\n<p>&nbsp;<\/p>\n<p>\u201cParticipar en la Tourism Expo Japan en Aichi nos permiti\u00f3 mostrar la riqueza cultural, urbana y tur\u00edstica de la Ciudad de M\u00e9xico al mercado japon\u00e9s, y establecer alianzas estrat\u00e9gicas que refuerzan no solo la promoci\u00f3n tur\u00edstica, sino tambi\u00e9n el lazo de hermanamiento con Nagoya de cara al 2028\u201d, afirm\u00f3 Carlos Mart\u00ednez, Director General del Fondo Mixto de Promoci\u00f3n Tur\u00edstica de la Ciudad de M\u00e9xico.<\/p>\n<p>&nbsp;<\/p>\n<p>La Tourism Expo Japan es uno de los foros de turismo m\u00e1s influyentes del mundo, donde se re\u00fanen pa\u00edses, regiones, aerol\u00edneas, agencias de viajes, cadenas hoteleras y operadores para promover destinos internacionales. La edici\u00f3n 2025, celebrada en Aichi, marc\u00f3 un hito al llevar el evento fuera de Tokio y Osaka, atrayendo a miles de profesionales del sector y visitantes.<\/p>\n<p>&nbsp;<\/p>\n<p><strong>\u00a0<\/strong><\/p>\n<p>&nbsp;<\/p>\n<p>&nbsp;<\/p>\n<p>&nbsp;<\/p>\n<p>&nbsp;<\/p>\n<p>&nbsp;<\/p>\n","protected":false},"excerpt":{"rendered":"<p>Celebrada en Aichi, \u00a0 &nbsp; &nbsp; &nbsp; La delegaci\u00f3n de la Ciudad de M\u00e9xico particip\u00f3 con gran \u00e9xito en la Tourism Expo Japan 2025, celebrada en Aichi, una de las ferias tur\u00edsticas m\u00e1s importantes de Asia-Pac\u00edfico organizada por la Asociaci\u00f3n de Viajes y Turismo de Jap\u00f3n (JATA), agencias japonesas y la Organizaci\u00f3n Nacional de Turismo [&hellip;]<\/p>\n","protected":false},"author":14,"featured_media":686628,"comment_status":"open","ping_status":"open","sticky":false,"template":"","format":"standard","meta":{"_monsterinsights_skip_tracking":false,"_monsterinsights_sitenote_active":false,"_monsterinsights_sitenote_note":"","_monsterinsights_sitenote_category":0,"footnotes":""},"categories":[11],"tags":[],"class_list":["post-686627","post","type-post","status-publish","format-standard","has-post-thumbnail","hentry","category-turismo"],"_links":{"self":[{"href":"https:\/\/www.diarioimagen.net\/index.php?rest_route=\/wp\/v2\/posts\/686627","targetHints":{"allow":["GET"]}}],"collection":[{"href":"https:\/\/www.diarioimagen.net\/index.php?rest_route=\/wp\/v2\/posts"}],"about":[{"href":"https:\/\/www.diarioimagen.net\/index.php?rest_route=\/wp\/v2\/types\/post"}],"author":[{"embeddable":true,"href":"https:\/\/www.diarioimagen.net\/index.php?rest_route=\/wp\/v2\/users\/14"}],"replies":[{"embeddable":true,"href":"https:\/\/www.diarioimagen.net\/index.php?rest_route=%2Fwp%2Fv2%2Fcomments&post=686627"}],"version-history":[{"count":1,"href":"https:\/\/www.diarioimagen.net\/index.php?rest_route=\/wp\/v2\/posts\/686627\/revisions"}],"predecessor-version":[{"id":686629,"href":"https:\/\/www.diarioimagen.net\/index.php?rest_route=\/wp\/v2\/posts\/686627\/revisions\/686629"}],"wp:featuredmedia":[{"embeddable":true,"href":"https:\/\/www.diarioimagen.net\/index.php?rest_route=\/wp\/v2\/media\/686628"}],"wp:attachment":[{"href":"https:\/\/www.diarioimagen.net\/index.php?rest_route=%2Fwp%2Fv2%2Fmedia&parent=686627"}],"wp:term":[{"taxonomy":"category","embeddable":true,"href":"https:\/\/www.diarioimagen.net\/index.php?rest_route=%2Fwp%2Fv2%2Fcategories&post=686627"},{"taxonomy":"post_tag","embeddable":true,"href":"https:\/\/www.diarioimagen.net\/index.php?rest_route=%2Fwp%2Fv2%2Ftags&post=686627"}],"curies":[{"name":"wp","href":"https:\/\/api.w.org\/{rel}","templated":true}]}}