{"id":686675,"date":"2025-09-30T20:42:23","date_gmt":"2025-10-01T02:42:23","guid":{"rendered":"https:\/\/www.diarioimagen.net\/?p=686675"},"modified":"2025-09-30T20:42:23","modified_gmt":"2025-10-01T02:42:23","slug":"colegio-de-directores-de-uaemex-aborda-temas-estrategicos-de-la-vida-institucional","status":"publish","type":"post","link":"https:\/\/www.diarioimagen.net\/?p=686675","title":{"rendered":"\u00a0  Colegio de Directores de UAEM\u00e9x aborda  temas estrat\u00e9gicos de la vida institucional"},"content":{"rendered":"<p><strong>\u00a0<\/strong><\/p>\n<ul>\n<li><strong>En sesi\u00f3n de septiembre Destacaron los avances en la habilitaci\u00f3n del Sistema Integral de Informaci\u00f3n Administrativa, los procesos de compra, as\u00ed como la participaci\u00f3n de la instituci\u00f3n en la FILEM<\/strong><\/li>\n<\/ul>\n<div id=\"attachment_686676\" style=\"width: 470px\" class=\"wp-caption alignnone\"><img loading=\"lazy\" decoding=\"async\" aria-describedby=\"caption-attachment-686676\" class=\"wp-image-686676 size-large\" src=\"https:\/\/www.diarioimagen.net\/wp-content\/uploads\/2025\/09\/UAEM-1-13-460x260.jpg\" alt=\"\" width=\"460\" height=\"260\" srcset=\"https:\/\/www.diarioimagen.net\/wp-content\/uploads\/2025\/09\/UAEM-1-13-460x260.jpg 460w, https:\/\/www.diarioimagen.net\/wp-content\/uploads\/2025\/09\/UAEM-1-13-240x136.jpg 240w, https:\/\/www.diarioimagen.net\/wp-content\/uploads\/2025\/09\/UAEM-1-13-768x435.jpg 768w, https:\/\/www.diarioimagen.net\/wp-content\/uploads\/2025\/09\/UAEM-1-13-1536x869.jpg 1536w, https:\/\/www.diarioimagen.net\/wp-content\/uploads\/2025\/09\/UAEM-1-13-2048x1159.jpg 2048w, https:\/\/www.diarioimagen.net\/wp-content\/uploads\/2025\/09\/UAEM-1-13-480x270.jpg 480w, https:\/\/www.diarioimagen.net\/wp-content\/uploads\/2025\/09\/UAEM-1-13-235x132.jpg 235w, https:\/\/www.diarioimagen.net\/wp-content\/uploads\/2025\/09\/UAEM-1-13-202x114.jpg 202w, https:\/\/www.diarioimagen.net\/wp-content\/uploads\/2025\/09\/UAEM-1-13-220x123.jpg 220w\" sizes=\"auto, (max-width: 460px) 100vw, 460px\" \/><p id=\"caption-attachment-686676\" class=\"wp-caption-text\">La rectora Martha Patricia Zarza Delgado reconoci\u00f3 el trabajo de las y los directores de UAEm\u00e9x que concluyeron su periodo de gesti\u00f3n en septiembre, reafirmando el compromiso de su administraci\u00f3n para mantener un trabajo corresponsable, cercano y en beneficio de la comunidad universitaria.<\/p><\/div>\n<p><strong>\u00a0<\/strong><\/p>\n<p>Toluca, M\u00e9x.- Se llev\u00f3 a cabo la Sesi\u00f3n Ordinaria Conjunta del Colegio de Directores de la Universidad Aut\u00f3noma del Estado de M\u00e9xico (UAEM\u00e9x) correspondiente al mes de septiembre, presidida por la rectora Martha Patricia Zarza Delgado.<\/p>\n<p>Durante el encuentro se abordaron temas estrat\u00e9gicos de la vida institucional. Entre ellos destacaron los avances en la habilitaci\u00f3n del Sistema Integral de Informaci\u00f3n Administrativa, los procesos de compra, as\u00ed como la participaci\u00f3n de la instituci\u00f3n en la Feria Internacional del Libro Estado de M\u00e9xico (FILEM), a la que se pidi\u00f3 a los espacios acad\u00e9micos sumarse y acercar a sus comunidades a este importante foro cultural.<\/p>\n<p>De igual manera, se dieron a conocer los resultados del Programa de Becas, detallando los rubros en que fueron asignados los apoyos a la comunidad universitaria.<\/p>\n<p>Por otra parte, la Consejer\u00eda Jur\u00eddica inform\u00f3 sobre las actas circunstanciadas levantadas en los inmuebles que estuvieron en paro, con el objetivo de otorgar certeza jur\u00eddica respecto a su estatus de entrega.<\/p>\n<p>Otro de los temas abordados fue la asignaci\u00f3n de organismos acad\u00e9micos a las secretar\u00edas de la Administraci\u00f3n Central, con el prop\u00f3sito de dar puntual seguimiento a las demandas del movimiento estudiantil, en coordinaci\u00f3n con los directivos de los espacios universitarios.<\/p>\n<p>Asimismo, se presentaron avances de la estrategia de Comunicaci\u00f3n Social Universitaria, la propuesta del Modelo de Salud y Bienestar, as\u00ed como el reforzamiento de la estrategia de seguridad universitaria, acciones encaminadas a fortalecer la atenci\u00f3n integral de la comunidad auriverde.<\/p>\n<p>En su mensaje, la rectora Martha Patricia Zarza Delgado agradeci\u00f3 y reconoci\u00f3 el trabajo de las y los directores que este mes concluyeron su periodo de gesti\u00f3n, reafirmando el compromiso de su administraci\u00f3n para mantener un trabajo corresponsable, cercano y en beneficio de toda la comunidad universitaria.<\/p>\n<p>&nbsp;<\/p>\n<p>&nbsp;<\/p>\n","protected":false},"excerpt":{"rendered":"<p>\u00a0 En sesi\u00f3n de septiembre Destacaron los avances en la habilitaci\u00f3n del Sistema Integral de Informaci\u00f3n Administrativa, los procesos de compra, as\u00ed como la participaci\u00f3n de la instituci\u00f3n en la FILEM \u00a0 Toluca, M\u00e9x.- Se llev\u00f3 a cabo la Sesi\u00f3n Ordinaria Conjunta del Colegio de Directores de la Universidad Aut\u00f3noma del Estado de M\u00e9xico (UAEM\u00e9x) [&hellip;]<\/p>\n","protected":false},"author":14,"featured_media":686676,"comment_status":"open","ping_status":"open","sticky":false,"template":"","format":"standard","meta":{"_monsterinsights_skip_tracking":false,"_monsterinsights_sitenote_active":false,"_monsterinsights_sitenote_note":"","_monsterinsights_sitenote_category":0,"footnotes":""},"categories":[16,5],"tags":[],"class_list":["post-686675","post","type-post","status-publish","format-standard","has-post-thumbnail","hentry","category-destacadas","category-estado-de-mexico"],"_links":{"self":[{"href":"https:\/\/www.diarioimagen.net\/index.php?rest_route=\/wp\/v2\/posts\/686675","targetHints":{"allow":["GET"]}}],"collection":[{"href":"https:\/\/www.diarioimagen.net\/index.php?rest_route=\/wp\/v2\/posts"}],"about":[{"href":"https:\/\/www.diarioimagen.net\/index.php?rest_route=\/wp\/v2\/types\/post"}],"author":[{"embeddable":true,"href":"https:\/\/www.diarioimagen.net\/index.php?rest_route=\/wp\/v2\/users\/14"}],"replies":[{"embeddable":true,"href":"https:\/\/www.diarioimagen.net\/index.php?rest_route=%2Fwp%2Fv2%2Fcomments&post=686675"}],"version-history":[{"count":1,"href":"https:\/\/www.diarioimagen.net\/index.php?rest_route=\/wp\/v2\/posts\/686675\/revisions"}],"predecessor-version":[{"id":686677,"href":"https:\/\/www.diarioimagen.net\/index.php?rest_route=\/wp\/v2\/posts\/686675\/revisions\/686677"}],"wp:featuredmedia":[{"embeddable":true,"href":"https:\/\/www.diarioimagen.net\/index.php?rest_route=\/wp\/v2\/media\/686676"}],"wp:attachment":[{"href":"https:\/\/www.diarioimagen.net\/index.php?rest_route=%2Fwp%2Fv2%2Fmedia&parent=686675"}],"wp:term":[{"taxonomy":"category","embeddable":true,"href":"https:\/\/www.diarioimagen.net\/index.php?rest_route=%2Fwp%2Fv2%2Fcategories&post=686675"},{"taxonomy":"post_tag","embeddable":true,"href":"https:\/\/www.diarioimagen.net\/index.php?rest_route=%2Fwp%2Fv2%2Ftags&post=686675"}],"curies":[{"name":"wp","href":"https:\/\/api.w.org\/{rel}","templated":true}]}}