{"id":686678,"date":"2025-09-30T20:43:51","date_gmt":"2025-10-01T02:43:51","guid":{"rendered":"https:\/\/www.diarioimagen.net\/?p=686678"},"modified":"2025-09-30T20:43:51","modified_gmt":"2025-10-01T02:43:51","slug":"homenaje-a-edgar-camacho-talento-universitario-referente-en-el-ambito-de-la-novela-grafica","status":"publish","type":"post","link":"https:\/\/www.diarioimagen.net\/?p=686678","title":{"rendered":"Homenaje a Edgar Camacho, talento universitario referente en el \u00e1mbito de la novela gr\u00e1fica"},"content":{"rendered":"<div id=\"attachment_686679\" style=\"width: 449px\" class=\"wp-caption alignnone\"><img loading=\"lazy\" decoding=\"async\" aria-describedby=\"caption-attachment-686679\" class=\"wp-image-686679 size-large\" src=\"https:\/\/www.diarioimagen.net\/wp-content\/uploads\/2025\/09\/UAEM-2-13-439x270.jpg\" alt=\"\" width=\"439\" height=\"270\" srcset=\"https:\/\/www.diarioimagen.net\/wp-content\/uploads\/2025\/09\/UAEM-2-13-439x270.jpg 439w, https:\/\/www.diarioimagen.net\/wp-content\/uploads\/2025\/09\/UAEM-2-13-240x148.jpg 240w, https:\/\/www.diarioimagen.net\/wp-content\/uploads\/2025\/09\/UAEM-2-13-768x472.jpg 768w, https:\/\/www.diarioimagen.net\/wp-content\/uploads\/2025\/09\/UAEM-2-13-1536x945.jpg 1536w, https:\/\/www.diarioimagen.net\/wp-content\/uploads\/2025\/09\/UAEM-2-13-2048x1259.jpg 2048w\" sizes=\"auto, (max-width: 439px) 100vw, 439px\" \/><p id=\"caption-attachment-686679\" class=\"wp-caption-text\">En el marco de la FILEM2025 se reconoci\u00f3 la trayectoria de Edgar Camacho Guti\u00e9rrez como ilustrador y narrador gr\u00e1fico del universitario, referente en el \u00e1mbito de la novela gr\u00e1fica para infancias y juventudes.<\/p><\/div>\n<p>&nbsp;<\/p>\n<p>&nbsp;<\/p>\n<p>&nbsp;<\/p>\n<p>Toluca, M\u00e9x.- Por su destacada trayectoria como ilustrador y narrador gr\u00e1fico, la Universidad Aut\u00f3noma del Estado de M\u00e9xico (UAEM\u00e9x) rindi\u00f3 un homenaje a Edgar Camacho Guti\u00e9rrez, en el marco de la decimoprimera edici\u00f3n de la Feria Internacional del Libro Estado de M\u00e9xico 2025 (FILEM 2025).<\/p>\n<p>En el Foro UAEM\u00e9x de la FILEM, acompa\u00f1ada por el director de Publicaciones Universitarias, Jorge Robles \u00c1lvarez, y el moderador, Humberto Garc\u00eda Neri, la secretaria de Identidad y Cultura de la instituci\u00f3n educativa, Cynthia Ortega Salgado, destac\u00f3 que en esta edici\u00f3n se reconoce la trayectoria de un talento universitario egresado de la Licenciatura en Dise\u00f1o Gr\u00e1fico de la Facultad de Arquitectura y Dise\u00f1o, quien suma importantes reconocimientos nacionales e internacionales, consolid\u00e1ndose como un referente en el \u00e1mbito de la novela gr\u00e1fica para infancias y juventudes.<\/p>\n<p>\u201cCon este homenaje, celebramos la creatividad y excelencia literaria en el mundo de la novela gr\u00e1fica de Edgar Camacho, qui\u00e9n ha sido galardonado con el Premio Internacional de Novela Gr\u00e1fica, Espectogr\u00e1fica 2025, otorgado por el Fondo de Cultura Econ\u00f3mica, por su obra S\u00e1bado Negro\u201d, subray\u00f3.<\/p>\n<p>En este sentido, Ortega Salgado apunt\u00f3, retomando las palabras de la escritora Cristina Rivera Garza, que la FILEM invita a las y los mexiquenses, desde una hospitalidad radical, a que reciban en la intimidad la voz de un poeta, la historia de un novelista y el trazo de la novela gr\u00e1fica, ya que esta feria es para todas, todos y todes.<\/p>\n<p>En tanto, Edgar Camacho mencion\u00f3 que en su trabajo rescata la cotidianidad y cada una de sus obras est\u00e1 inspirada en momentos espec\u00edficos de su vida; por ejemplo, su novela gr\u00e1fica Tiras Camioneras naci\u00f3 del recorrido diario para llegar a trabajar a la Ciudad de M\u00e9xico.<\/p>\n<p>\u201cEn estos libros cuento mi odisea como toluque\u00f1o que no reside en la Ciudad de M\u00e9xico, entre el metro, el tr\u00e1fico y no tener vida pr\u00e1cticamente. Para no enloquecer me puse a dibujar historietas, les tomaba foto y las sub\u00eda a redes. As\u00ed hice dos libros y son un testigo de esa cotidianidad que mucha gente vive d\u00eda con d\u00eda\u201d, apunt\u00f3.<\/p>\n<p>Finalmente, agradeci\u00f3 el reconocimiento e invit\u00f3 a la audiencia a consumir c\u00f3mics y novela gr\u00e1fica, adem\u00e1s de invitar a las personas interesadas en dedicarse a la ilustraci\u00f3n a buscar concursos para perseguir sus sue\u00f1os.<\/p>\n<p>Edgar Camacho es dise\u00f1ador gr\u00e1fico, originario de Metepec, Estado de M\u00e9xico. Obtuvo el primer lugar en SecuenciArte 2014 de Pixelatl, con su primera obra Summon\u2019s Alley. Tambi\u00e9n result\u00f3 ganador del Premio Nacional de Novela Gr\u00e1fica Joven 2016, con Piel de Cebolla, ahora publicado en ingl\u00e9s bajo el sello Top Shelf. En 2017 recibi\u00f3 el apoyo J\u00f3venes Creadores del FONCA, con su obra Acacia 22, que fue publicada en Francia con Editions c\u00e0 el l\u00e0 y en M\u00e9xico con el sello independiente Periferia Press. Public\u00f3 una serie original en Webtoon Latinoam\u00e9rica, Gume Gum y recientemente, autopublico su \u00faltima obra S\u00e1bado Negro y resulto ganador del Primer Premio Internacional de Novela Gr\u00e1fica, Espectogr\u00e1fica 2025, del Fondo de Cultura Econ\u00f3mica.<\/p>\n<p>&nbsp;<\/p>\n<p>&nbsp;<\/p>\n<p>&nbsp;<\/p>\n<p>&nbsp;<\/p>\n","protected":false},"excerpt":{"rendered":"<p>&nbsp; &nbsp; &nbsp; Toluca, M\u00e9x.- Por su destacada trayectoria como ilustrador y narrador gr\u00e1fico, la Universidad Aut\u00f3noma del Estado de M\u00e9xico (UAEM\u00e9x) rindi\u00f3 un homenaje a Edgar Camacho Guti\u00e9rrez, en el marco de la decimoprimera edici\u00f3n de la Feria Internacional del Libro Estado de M\u00e9xico 2025 (FILEM 2025). En el Foro UAEM\u00e9x de la FILEM, [&hellip;]<\/p>\n","protected":false},"author":14,"featured_media":686679,"comment_status":"open","ping_status":"open","sticky":false,"template":"","format":"standard","meta":{"_monsterinsights_skip_tracking":false,"_monsterinsights_sitenote_active":false,"_monsterinsights_sitenote_note":"","_monsterinsights_sitenote_category":0,"footnotes":""},"categories":[16,5],"tags":[],"class_list":["post-686678","post","type-post","status-publish","format-standard","has-post-thumbnail","hentry","category-destacadas","category-estado-de-mexico"],"_links":{"self":[{"href":"https:\/\/www.diarioimagen.net\/index.php?rest_route=\/wp\/v2\/posts\/686678","targetHints":{"allow":["GET"]}}],"collection":[{"href":"https:\/\/www.diarioimagen.net\/index.php?rest_route=\/wp\/v2\/posts"}],"about":[{"href":"https:\/\/www.diarioimagen.net\/index.php?rest_route=\/wp\/v2\/types\/post"}],"author":[{"embeddable":true,"href":"https:\/\/www.diarioimagen.net\/index.php?rest_route=\/wp\/v2\/users\/14"}],"replies":[{"embeddable":true,"href":"https:\/\/www.diarioimagen.net\/index.php?rest_route=%2Fwp%2Fv2%2Fcomments&post=686678"}],"version-history":[{"count":1,"href":"https:\/\/www.diarioimagen.net\/index.php?rest_route=\/wp\/v2\/posts\/686678\/revisions"}],"predecessor-version":[{"id":686680,"href":"https:\/\/www.diarioimagen.net\/index.php?rest_route=\/wp\/v2\/posts\/686678\/revisions\/686680"}],"wp:featuredmedia":[{"embeddable":true,"href":"https:\/\/www.diarioimagen.net\/index.php?rest_route=\/wp\/v2\/media\/686679"}],"wp:attachment":[{"href":"https:\/\/www.diarioimagen.net\/index.php?rest_route=%2Fwp%2Fv2%2Fmedia&parent=686678"}],"wp:term":[{"taxonomy":"category","embeddable":true,"href":"https:\/\/www.diarioimagen.net\/index.php?rest_route=%2Fwp%2Fv2%2Fcategories&post=686678"},{"taxonomy":"post_tag","embeddable":true,"href":"https:\/\/www.diarioimagen.net\/index.php?rest_route=%2Fwp%2Fv2%2Ftags&post=686678"}],"curies":[{"name":"wp","href":"https:\/\/api.w.org\/{rel}","templated":true}]}}