{"id":686778,"date":"2025-10-01T19:41:44","date_gmt":"2025-10-02T01:41:44","guid":{"rendered":"https:\/\/www.diarioimagen.net\/?p=686778"},"modified":"2025-10-01T19:41:44","modified_gmt":"2025-10-02T01:41:44","slug":"llamado-de-eduardo-villasenor-a-derrotar-juntos-las-injusticias","status":"publish","type":"post","link":"https:\/\/www.diarioimagen.net\/?p=686778","title":{"rendered":"Llamado de Eduardo Villase\u00f1or  a derrotar juntos las injusticias"},"content":{"rendered":"<ul>\n<li><strong>Trabajo para empoderar a la familia<\/strong><\/li>\n<\/ul>\n<div id=\"attachment_686779\" style=\"width: 255px\" class=\"wp-caption alignnone\"><img loading=\"lazy\" decoding=\"async\" aria-describedby=\"caption-attachment-686779\" class=\"wp-image-686779 size-large\" src=\"https:\/\/www.diarioimagen.net\/wp-content\/uploads\/2025\/10\/BAENA-3-ok-245x270.jpg\" alt=\"\" width=\"245\" height=\"270\" srcset=\"https:\/\/www.diarioimagen.net\/wp-content\/uploads\/2025\/10\/BAENA-3-ok-245x270.jpg 245w, https:\/\/www.diarioimagen.net\/wp-content\/uploads\/2025\/10\/BAENA-3-ok-218x240.jpg 218w, https:\/\/www.diarioimagen.net\/wp-content\/uploads\/2025\/10\/BAENA-3-ok-768x845.jpg 768w, https:\/\/www.diarioimagen.net\/wp-content\/uploads\/2025\/10\/BAENA-3-ok-1396x1536.jpg 1396w, https:\/\/www.diarioimagen.net\/wp-content\/uploads\/2025\/10\/BAENA-3-ok.jpg 1500w\" sizes=\"auto, (max-width: 245px) 100vw, 245px\" \/><p id=\"caption-attachment-686779\" class=\"wp-caption-text\">El empresario Eduardo Villase\u00f1or hizo un llamado a los tres \u00f3rdenes de gobierno para buscar soluciones que favorezcan al pueblo de M\u00e9xico.<\/p><\/div>\n<p>&nbsp;<\/p>\n<p>Naucalpan, M\u00e9x.- \u201cCon cargo o sin \u00e9l, con partido o sin \u00e9l, aqu\u00ed lo importante es servir a la ciudadan\u00eda y no servirse de ella. En la medida de nuestras posibilidades seguiremos trabajando para el desarrollo de las familias. Debemos derrotar la injusticia social.<\/p>\n<p>&nbsp;<\/p>\n<p>As\u00ed lo expres\u00f3 el empresario Eduardo Villase\u00f1or, luego de hacer un llamado a los tres \u00f3rdenes de gobierno para buscar soluciones que favorezcan al pueblo de M\u00e9xico.<\/p>\n<p>&nbsp;<\/p>\n<p>\u00abEs muy f\u00e1cil decir que se trabaja para el empoderamiento de las familias, pero la realidad es otra. A\u00fan hay mucho que hacer para y por nuestro p\u00fablico y no dudo que juntos, sociedad y gobiernos logremos la justicia social que demandamos\u00bb, dijo.<\/p>\n<p>&nbsp;<\/p>\n<p>El tambi\u00e9n luchador social adelant\u00f3 que en breve presentar\u00e1 un programa definido y debidamente estructurado, para facilitar a las y los mexiquenses las bases encaminadas para si empoderamiento y as\u00ed \u00absalir del bache que por d\u00e9cadas nos ha agobiado\u00bb, puntualiz\u00f3.<\/p>\n<p>&nbsp;<\/p>\n<p>Por otra parte, el ex legislador federal dej\u00f3 en claro que \u00abhoy es el momento de demostrar de qu\u00e9 estamos hechos los mexicanos. Quienes hemos demostrado salir adelante ante cualquier adversidad y \u00e9sta no es la excepci\u00f3n\u00bb, abund\u00f3.<\/p>\n<p>&nbsp;<\/p>\n<p>Eduardo Villase\u00f1or concluye: \u00abPronto volveremos por el camino correcto en favor de nuestras familias\u00bb.<\/p>\n<p>&nbsp;<\/p>\n<p>&nbsp;<\/p>\n<p>&nbsp;<\/p>\n","protected":false},"excerpt":{"rendered":"<p>Trabajo para empoderar a la familia &nbsp; Naucalpan, M\u00e9x.- \u201cCon cargo o sin \u00e9l, con partido o sin \u00e9l, aqu\u00ed lo importante es servir a la ciudadan\u00eda y no servirse de ella. En la medida de nuestras posibilidades seguiremos trabajando para el desarrollo de las familias. Debemos derrotar la injusticia social. &nbsp; As\u00ed lo expres\u00f3 [&hellip;]<\/p>\n","protected":false},"author":14,"featured_media":686779,"comment_status":"open","ping_status":"open","sticky":false,"template":"","format":"standard","meta":{"_monsterinsights_skip_tracking":false,"_monsterinsights_sitenote_active":false,"_monsterinsights_sitenote_note":"","_monsterinsights_sitenote_category":0,"footnotes":""},"categories":[5],"tags":[],"class_list":["post-686778","post","type-post","status-publish","format-standard","has-post-thumbnail","hentry","category-estado-de-mexico"],"_links":{"self":[{"href":"https:\/\/www.diarioimagen.net\/index.php?rest_route=\/wp\/v2\/posts\/686778","targetHints":{"allow":["GET"]}}],"collection":[{"href":"https:\/\/www.diarioimagen.net\/index.php?rest_route=\/wp\/v2\/posts"}],"about":[{"href":"https:\/\/www.diarioimagen.net\/index.php?rest_route=\/wp\/v2\/types\/post"}],"author":[{"embeddable":true,"href":"https:\/\/www.diarioimagen.net\/index.php?rest_route=\/wp\/v2\/users\/14"}],"replies":[{"embeddable":true,"href":"https:\/\/www.diarioimagen.net\/index.php?rest_route=%2Fwp%2Fv2%2Fcomments&post=686778"}],"version-history":[{"count":1,"href":"https:\/\/www.diarioimagen.net\/index.php?rest_route=\/wp\/v2\/posts\/686778\/revisions"}],"predecessor-version":[{"id":686780,"href":"https:\/\/www.diarioimagen.net\/index.php?rest_route=\/wp\/v2\/posts\/686778\/revisions\/686780"}],"wp:featuredmedia":[{"embeddable":true,"href":"https:\/\/www.diarioimagen.net\/index.php?rest_route=\/wp\/v2\/media\/686779"}],"wp:attachment":[{"href":"https:\/\/www.diarioimagen.net\/index.php?rest_route=%2Fwp%2Fv2%2Fmedia&parent=686778"}],"wp:term":[{"taxonomy":"category","embeddable":true,"href":"https:\/\/www.diarioimagen.net\/index.php?rest_route=%2Fwp%2Fv2%2Fcategories&post=686778"},{"taxonomy":"post_tag","embeddable":true,"href":"https:\/\/www.diarioimagen.net\/index.php?rest_route=%2Fwp%2Fv2%2Ftags&post=686778"}],"curies":[{"name":"wp","href":"https:\/\/api.w.org\/{rel}","templated":true}]}}