{"id":686991,"date":"2025-10-02T21:11:11","date_gmt":"2025-10-03T03:11:11","guid":{"rendered":"https:\/\/www.diarioimagen.net\/?p=686991"},"modified":"2025-10-02T21:11:11","modified_gmt":"2025-10-03T03:11:11","slug":"mexico-cuenta-con-el-priismo-mas-solido-del-pais-cristina-ruiz","status":"publish","type":"post","link":"https:\/\/www.diarioimagen.net\/?p=686991","title":{"rendered":"\u00a0  M\u00e9xico cuenta con el priismo  m\u00e1s s\u00f3lido del pa\u00eds: Cristina Ruiz"},"content":{"rendered":"<ul>\n<li><strong>En defensa de la democracia<\/strong><\/li>\n<\/ul>\n<div id=\"attachment_686992\" style=\"width: 470px\" class=\"wp-caption alignnone\"><img loading=\"lazy\" decoding=\"async\" aria-describedby=\"caption-attachment-686992\" class=\"wp-image-686992 size-large\" src=\"https:\/\/www.diarioimagen.net\/wp-content\/uploads\/2025\/10\/BAENA2-ok-460x256.jpg\" alt=\"\" width=\"460\" height=\"256\" srcset=\"https:\/\/www.diarioimagen.net\/wp-content\/uploads\/2025\/10\/BAENA2-ok-460x256.jpg 460w, https:\/\/www.diarioimagen.net\/wp-content\/uploads\/2025\/10\/BAENA2-ok-240x134.jpg 240w, https:\/\/www.diarioimagen.net\/wp-content\/uploads\/2025\/10\/BAENA2-ok-768x428.jpg 768w, https:\/\/www.diarioimagen.net\/wp-content\/uploads\/2025\/10\/BAENA2-ok-235x132.jpg 235w, https:\/\/www.diarioimagen.net\/wp-content\/uploads\/2025\/10\/BAENA2-ok-350x196.jpg 350w, https:\/\/www.diarioimagen.net\/wp-content\/uploads\/2025\/10\/BAENA2-ok-220x123.jpg 220w, https:\/\/www.diarioimagen.net\/wp-content\/uploads\/2025\/10\/BAENA2-ok-237x132.jpg 237w, https:\/\/www.diarioimagen.net\/wp-content\/uploads\/2025\/10\/BAENA2-ok.jpg 1500w\" sizes=\"auto, (max-width: 460px) 100vw, 460px\" \/><p id=\"caption-attachment-686992\" class=\"wp-caption-text\">Al presentar a Ana Rosa Vald\u00e9s Salazar como delegada del CEN en Atizap\u00e1n, la lideresa Cristina Ruiz dej\u00f3 en claro que la militancia priista no se detiene en la defensa de la democracia.<\/p><\/div>\n<p><strong>\u00a0<\/strong><\/p>\n<p>&nbsp;<\/p>\n<p>Valle de M\u00e9xico.- El Estado de M\u00e9xico cuenta con el priismo m\u00e1s s\u00f3lido y comprometido del pa\u00eds, que trabaja en territorio para trazar la hoja de ruta de la patria, afirm\u00f3 la presidenta del Comit\u00e9 Directivo Estatal (CDE) del PRI, Cristina Ruiz Sandoval.<\/p>\n<p>&nbsp;<\/p>\n<p>Al presentar a Ana Rosa Vald\u00e9s Salazar como delegada del Comit\u00e9 Ejecutivo Nacional en el municipio de Atizap\u00e1n de Zaragoza, la dirigente estatal dej\u00f3 en claro que, frente a las amenazas y la persecuci\u00f3n pol\u00edtica, la militancia priista no se detiene en la defensa de la democracia y de sus instituciones, porque se trata de garantizar que absolutamente todos los mexicanos podamos vivir en libertad.<\/p>\n<p>&nbsp;<\/p>\n<p>\u201cLa naci\u00f3n atraviesa un momento crucial como nunca antes; estamos del lado correcto de la historia, enfrentando a un r\u00e9gimen autoritario que pretende recortar derechos y libertades, como ya ocurre en otros pa\u00edses sometidos a dictaduras\u201d, advirti\u00f3.<\/p>\n<p>&nbsp;<\/p>\n<p>Acompa\u00f1ada por el coordinador del Grupo Parlamentario del PRI, Diputado El\u00edas Rescala Jim\u00e9nez; la presidenta del Comit\u00e9 Municipal, Silvia M\u00e1rquez Velasco; y el secretario de Finanzas del CDE, Fernando Z\u00fa\u00f1iga Tapia, la tambi\u00e9n Senadora convoc\u00f3 a la militancia a cerrar filas en el proceso de reestructuraci\u00f3n y organizaci\u00f3n, con el fin de estar preparados para los desaf\u00edos electorales de los pr\u00f3ximos a\u00f1os.<\/p>\n<p>&nbsp;<\/p>\n<p>\u201cNo se trata solo de una elecci\u00f3n, sino de redefinir el rumbo del pa\u00eds y el futuro de las nuevas generaciones, que merecen vivir en libertad y no bajo el yugo de un r\u00e9gimen dictatorial. Morena busca someter a los Poderes de la Uni\u00f3n e imponer reformas a la Ley Electoral y a la Ley de Amparo, lo que representar\u00eda un grave retroceso democr\u00e1tico\u201d, enfatiz\u00f3.<\/p>\n<p>&nbsp;<\/p>\n<p>Ante la militancia reunida, Ruiz Sandoval llam\u00f3 a trabajar de manera intensa en territorio y a construir desde las bases las pr\u00f3ximas candidaturas: \u201cAqu\u00ed vamos a tener \u00e9xito porque contamos con un priismo leal y comprometido. El PRI sabr\u00e1 devolverle al pa\u00eds los mejores gobiernos municipales, cercanos a la gente y capaces de resolver sus demandas. Nosotros s\u00ed sabemos gobernar\u201d, expres\u00f3.<\/p>\n<p>&nbsp;<\/p>\n<p>&nbsp;<\/p>\n","protected":false},"excerpt":{"rendered":"<p>En defensa de la democracia \u00a0 &nbsp; Valle de M\u00e9xico.- El Estado de M\u00e9xico cuenta con el priismo m\u00e1s s\u00f3lido y comprometido del pa\u00eds, que trabaja en territorio para trazar la hoja de ruta de la patria, afirm\u00f3 la presidenta del Comit\u00e9 Directivo Estatal (CDE) del PRI, Cristina Ruiz Sandoval. &nbsp; Al presentar a Ana [&hellip;]<\/p>\n","protected":false},"author":14,"featured_media":686992,"comment_status":"open","ping_status":"open","sticky":false,"template":"","format":"standard","meta":{"_monsterinsights_skip_tracking":false,"_monsterinsights_sitenote_active":false,"_monsterinsights_sitenote_note":"","_monsterinsights_sitenote_category":0,"footnotes":""},"categories":[5],"tags":[],"class_list":["post-686991","post","type-post","status-publish","format-standard","has-post-thumbnail","hentry","category-estado-de-mexico"],"_links":{"self":[{"href":"https:\/\/www.diarioimagen.net\/index.php?rest_route=\/wp\/v2\/posts\/686991","targetHints":{"allow":["GET"]}}],"collection":[{"href":"https:\/\/www.diarioimagen.net\/index.php?rest_route=\/wp\/v2\/posts"}],"about":[{"href":"https:\/\/www.diarioimagen.net\/index.php?rest_route=\/wp\/v2\/types\/post"}],"author":[{"embeddable":true,"href":"https:\/\/www.diarioimagen.net\/index.php?rest_route=\/wp\/v2\/users\/14"}],"replies":[{"embeddable":true,"href":"https:\/\/www.diarioimagen.net\/index.php?rest_route=%2Fwp%2Fv2%2Fcomments&post=686991"}],"version-history":[{"count":1,"href":"https:\/\/www.diarioimagen.net\/index.php?rest_route=\/wp\/v2\/posts\/686991\/revisions"}],"predecessor-version":[{"id":686994,"href":"https:\/\/www.diarioimagen.net\/index.php?rest_route=\/wp\/v2\/posts\/686991\/revisions\/686994"}],"wp:featuredmedia":[{"embeddable":true,"href":"https:\/\/www.diarioimagen.net\/index.php?rest_route=\/wp\/v2\/media\/686992"}],"wp:attachment":[{"href":"https:\/\/www.diarioimagen.net\/index.php?rest_route=%2Fwp%2Fv2%2Fmedia&parent=686991"}],"wp:term":[{"taxonomy":"category","embeddable":true,"href":"https:\/\/www.diarioimagen.net\/index.php?rest_route=%2Fwp%2Fv2%2Fcategories&post=686991"},{"taxonomy":"post_tag","embeddable":true,"href":"https:\/\/www.diarioimagen.net\/index.php?rest_route=%2Fwp%2Fv2%2Ftags&post=686991"}],"curies":[{"name":"wp","href":"https:\/\/api.w.org\/{rel}","templated":true}]}}