{"id":687007,"date":"2025-10-02T21:25:08","date_gmt":"2025-10-03T03:25:08","guid":{"rendered":"https:\/\/www.diarioimagen.net\/?p=687007"},"modified":"2025-10-02T21:25:08","modified_gmt":"2025-10-03T03:25:08","slug":"gobierno-de-delfina-gomez-logra-la-menor-cifra-de-homicidios-en-8-anos","status":"publish","type":"post","link":"https:\/\/www.diarioimagen.net\/?p=687007","title":{"rendered":"\u00a0  Gobierno de Delfina G\u00f3mez logra la  menor cifra de homicidios en 8 a\u00f1os"},"content":{"rendered":"<ul>\n<li><strong>Reducci\u00f3n de 31% en septiembre<\/strong><\/li>\n<li><strong>El robo de veh\u00edculo 34% y la extorsi\u00f3n 29%, en comparaci\u00f3n con el mismo periodo de 2024<\/strong><\/li>\n<\/ul>\n<p>&nbsp;<\/p>\n<div id=\"attachment_687008\" style=\"width: 415px\" class=\"wp-caption alignnone\"><img loading=\"lazy\" decoding=\"async\" aria-describedby=\"caption-attachment-687008\" class=\"wp-image-687008 size-large\" src=\"https:\/\/www.diarioimagen.net\/wp-content\/uploads\/2025\/10\/EDOMEX-1-ok-1-405x270.jpg\" alt=\"\" width=\"405\" height=\"270\" srcset=\"https:\/\/www.diarioimagen.net\/wp-content\/uploads\/2025\/10\/EDOMEX-1-ok-1-405x270.jpg 405w, https:\/\/www.diarioimagen.net\/wp-content\/uploads\/2025\/10\/EDOMEX-1-ok-1-240x160.jpg 240w, https:\/\/www.diarioimagen.net\/wp-content\/uploads\/2025\/10\/EDOMEX-1-ok-1-768x511.jpg 768w, https:\/\/www.diarioimagen.net\/wp-content\/uploads\/2025\/10\/EDOMEX-1-ok-1.jpg 1500w\" sizes=\"auto, (max-width: 405px) 100vw, 405px\" \/><p id=\"caption-attachment-687008\" class=\"wp-caption-text\">La Fiscal\u00eda General de Justicia destac\u00f3 en la Mesa de Paz encabezada por el Gobierno del Estado de M\u00e9xico, que septiembre y julio han sido los meses con menos homicidios dolosos desde 2017.<\/p><\/div>\n<p>Toluca, Estado de M\u00e9xico.- La Fiscal\u00eda General de Justicia del Estado de M\u00e9xico inform\u00f3 durante la Mesa de Paz que septiembre y julio han sido los meses con menos homicidios dolosos desde 2017 \u2014con 113 casos cada uno\u2014, resultado de la estrategia de seguridad impulsada por la gobernadora Delfina G\u00f3mez \u00c1lvarez en coordinaci\u00f3n con los gobiernos federal y municipales.<\/p>\n<p>&nbsp;<\/p>\n<p>En la reuni\u00f3n, encabezada por Horacio Duarte Olivares, Secretario General de Gobierno, tambi\u00e9n se dio a conocer que de enero a septiembre de 2025 se registr\u00f3 una disminuci\u00f3n de 31 por ciento en homicidios dolosos, de 34 por ciento en el robo de veh\u00edculo y de 29 por ciento en el delito de extorsi\u00f3n, en comparaci\u00f3n con el mismo periodo de 2024.<\/p>\n<p><strong>\u00a0<\/strong><\/p>\n<p><strong>El GEM avanza hacia la igualdad bajo los ideales de Jos\u00e9 Mar\u00eda Morelos y Pav\u00f3n<\/strong><\/p>\n<p>&nbsp;<\/p>\n<p>&nbsp;<\/p>\n<p>Al conmemorar el natalicio de Jos\u00e9 Mar\u00eda Morelos y Pav\u00f3n, el Consejero Jur\u00eddico del Estado de M\u00e9xico, Jes\u00fas George Zamora, afirm\u00f3 que, bajo la gu\u00eda de la Maestra Delfina G\u00f3mez \u00c1lvarez, la entidad avanza en la construcci\u00f3n de un Estado m\u00e1s justo e igualitario inspirado en los ideales del Siervo de la Naci\u00f3n.<\/p>\n<p>\u201cEl Poder de Servir significa ejercer el poder para acompa\u00f1ar, proteger y transformar vidas. No es un lema, sino una convicci\u00f3n \u00e9tica y pol\u00edtica que coloca a la gente en el centro de cada decisi\u00f3n\u201d, subray\u00f3 en el Centro Comunitario Ecatepec Museo Casa de Morelos.<\/p>\n<p>Destac\u00f3 que esta visi\u00f3n se traduce en hechos: 1.9 millones de mexiquenses han salido de la pobreza, el homicidio doloso baj\u00f3 31% en la Zona Oriente con el Mando Unificado y se inaugur\u00f3 la L\u00ednea 11 del Troleb\u00fas Mexiquense que conecta Chalco con Santa Martha.<\/p>\n<p>A\u00f1adi\u00f3 que este gobierno respeta la divisi\u00f3n de poderes, impulsa la rendici\u00f3n de cuentas y cuenta con un Poder Judicial independiente y moderno como garante del Estado de derecho.<\/p>\n<p>La Presidenta Municipal, Azucena Cisneros Coss, se\u00f1al\u00f3 que los principios de Morelos cobran vida en Ecatepec mediante el impulso a la educaci\u00f3n, la salud y la justicia social.<\/p>\n<p>En la ceremonia participaron representantes de los Poderes Legislativo y Judicial, as\u00ed como autoridades militares y municipales.<\/p>\n<p><strong>\u00a0<\/strong><\/p>\n<p>&nbsp;<\/p>\n<p>&nbsp;<\/p>\n<p>&nbsp;<\/p>\n","protected":false},"excerpt":{"rendered":"<p>Reducci\u00f3n de 31% en septiembre El robo de veh\u00edculo 34% y la extorsi\u00f3n 29%, en comparaci\u00f3n con el mismo periodo de 2024 &nbsp; Toluca, Estado de M\u00e9xico.- La Fiscal\u00eda General de Justicia del Estado de M\u00e9xico inform\u00f3 durante la Mesa de Paz que septiembre y julio han sido los meses con menos homicidios dolosos desde [&hellip;]<\/p>\n","protected":false},"author":14,"featured_media":687008,"comment_status":"open","ping_status":"open","sticky":false,"template":"","format":"standard","meta":{"_monsterinsights_skip_tracking":false,"_monsterinsights_sitenote_active":false,"_monsterinsights_sitenote_note":"","_monsterinsights_sitenote_category":0,"footnotes":""},"categories":[16,5],"tags":[],"class_list":["post-687007","post","type-post","status-publish","format-standard","has-post-thumbnail","hentry","category-destacadas","category-estado-de-mexico"],"_links":{"self":[{"href":"https:\/\/www.diarioimagen.net\/index.php?rest_route=\/wp\/v2\/posts\/687007","targetHints":{"allow":["GET"]}}],"collection":[{"href":"https:\/\/www.diarioimagen.net\/index.php?rest_route=\/wp\/v2\/posts"}],"about":[{"href":"https:\/\/www.diarioimagen.net\/index.php?rest_route=\/wp\/v2\/types\/post"}],"author":[{"embeddable":true,"href":"https:\/\/www.diarioimagen.net\/index.php?rest_route=\/wp\/v2\/users\/14"}],"replies":[{"embeddable":true,"href":"https:\/\/www.diarioimagen.net\/index.php?rest_route=%2Fwp%2Fv2%2Fcomments&post=687007"}],"version-history":[{"count":1,"href":"https:\/\/www.diarioimagen.net\/index.php?rest_route=\/wp\/v2\/posts\/687007\/revisions"}],"predecessor-version":[{"id":687009,"href":"https:\/\/www.diarioimagen.net\/index.php?rest_route=\/wp\/v2\/posts\/687007\/revisions\/687009"}],"wp:featuredmedia":[{"embeddable":true,"href":"https:\/\/www.diarioimagen.net\/index.php?rest_route=\/wp\/v2\/media\/687008"}],"wp:attachment":[{"href":"https:\/\/www.diarioimagen.net\/index.php?rest_route=%2Fwp%2Fv2%2Fmedia&parent=687007"}],"wp:term":[{"taxonomy":"category","embeddable":true,"href":"https:\/\/www.diarioimagen.net\/index.php?rest_route=%2Fwp%2Fv2%2Fcategories&post=687007"},{"taxonomy":"post_tag","embeddable":true,"href":"https:\/\/www.diarioimagen.net\/index.php?rest_route=%2Fwp%2Fv2%2Ftags&post=687007"}],"curies":[{"name":"wp","href":"https:\/\/api.w.org\/{rel}","templated":true}]}}