{"id":687010,"date":"2025-10-02T21:26:21","date_gmt":"2025-10-03T03:26:21","guid":{"rendered":"https:\/\/www.diarioimagen.net\/?p=687010"},"modified":"2025-10-02T21:26:21","modified_gmt":"2025-10-03T03:26:21","slug":"se-fortalece-la-produccion-con-el-2-festival-en-toluca","status":"publish","type":"post","link":"https:\/\/www.diarioimagen.net\/?p=687010","title":{"rendered":"Se fortalece la producci\u00f3n con el 2\u00b0 Festival en Toluca"},"content":{"rendered":"<ul>\n<li><strong>Edomex, tierra de caf\u00e9<\/strong><\/li>\n<\/ul>\n<p><strong>\u00a0<\/strong><\/p>\n<p><strong>\u00a0<\/strong><\/p>\n<div id=\"attachment_687011\" style=\"width: 415px\" class=\"wp-caption alignnone\"><img loading=\"lazy\" decoding=\"async\" aria-describedby=\"caption-attachment-687011\" class=\"wp-image-687011 size-large\" src=\"https:\/\/www.diarioimagen.net\/wp-content\/uploads\/2025\/10\/EDOMEX-2-a-ok-405x270.jpg\" alt=\"\" width=\"405\" height=\"270\" srcset=\"https:\/\/www.diarioimagen.net\/wp-content\/uploads\/2025\/10\/EDOMEX-2-a-ok-405x270.jpg 405w, https:\/\/www.diarioimagen.net\/wp-content\/uploads\/2025\/10\/EDOMEX-2-a-ok-240x160.jpg 240w, https:\/\/www.diarioimagen.net\/wp-content\/uploads\/2025\/10\/EDOMEX-2-a-ok-768x511.jpg 768w, https:\/\/www.diarioimagen.net\/wp-content\/uploads\/2025\/10\/EDOMEX-2-a-ok.jpg 1500w\" sizes=\"auto, (max-width: 405px) 100vw, 405px\" \/><p id=\"caption-attachment-687011\" class=\"wp-caption-text\">El gobierno del Estado de M\u00e9xico impulsa la producci\u00f3n, transformaci\u00f3n, comercializaci\u00f3n y consumo de este producto en mercados locales, regionales, estatales y nacionales.<\/p><\/div>\n<p>&nbsp;<\/p>\n<p>&nbsp;<\/p>\n<p>&nbsp;<\/p>\n<p>Toluca, Estado de M\u00e9xico.- Para los amantes del caf\u00e9 y quienes disfrutan de su aroma y sabor, la Secretar\u00eda del Campo invita a disfrutar del Segundo Festival del Caf\u00e9, que se llevar\u00e1 a cabo este 4 y 5 de octubre de 10:00 a 18:00 horas en el Parque de la Ciencia Fundadores.<\/p>\n<p>Con esta iniciativa, el Gobierno de la Maestra Delfina G\u00f3mez impulsa la producci\u00f3n, transformaci\u00f3n, comercializaci\u00f3n y consumo de este producto en mercados locales, regionales, estatales y nacionales.<\/p>\n<p>El festival ofrecer\u00e1 conferencias, talleres, mixolog\u00eda, actividades l\u00fadicas, degustaciones y presentaciones art\u00edsticas, entre ellas el dueto de m\u00fasica vers\u00e1til Edcer. Adem\u00e1s, se abordar\u00e1n temas como la historia de esta bebida, sus procesos de manufactura, estrategias de acompa\u00f1amiento t\u00e9cnico y aprovechamiento de residuos.<\/p>\n<p>Participar\u00e1n m\u00e1s de 30 productores de los municipios de Amatepec, Tejupilco, Temascaltepec, Malinalco, Tenancingo y Nepantla; as\u00ed como cafetaleros de Oaxaca, Veracruz y Puebla. El p\u00fablico podr\u00e1 conocer y adquirir distintas variedades, desde granos hasta productos elaborados.<\/p>\n<p>El Estado de M\u00e9xico cuenta con m\u00e1s de 70 a\u00f1os de tradici\u00f3n cafetalera en ocho municipios del sur: Amatepec, Sultepec, Temascaltepec, Malinalco, Ocuilan, Tlatlaya, San Sim\u00f3n de Guerrero y Tejupilco, donde se cultivan variedades como Typica, Caturra, Garnica y Pacamara, reconocidas como caf\u00e9 de altura por su calidad y sabor.<\/p>\n<p>Este Segundo Festival del Caf\u00e9 espera reunir a familias mexiquenses en torno a una bebida que despierta los sentidos y refleja el trabajo de quienes la producen.<\/p>\n<p>&nbsp;<\/p>\n<p>&nbsp;<\/p>\n<p>&nbsp;<\/p>\n","protected":false},"excerpt":{"rendered":"<p>Edomex, tierra de caf\u00e9 \u00a0 \u00a0 &nbsp; &nbsp; &nbsp; Toluca, Estado de M\u00e9xico.- Para los amantes del caf\u00e9 y quienes disfrutan de su aroma y sabor, la Secretar\u00eda del Campo invita a disfrutar del Segundo Festival del Caf\u00e9, que se llevar\u00e1 a cabo este 4 y 5 de octubre de 10:00 a 18:00 horas en [&hellip;]<\/p>\n","protected":false},"author":14,"featured_media":687011,"comment_status":"open","ping_status":"open","sticky":false,"template":"","format":"standard","meta":{"_monsterinsights_skip_tracking":false,"_monsterinsights_sitenote_active":false,"_monsterinsights_sitenote_note":"","_monsterinsights_sitenote_category":0,"footnotes":""},"categories":[5],"tags":[],"class_list":["post-687010","post","type-post","status-publish","format-standard","has-post-thumbnail","hentry","category-estado-de-mexico"],"_links":{"self":[{"href":"https:\/\/www.diarioimagen.net\/index.php?rest_route=\/wp\/v2\/posts\/687010","targetHints":{"allow":["GET"]}}],"collection":[{"href":"https:\/\/www.diarioimagen.net\/index.php?rest_route=\/wp\/v2\/posts"}],"about":[{"href":"https:\/\/www.diarioimagen.net\/index.php?rest_route=\/wp\/v2\/types\/post"}],"author":[{"embeddable":true,"href":"https:\/\/www.diarioimagen.net\/index.php?rest_route=\/wp\/v2\/users\/14"}],"replies":[{"embeddable":true,"href":"https:\/\/www.diarioimagen.net\/index.php?rest_route=%2Fwp%2Fv2%2Fcomments&post=687010"}],"version-history":[{"count":1,"href":"https:\/\/www.diarioimagen.net\/index.php?rest_route=\/wp\/v2\/posts\/687010\/revisions"}],"predecessor-version":[{"id":687012,"href":"https:\/\/www.diarioimagen.net\/index.php?rest_route=\/wp\/v2\/posts\/687010\/revisions\/687012"}],"wp:featuredmedia":[{"embeddable":true,"href":"https:\/\/www.diarioimagen.net\/index.php?rest_route=\/wp\/v2\/media\/687011"}],"wp:attachment":[{"href":"https:\/\/www.diarioimagen.net\/index.php?rest_route=%2Fwp%2Fv2%2Fmedia&parent=687010"}],"wp:term":[{"taxonomy":"category","embeddable":true,"href":"https:\/\/www.diarioimagen.net\/index.php?rest_route=%2Fwp%2Fv2%2Fcategories&post=687010"},{"taxonomy":"post_tag","embeddable":true,"href":"https:\/\/www.diarioimagen.net\/index.php?rest_route=%2Fwp%2Fv2%2Ftags&post=687010"}],"curies":[{"name":"wp","href":"https:\/\/api.w.org\/{rel}","templated":true}]}}