{"id":687040,"date":"2025-10-02T21:47:26","date_gmt":"2025-10-03T03:47:26","guid":{"rendered":"https:\/\/www.diarioimagen.net\/?p=687040"},"modified":"2025-10-02T21:47:26","modified_gmt":"2025-10-03T03:47:26","slug":"reporta-la-uaemex-avances-en-planes-estrategicos-fortalece-articulacion-social","status":"publish","type":"post","link":"https:\/\/www.diarioimagen.net\/?p=687040","title":{"rendered":"Reporta la UAEm\u00e9x avances en planes  estrat\u00e9gicos; fortalece articulaci\u00f3n social  \u00a0"},"content":{"rendered":"<ul>\n<li><strong>Son la v\u00eda para la construcci\u00f3n de mecanismos institucionales que atiendan las necesidades de la comunidad universitaria, se\u00f1ala la rectora Martha Patricia Zarza Delgado<\/strong><\/li>\n<\/ul>\n<div id=\"attachment_687041\" style=\"width: 415px\" class=\"wp-caption alignnone\"><img loading=\"lazy\" decoding=\"async\" aria-describedby=\"caption-attachment-687041\" class=\"wp-image-687041 size-large\" src=\"https:\/\/www.diarioimagen.net\/wp-content\/uploads\/2025\/10\/UAEM-1-1-405x270.jpg\" alt=\"\" width=\"405\" height=\"270\" srcset=\"https:\/\/www.diarioimagen.net\/wp-content\/uploads\/2025\/10\/UAEM-1-1-405x270.jpg 405w, https:\/\/www.diarioimagen.net\/wp-content\/uploads\/2025\/10\/UAEM-1-1-240x160.jpg 240w, https:\/\/www.diarioimagen.net\/wp-content\/uploads\/2025\/10\/UAEM-1-1-768x512.jpg 768w, https:\/\/www.diarioimagen.net\/wp-content\/uploads\/2025\/10\/UAEM-1-1-1536x1024.jpg 1536w, https:\/\/www.diarioimagen.net\/wp-content\/uploads\/2025\/10\/UAEM-1-1-2048x1365.jpg 2048w\" sizes=\"auto, (max-width: 405px) 100vw, 405px\" \/><p id=\"caption-attachment-687041\" class=\"wp-caption-text\">Martha Patricia Zarza Delgado present\u00f3 los avances del Plan de Acciones Inmediatas, del Plan Rector de Desarrollo Institucional 2025-2029, as\u00ed como de la integraci\u00f3n de la Coordinaci\u00f3n de Articulaci\u00f3n Social y Universitaria.<\/p><\/div>\n<p>Toluca, M\u00e9x.- En atenci\u00f3n y respuesta a las demandas de la comunidad de la Universidad Aut\u00f3noma del Estado de M\u00e9xico (UAEM\u00e9x), la rectora Martha Patricia Zarza Delgado present\u00f3 los avances del Plan de Acciones Inmediatas (PAI). 140 d\u00edas para la concordia y confianza universitaria, del Plan Rector de Desarrollo Institucional (PRDI) 2025-2029, as\u00ed como de la integraci\u00f3n de la Coordinaci\u00f3n de Articulaci\u00f3n Social y Universitaria.<\/p>\n<p>En el Instituto Interamericano de Tecnolog\u00eda y Ciencias del Agua (IITCA), la rectora de la Aut\u00f3noma mexiquense coment\u00f3 que de forma paralela al seguimiento de estos programas, se mantiene comunicaci\u00f3n permanente con la Facultad de Humanidades; adem\u00e1s, en los pr\u00f3ximos d\u00edas se sostendr\u00e1 di\u00e1logo con las personas que resguardan el Edificio de Rector\u00eda, con la finalidad de continuar con su transformaci\u00f3n a Centro Cultural Universitario.<\/p>\n<p>En conferencia de prensa, Zarza Delgado asever\u00f3 que para garantizar la atenci\u00f3n y seguimiento de estas necesidades, integrantes del Gabinete Universitario han sido asignados como enlace directo con los espacios acad\u00e9micos, reiterando la responsabilidad de la Administraci\u00f3n Universitaria 2025-2029 con el avance permanente de la instituci\u00f3n.<\/p>\n<p>En este sentido, resalt\u00f3 que la voz y participaci\u00f3n de todas y todos los integrantes de la comunidad verde y oro es elemental. Por ello, estos programas son la v\u00eda para la construcci\u00f3n de mecanismos institucionales que atiendan las necesidades de la comunidad universitaria y, adem\u00e1s, ampl\u00eden la articulaci\u00f3n de la UAEM\u00e9x con la sociedad mexiquense.<\/p>\n<p>La secretaria de Desarrollo y Fortalecimiento Institucional, Mar\u00eda de las Mercedes Portilla Luja, explic\u00f3 que de dos mil 320 peticiones recibidas en el PAI, 920 ser\u00e1n atendidas en un corto plazo, mientras que las restantes se trabajar\u00e1n progresivamente durante la Administraci\u00f3n Universitaria 2025-2029.<\/p>\n<p>Puntualiz\u00f3 que 28.5% de estas demandas a corto plazo han sido atendidas en su totalidad, mientras que 75.2% tienen un avance significativo en la atenci\u00f3n que reciben, indicativo de la capacidad de respuesta de la instituci\u00f3n. Esta informaci\u00f3n est\u00e1 disponible para su consulta libre y gratuita en la p\u00e1gina web https:\/\/pai140.uaemex.mx\/Consulta<\/p>\n<p>Respecto al PRDI 2025-2029, Portilla Luja destac\u00f3 que se realizaron 11 foros de consulta a la comunidad universitaria, cuatro conferencias magistrales y 84 mesas tem\u00e1ticas que se efectuaron de manera simult\u00e1nea por espacio.<\/p>\n<p>Asimismo, la secretaria de Desarrollo y Fortalecimiento Institucional detall\u00f3 que se cont\u00f3 con una participaci\u00f3n presencial de mil 20 personas en foros, mientras que el formato digital ha acumulado un total de 537 participaciones y el registro sigue abierto hasta el d\u00eda 03 de octubre.<\/p>\n<p>Como continuidad a la formulaci\u00f3n del PRDI 2025-2029, en los meses de octubre y noviembre se realizar\u00e1n trabajos de an\u00e1lisis, diagn\u00f3stico, definici\u00f3n de objetivos y metas, para finalmente presentar este plan de acci\u00f3n ante la Comisi\u00f3n de Planeaci\u00f3n y Evaluaci\u00f3n Acad\u00e9mica e Incorporaci\u00f3n de Estudios del H. Consejo Universitario.<\/p>\n<p>En tanto, la encargada de la Coordinaci\u00f3n de Articulaci\u00f3n Social y Universitaria, Elizabeth Ram\u00edrez P\u00e9rez, recalc\u00f3 que esta nueva organizaci\u00f3n es una unidad estrat\u00e9gica dedicada al an\u00e1lisis, dise\u00f1o, gesti\u00f3n y evaluaci\u00f3n de proyectos con alto impacto social, que busca fortalecer el v\u00ednculo colaborativo entre la UAEM\u00e9x y la sociedad mexiquense.<\/p>\n<p>Esta coordinaci\u00f3n priorizar\u00e1 los sectores p\u00fablico, cultural, social y productivo, trabajar\u00e1 bajo tres ejes de acci\u00f3n -Nodos de articulaci\u00f3n social y universitaria, Observatorio universitario de articulaci\u00f3n social y Construcci\u00f3n de valor p\u00fablico a trav\u00e9s de cartograf\u00eda especializada-, y permitir\u00e1 establecer v\u00ednculos m\u00e1s relevantes para consolidar a la UAEM\u00e9x como un referente nacional en la transformaci\u00f3n territorial con un impacto social significativo.<\/p>\n<p>&nbsp;<\/p>\n<p>&nbsp;<\/p>\n","protected":false},"excerpt":{"rendered":"<p>Son la v\u00eda para la construcci\u00f3n de mecanismos institucionales que atiendan las necesidades de la comunidad universitaria, se\u00f1ala la rectora Martha Patricia Zarza Delgado Toluca, M\u00e9x.- En atenci\u00f3n y respuesta a las demandas de la comunidad de la Universidad Aut\u00f3noma del Estado de M\u00e9xico (UAEM\u00e9x), la rectora Martha Patricia Zarza Delgado present\u00f3 los avances del [&hellip;]<\/p>\n","protected":false},"author":14,"featured_media":687041,"comment_status":"open","ping_status":"open","sticky":false,"template":"","format":"standard","meta":{"_monsterinsights_skip_tracking":false,"_monsterinsights_sitenote_active":false,"_monsterinsights_sitenote_note":"","_monsterinsights_sitenote_category":0,"footnotes":""},"categories":[16,5],"tags":[],"class_list":["post-687040","post","type-post","status-publish","format-standard","has-post-thumbnail","hentry","category-destacadas","category-estado-de-mexico"],"_links":{"self":[{"href":"https:\/\/www.diarioimagen.net\/index.php?rest_route=\/wp\/v2\/posts\/687040","targetHints":{"allow":["GET"]}}],"collection":[{"href":"https:\/\/www.diarioimagen.net\/index.php?rest_route=\/wp\/v2\/posts"}],"about":[{"href":"https:\/\/www.diarioimagen.net\/index.php?rest_route=\/wp\/v2\/types\/post"}],"author":[{"embeddable":true,"href":"https:\/\/www.diarioimagen.net\/index.php?rest_route=\/wp\/v2\/users\/14"}],"replies":[{"embeddable":true,"href":"https:\/\/www.diarioimagen.net\/index.php?rest_route=%2Fwp%2Fv2%2Fcomments&post=687040"}],"version-history":[{"count":1,"href":"https:\/\/www.diarioimagen.net\/index.php?rest_route=\/wp\/v2\/posts\/687040\/revisions"}],"predecessor-version":[{"id":687042,"href":"https:\/\/www.diarioimagen.net\/index.php?rest_route=\/wp\/v2\/posts\/687040\/revisions\/687042"}],"wp:featuredmedia":[{"embeddable":true,"href":"https:\/\/www.diarioimagen.net\/index.php?rest_route=\/wp\/v2\/media\/687041"}],"wp:attachment":[{"href":"https:\/\/www.diarioimagen.net\/index.php?rest_route=%2Fwp%2Fv2%2Fmedia&parent=687040"}],"wp:term":[{"taxonomy":"category","embeddable":true,"href":"https:\/\/www.diarioimagen.net\/index.php?rest_route=%2Fwp%2Fv2%2Fcategories&post=687040"},{"taxonomy":"post_tag","embeddable":true,"href":"https:\/\/www.diarioimagen.net\/index.php?rest_route=%2Fwp%2Fv2%2Ftags&post=687040"}],"curies":[{"name":"wp","href":"https:\/\/api.w.org\/{rel}","templated":true}]}}