{"id":687140,"date":"2025-10-05T20:41:08","date_gmt":"2025-10-06T02:41:08","guid":{"rendered":"https:\/\/www.diarioimagen.net\/?p=687140"},"modified":"2025-10-05T20:41:08","modified_gmt":"2025-10-06T02:41:08","slug":"reformas-a-la-ley-de-amparo-un-retroceso-para-el-pais-afirma-enrique-vargas-del-villar","status":"publish","type":"post","link":"https:\/\/www.diarioimagen.net\/?p=687140","title":{"rendered":"Reformas a la Ley de Amparo, un retroceso  para el pa\u00eds, afirma Enrique Vargas del Villar"},"content":{"rendered":"<ul>\n<li><strong>\u201cLimitada, la defensa de los mexicanos\u201d<\/strong><\/li>\n<\/ul>\n<div id=\"attachment_687141\" style=\"width: 221px\" class=\"wp-caption alignnone\"><img loading=\"lazy\" decoding=\"async\" aria-describedby=\"caption-attachment-687141\" class=\"wp-image-687141 size-large\" src=\"https:\/\/www.diarioimagen.net\/wp-content\/uploads\/2025\/10\/BAENA-1-ok-2-211x270.jpg\" alt=\"\" width=\"211\" height=\"270\" srcset=\"https:\/\/www.diarioimagen.net\/wp-content\/uploads\/2025\/10\/BAENA-1-ok-2-211x270.jpg 211w, https:\/\/www.diarioimagen.net\/wp-content\/uploads\/2025\/10\/BAENA-1-ok-2-187x240.jpg 187w, https:\/\/www.diarioimagen.net\/wp-content\/uploads\/2025\/10\/BAENA-1-ok-2-768x984.jpg 768w, https:\/\/www.diarioimagen.net\/wp-content\/uploads\/2025\/10\/BAENA-1-ok-2-1198x1536.jpg 1198w, https:\/\/www.diarioimagen.net\/wp-content\/uploads\/2025\/10\/BAENA-1-ok-2-1598x2048.jpg 1598w, https:\/\/www.diarioimagen.net\/wp-content\/uploads\/2025\/10\/BAENA-1-ok-2-scaled.jpg 1997w\" sizes=\"auto, (max-width: 211px) 100vw, 211px\" \/><p id=\"caption-attachment-687141\" class=\"wp-caption-text\">El senador panista Enrique Vargas del Villar afirma que las reformas a la Ley de Amparo representan un retroceso a la pol\u00edtica de justicia que<\/p><\/div>\n<p>&nbsp;<\/p>\n<p>Valle de M\u00e9xico.- Al igual que, como lo hizo el resto del Grupo Parlamentario del Partido Acci\u00f3n Nacional (PAN), el vicecoordinador de la bancada, Enrique Vargas del Villar, vot\u00f3 en contra de las reformas a la Ley de Amparo, al considerar que \u00e9stas representan un retroceso a la pol\u00edtica de justicia que debe haber en el pa\u00eds, para evitar abusos y desempoderar a la ciudadan\u00eda<\/p>\n<p>&nbsp;<\/p>\n<p>\u00abEstas reformas representan un retroceso m\u00e1s en nuestro pa\u00eds, en donde la defensa de las y los mexicanos pr\u00e1cticamente ha quedado limitada\u00bb, afirm\u00f3<\/p>\n<p>&nbsp;<\/p>\n<p>El senador por el Estado de M\u00e9xico, indic\u00f3 que, con la aprobaci\u00f3n de estas reformas, por mayor\u00eda de votos, el partido Morena ataca las libertades que los mexicanos han ganado durante d\u00e9cadas, toda vez que, entre otros enfoques, se les limita el derecho al cumplimiento de las sentencias dictadas por un juez, al considerarse retroactiva.<\/p>\n<p>&nbsp;<\/p>\n<p>\u00abHoy, con la Ley de Amparo, lo que quieren es blindar al Ejecutivo y dejar indefenso al pueblo de M\u00e9xico. Sin embargo, desde Acci\u00f3n Nacional vamos a seguir defendiendo a tu familia, a sus libertades y a tus derechos humanos. En el PAN, siempre vamos a estar del lado de la justicia y de tu familia\u00bb, sostuvo.<\/p>\n<p>&nbsp;<\/p>\n<p>Pese a los resultados de la votaci\u00f3n, que atenta tambi\u00e9n contra las pr\u00f3ximas generaciones, Enrique Vargas indic\u00f3 que los panistas continuar\u00e1n defendiendo al pa\u00eds y a las familias mexicanas, por lo que continuar\u00e1n alzando la voz de las iniciativas autoritarias que intenta imponer el partido en el poder para defenderse y para someter a los bloques de oposici\u00f3n.<\/p>\n<p>&nbsp;<\/p>\n<p>&nbsp;<\/p>\n","protected":false},"excerpt":{"rendered":"<p>\u201cLimitada, la defensa de los mexicanos\u201d &nbsp; Valle de M\u00e9xico.- Al igual que, como lo hizo el resto del Grupo Parlamentario del Partido Acci\u00f3n Nacional (PAN), el vicecoordinador de la bancada, Enrique Vargas del Villar, vot\u00f3 en contra de las reformas a la Ley de Amparo, al considerar que \u00e9stas representan un retroceso a la [&hellip;]<\/p>\n","protected":false},"author":14,"featured_media":687141,"comment_status":"open","ping_status":"open","sticky":false,"template":"","format":"standard","meta":{"_monsterinsights_skip_tracking":false,"_monsterinsights_sitenote_active":false,"_monsterinsights_sitenote_note":"","_monsterinsights_sitenote_category":0,"footnotes":""},"categories":[5],"tags":[],"class_list":["post-687140","post","type-post","status-publish","format-standard","has-post-thumbnail","hentry","category-estado-de-mexico"],"_links":{"self":[{"href":"https:\/\/www.diarioimagen.net\/index.php?rest_route=\/wp\/v2\/posts\/687140","targetHints":{"allow":["GET"]}}],"collection":[{"href":"https:\/\/www.diarioimagen.net\/index.php?rest_route=\/wp\/v2\/posts"}],"about":[{"href":"https:\/\/www.diarioimagen.net\/index.php?rest_route=\/wp\/v2\/types\/post"}],"author":[{"embeddable":true,"href":"https:\/\/www.diarioimagen.net\/index.php?rest_route=\/wp\/v2\/users\/14"}],"replies":[{"embeddable":true,"href":"https:\/\/www.diarioimagen.net\/index.php?rest_route=%2Fwp%2Fv2%2Fcomments&post=687140"}],"version-history":[{"count":1,"href":"https:\/\/www.diarioimagen.net\/index.php?rest_route=\/wp\/v2\/posts\/687140\/revisions"}],"predecessor-version":[{"id":687142,"href":"https:\/\/www.diarioimagen.net\/index.php?rest_route=\/wp\/v2\/posts\/687140\/revisions\/687142"}],"wp:featuredmedia":[{"embeddable":true,"href":"https:\/\/www.diarioimagen.net\/index.php?rest_route=\/wp\/v2\/media\/687141"}],"wp:attachment":[{"href":"https:\/\/www.diarioimagen.net\/index.php?rest_route=%2Fwp%2Fv2%2Fmedia&parent=687140"}],"wp:term":[{"taxonomy":"category","embeddable":true,"href":"https:\/\/www.diarioimagen.net\/index.php?rest_route=%2Fwp%2Fv2%2Fcategories&post=687140"},{"taxonomy":"post_tag","embeddable":true,"href":"https:\/\/www.diarioimagen.net\/index.php?rest_route=%2Fwp%2Fv2%2Ftags&post=687140"}],"curies":[{"name":"wp","href":"https:\/\/api.w.org\/{rel}","templated":true}]}}