{"id":687143,"date":"2025-10-05T20:43:11","date_gmt":"2025-10-06T02:43:11","guid":{"rendered":"https:\/\/www.diarioimagen.net\/?p=687143"},"modified":"2025-10-05T20:43:11","modified_gmt":"2025-10-06T02:43:11","slug":"ecatepec-y-tlalnepantla-suman-esfuerzos-para-mejorar-movilidad","status":"publish","type":"post","link":"https:\/\/www.diarioimagen.net\/?p=687143","title":{"rendered":"\u00a0  Ecatepec y Tlalnepantla suman  esfuerzos para mejorar movilidad"},"content":{"rendered":"<ul>\n<li><strong>Rehabilitaci\u00f3n de la Avenida Ejido<\/strong><\/li>\n<\/ul>\n<div id=\"attachment_687144\" style=\"width: 409px\" class=\"wp-caption alignnone\"><img loading=\"lazy\" decoding=\"async\" aria-describedby=\"caption-attachment-687144\" class=\"wp-image-687144 size-large\" src=\"https:\/\/www.diarioimagen.net\/wp-content\/uploads\/2025\/10\/BAENA-2-ok-1-399x270.jpg\" alt=\"\" width=\"399\" height=\"270\" srcset=\"https:\/\/www.diarioimagen.net\/wp-content\/uploads\/2025\/10\/BAENA-2-ok-1-399x270.jpg 399w, https:\/\/www.diarioimagen.net\/wp-content\/uploads\/2025\/10\/BAENA-2-ok-1-240x162.jpg 240w, https:\/\/www.diarioimagen.net\/wp-content\/uploads\/2025\/10\/BAENA-2-ok-1-768x519.jpg 768w, https:\/\/www.diarioimagen.net\/wp-content\/uploads\/2025\/10\/BAENA-2-ok-1.jpg 1500w\" sizes=\"auto, (max-width: 399px) 100vw, 399px\" \/><p id=\"caption-attachment-687144\" class=\"wp-caption-text\">La presidenta municipal Azucena Cisneros Coss y el alcalde de Tlalnepantla, Raciel P\u00e9rez Cruz, cortaron el list\u00f3n inaugural de la repavimentaci\u00f3n con concreto hidr\u00e1ulico de la Avenida Ejido.<\/p><\/div>\n<p>Ecatepec, M\u00e9x.- Con m\u00fasica de banda y cohetes, la presidenta municipal Azucena Cisneros Coss, acompa\u00f1ada por Raciel P\u00e9rez Cruz, alcalde de Tlalnepantla, cortaron el list\u00f3n inaugural de la repavimentaci\u00f3n con concreto hidr\u00e1ulico de la Avenida Ejido, que se localiza en la colonia Arbolitos Xalostoc y que tuvo una inversi\u00f3n de 7.6 millones de pesos.<\/p>\n<p>&nbsp;<\/p>\n<p>En la obra, que se localiza en la zona lim\u00edtrofe de lso 2 municipios, se construyeron guarniciones y banquetas, a la vez que se colocaron 21 luminarias, lo que beneficiar\u00e1 a m\u00e1s de 10 mil habitantes.<\/p>\n<p>&nbsp;<\/p>\n<p>En el lugar, la alcaldesa Azucena Cisneros afirm\u00f3 que la repavimentaci\u00f3n de la Avenida Ejido tiene un impacto regional y destac\u00f3 que existe una relaci\u00f3n sumamente cercana entre los alcaldes de Ecatepec y Tlalnepantla, quienes trabajan juntos para impactar en las zonas donde comparten l\u00edmites territoriales.<\/p>\n<p>&nbsp;<\/p>\n<p>Manifest\u00f3 que la Avenida Ejido forma parte de muchas obras y acciones que a nueve meses de iniciado el Gobierno Municipal se est\u00e1n realizando y puso como ejemplo la pavimentaci\u00f3n de la avenida Altavilla, que ya fue inaugurada, adem\u00e1s de que actualmente se est\u00e1n repavimentando la Avenida Insurgentes y la Avenida Nacional.<\/p>\n<p>&nbsp;<\/p>\n<p>Por su parte, el presidente municipal de Tlalnepantla, Raciel P\u00e9rez, record\u00f3 que el \u00faltimo d\u00eda de campa\u00f1a estuvo junto con Azucena Cisneros en ese lugar y se comprometieron a repavimentar la Avenida Ejido, porque \u201cya era intransitable y que necesitaba ya una rehabilitaci\u00f3n integral. Algunos lo dudaron como siempre y entendemos la cr\u00edtica (\u2026) pero ya estamos aqu\u00ed, hoy por fin\u201d.<\/p>\n<p>&nbsp;<\/p>\n","protected":false},"excerpt":{"rendered":"<p>Rehabilitaci\u00f3n de la Avenida Ejido Ecatepec, M\u00e9x.- Con m\u00fasica de banda y cohetes, la presidenta municipal Azucena Cisneros Coss, acompa\u00f1ada por Raciel P\u00e9rez Cruz, alcalde de Tlalnepantla, cortaron el list\u00f3n inaugural de la repavimentaci\u00f3n con concreto hidr\u00e1ulico de la Avenida Ejido, que se localiza en la colonia Arbolitos Xalostoc y que tuvo una inversi\u00f3n de [&hellip;]<\/p>\n","protected":false},"author":14,"featured_media":687144,"comment_status":"open","ping_status":"open","sticky":false,"template":"","format":"standard","meta":{"_monsterinsights_skip_tracking":false,"_monsterinsights_sitenote_active":false,"_monsterinsights_sitenote_note":"","_monsterinsights_sitenote_category":0,"footnotes":""},"categories":[5],"tags":[],"class_list":["post-687143","post","type-post","status-publish","format-standard","has-post-thumbnail","hentry","category-estado-de-mexico"],"_links":{"self":[{"href":"https:\/\/www.diarioimagen.net\/index.php?rest_route=\/wp\/v2\/posts\/687143","targetHints":{"allow":["GET"]}}],"collection":[{"href":"https:\/\/www.diarioimagen.net\/index.php?rest_route=\/wp\/v2\/posts"}],"about":[{"href":"https:\/\/www.diarioimagen.net\/index.php?rest_route=\/wp\/v2\/types\/post"}],"author":[{"embeddable":true,"href":"https:\/\/www.diarioimagen.net\/index.php?rest_route=\/wp\/v2\/users\/14"}],"replies":[{"embeddable":true,"href":"https:\/\/www.diarioimagen.net\/index.php?rest_route=%2Fwp%2Fv2%2Fcomments&post=687143"}],"version-history":[{"count":1,"href":"https:\/\/www.diarioimagen.net\/index.php?rest_route=\/wp\/v2\/posts\/687143\/revisions"}],"predecessor-version":[{"id":687145,"href":"https:\/\/www.diarioimagen.net\/index.php?rest_route=\/wp\/v2\/posts\/687143\/revisions\/687145"}],"wp:featuredmedia":[{"embeddable":true,"href":"https:\/\/www.diarioimagen.net\/index.php?rest_route=\/wp\/v2\/media\/687144"}],"wp:attachment":[{"href":"https:\/\/www.diarioimagen.net\/index.php?rest_route=%2Fwp%2Fv2%2Fmedia&parent=687143"}],"wp:term":[{"taxonomy":"category","embeddable":true,"href":"https:\/\/www.diarioimagen.net\/index.php?rest_route=%2Fwp%2Fv2%2Fcategories&post=687143"},{"taxonomy":"post_tag","embeddable":true,"href":"https:\/\/www.diarioimagen.net\/index.php?rest_route=%2Fwp%2Fv2%2Ftags&post=687143"}],"curies":[{"name":"wp","href":"https:\/\/api.w.org\/{rel}","templated":true}]}}