{"id":687146,"date":"2025-10-05T20:47:17","date_gmt":"2025-10-06T02:47:17","guid":{"rendered":"https:\/\/www.diarioimagen.net\/?p=687146"},"modified":"2025-10-05T20:47:17","modified_gmt":"2025-10-06T02:47:17","slug":"el-sindicato-de-maestros-al-servicio-del-estado-de-mexico-cumple-73-anos","status":"publish","type":"post","link":"https:\/\/www.diarioimagen.net\/?p=687146","title":{"rendered":"El Sindicato de Maestros al Servicio  del Estado de M\u00e9xico cumple 73 a\u00f1os"},"content":{"rendered":"<ul>\n<li><strong>Destaca transformaci\u00f3n del gremio<\/strong><\/li>\n<\/ul>\n<div id=\"attachment_687147\" style=\"width: 364px\" class=\"wp-caption alignnone\"><img loading=\"lazy\" decoding=\"async\" aria-describedby=\"caption-attachment-687147\" class=\"wp-image-687147 size-large\" src=\"https:\/\/www.diarioimagen.net\/wp-content\/uploads\/2025\/10\/BAENA-3-ok-2-354x270.jpg\" alt=\"\" width=\"354\" height=\"270\" srcset=\"https:\/\/www.diarioimagen.net\/wp-content\/uploads\/2025\/10\/BAENA-3-ok-2-354x270.jpg 354w, https:\/\/www.diarioimagen.net\/wp-content\/uploads\/2025\/10\/BAENA-3-ok-2-240x183.jpg 240w, https:\/\/www.diarioimagen.net\/wp-content\/uploads\/2025\/10\/BAENA-3-ok-2-768x586.jpg 768w, https:\/\/www.diarioimagen.net\/wp-content\/uploads\/2025\/10\/BAENA-3-ok-2-1536x1172.jpg 1536w, https:\/\/www.diarioimagen.net\/wp-content\/uploads\/2025\/10\/BAENA-3-ok-2-2048x1562.jpg 2048w\" sizes=\"auto, (max-width: 354px) 100vw, 354px\" \/><p id=\"caption-attachment-687147\" class=\"wp-caption-text\">El l\u00edder Jenaro Mart\u00ednez Reyes encabez\u00f3 la ceremonia con motivo del 73 aniversario del Sindicato de Maestros al Servicio del Estado de M\u00e9xico.<\/p><\/div>\n<p>&nbsp;<\/p>\n<p>Toluca, M\u00e9x.- El Sindicato de Maestros al Servicio del Estado de M\u00e9xico (SMSEM) conmemor\u00f3 73 a\u00f1os de vida, en una ceremonia presidida por su secretario general, Jenaro Mart\u00ednez Reyes, en el emblem\u00e1tico Auditorio \u201cForjadores de la Unidad Sindical\u201d, ubicado en las oficinas centrales de la ciudad de Toluca.<\/p>\n<p>&nbsp;<\/p>\n<p>Acompa\u00f1ado por Miguel \u00c1ngel Hern\u00e1ndez Espejel, secretario de Educaci\u00f3n, Ciencia, Tecnolog\u00eda e Innovaci\u00f3n, en representaci\u00f3n de la gobernadora Delfina G\u00f3mez \u00c1lvarez, el l\u00edder magisterial afirm\u00f3 que \u201cel sindicalismo surgi\u00f3 como respuesta a las necesidades que enfrentaban los maestros mexiquenses\u201d.<\/p>\n<p>&nbsp;<\/p>\n<p>Reconoci\u00f3 el esfuerzo y compromiso de quienes lo antecedieron en la encomienda y subray\u00f3 que desde 1952, hasta a la fecha, el SMSEM contin\u00faa cumpliendo su misi\u00f3n de trabajar \u201cpor la educaci\u00f3n al servicio del pueblo\u201d.<\/p>\n<p>&nbsp;<\/p>\n<p>Durante su intervenci\u00f3n, mencion\u00f3 que para el Comit\u00e9 Ejecutivo Estatal 2024-2027 esta celebraci\u00f3n \u00abes una oportunidad para conocer nuestra historia, esta fecha nos ha reunido para no olvidar que debemos continuar la lucha y atender las necesidades de nuestros hermanos de vocaci\u00f3n\u201d.<\/p>\n<p>&nbsp;<\/p>\n<p>\u201cCreemos en que juntos podemos construir puentes de justicia, dar un trato humano, porque detr\u00e1s de un comprobante de pago hay diferentes narrativas y unidos llegaremos m\u00e1s lejos en la transformaci\u00f3n del gremio\u201d, dijo.<\/p>\n<p>&nbsp;<\/p>\n<p>En el marco de la conmemoraci\u00f3n, el l\u00edder magisterial y el titular de la SECTI entregaron el reconocimiento \u201cJoven Promesa Sindical\u201d a B\u00e1rbara Rub\u00ed Ortega Ortega y Hugo Jos\u00e9 Guzm\u00e1n Hern\u00e1ndez, cuyas trayectorias manifiestan que las nuevas generaciones de educadores edifican un sindicalismo vivo y cercano.<\/p>\n<p>&nbsp;<\/p>\n<p>&nbsp;<\/p>\n","protected":false},"excerpt":{"rendered":"<p>Destaca transformaci\u00f3n del gremio &nbsp; Toluca, M\u00e9x.- El Sindicato de Maestros al Servicio del Estado de M\u00e9xico (SMSEM) conmemor\u00f3 73 a\u00f1os de vida, en una ceremonia presidida por su secretario general, Jenaro Mart\u00ednez Reyes, en el emblem\u00e1tico Auditorio \u201cForjadores de la Unidad Sindical\u201d, ubicado en las oficinas centrales de la ciudad de Toluca. &nbsp; Acompa\u00f1ado [&hellip;]<\/p>\n","protected":false},"author":14,"featured_media":687147,"comment_status":"open","ping_status":"open","sticky":false,"template":"","format":"standard","meta":{"_monsterinsights_skip_tracking":false,"_monsterinsights_sitenote_active":false,"_monsterinsights_sitenote_note":"","_monsterinsights_sitenote_category":0,"footnotes":""},"categories":[5],"tags":[],"class_list":["post-687146","post","type-post","status-publish","format-standard","has-post-thumbnail","hentry","category-estado-de-mexico"],"_links":{"self":[{"href":"https:\/\/www.diarioimagen.net\/index.php?rest_route=\/wp\/v2\/posts\/687146","targetHints":{"allow":["GET"]}}],"collection":[{"href":"https:\/\/www.diarioimagen.net\/index.php?rest_route=\/wp\/v2\/posts"}],"about":[{"href":"https:\/\/www.diarioimagen.net\/index.php?rest_route=\/wp\/v2\/types\/post"}],"author":[{"embeddable":true,"href":"https:\/\/www.diarioimagen.net\/index.php?rest_route=\/wp\/v2\/users\/14"}],"replies":[{"embeddable":true,"href":"https:\/\/www.diarioimagen.net\/index.php?rest_route=%2Fwp%2Fv2%2Fcomments&post=687146"}],"version-history":[{"count":1,"href":"https:\/\/www.diarioimagen.net\/index.php?rest_route=\/wp\/v2\/posts\/687146\/revisions"}],"predecessor-version":[{"id":687148,"href":"https:\/\/www.diarioimagen.net\/index.php?rest_route=\/wp\/v2\/posts\/687146\/revisions\/687148"}],"wp:featuredmedia":[{"embeddable":true,"href":"https:\/\/www.diarioimagen.net\/index.php?rest_route=\/wp\/v2\/media\/687147"}],"wp:attachment":[{"href":"https:\/\/www.diarioimagen.net\/index.php?rest_route=%2Fwp%2Fv2%2Fmedia&parent=687146"}],"wp:term":[{"taxonomy":"category","embeddable":true,"href":"https:\/\/www.diarioimagen.net\/index.php?rest_route=%2Fwp%2Fv2%2Fcategories&post=687146"},{"taxonomy":"post_tag","embeddable":true,"href":"https:\/\/www.diarioimagen.net\/index.php?rest_route=%2Fwp%2Fv2%2Ftags&post=687146"}],"curies":[{"name":"wp","href":"https:\/\/api.w.org\/{rel}","templated":true}]}}